{"id":28823,"date":"2025-05-25T21:48:54","date_gmt":"2025-05-26T01:48:54","guid":{"rendered":"https:\/\/noticiasveraces.com\/?p=28823"},"modified":"2025-05-25T21:48:54","modified_gmt":"2025-05-26T01:48:54","slug":"ee-uu-y-la-ue-acuerdan-prorrogar-pausa-por-aranceles-dw-26-05-2025","status":"publish","type":"post","link":"https:\/\/noticiasveraces.com\/?p=28823","title":{"rendered":"EE.UU. y la UE acuerdan prorrogar pausa por aranceles \u2013 DW \u2013 26\/05\/2025"},"content":{"rendered":"<p> \n<\/p>\n<div>\n<p>La presidenta de la Comisi\u00f3n Europea, Ursula Von der Leyen, y el presidente de Estados Unidos, Donald Trump, anunciaron este domingo (25.05.2025) una pr\u00f3rroga hasta el 9 de julio en la pausa de aplicaci\u00f3n de aranceles a la Uni\u00f3n Europea, mientras siguen las negociaciones comerciales.<\/p>\n<p>En medio de su guerra comercial, Estados Unidos hab\u00eda contempladoimponer tarifas aduaneras de 50% a los productos europeos.<\/p>\n<p>Pero ahora Trump se\u00f1al\u00f3 que tuvo una \u00abmuy agradable conversaci\u00f3n\u00bb con Von der Leyen y refiri\u00f3 que atender\u00e1 su solicitud de extender el plazo original del 1 de junio, en declaraciones a la prensa antes de abordar el Air Force One.<\/p>\n<p>El mandatario se mostr\u00f3 confiado en que los negociadores \u00abse reunir\u00e1n pronto para ver si podemos solucionarlo\u00bb.<\/p>\n<p>\u00abMe pregunt\u00f3 (Von der Leyen) si pod\u00edamos trasladarla (la fecha l\u00edmite para el acuerdo) del 1 de junio al 9 de julio. Acept\u00e9 y, seg\u00fan ella, mantendremos reuniones con rapidez para ver si podemos llegar a una soluci\u00f3n\u00bb, explic\u00f3 Trump.<\/p>\n<p>Poco antes, la presidenta de la Comisi\u00f3n hab\u00eda informado sobre la extensi\u00f3n de la pausa.<\/p>\n<blockquote class=\"tweet embed\" data-id=\"1926729529436913794\"\/>\n<p>\u00abEuropa est\u00e1 dispuesta a que avancen las negociaciones de manera r\u00e1pida y decisiva. Para llegar a un buen acuerdo, necesitaremos tiempo hasta el 9 de julio\u00bb, declar\u00f3 en la red social X.<\/p>\n<p>\u00abLa UE y Estados Unidos tienen las relaciones comerciales m\u00e1s importantes y estrechas en el mundo\u00bb, a\u00f1adi\u00f3.<\/p>\n<p>Donald Trump afirm\u00f3 el viernes que no \u00abbuscaba acuerdo\u00bb comercial con la Uni\u00f3n Europea y amenaz\u00f3 con imponer derechos aduanales de 50% sobre las importaciones provenientes de ah\u00ed desde el 1 de junio.<\/p>\n<p>La Comisi\u00f3n Europea, que negocia los acuerdos comerciales a nombre de la UE, reaccion\u00f3 de inmediato reclamando respeto de parte de Estados Unidos.<\/p>\n<p>\u00abLa UE est\u00e1 plenamente comprometida y determinada a obtener un acuerdo que funcione para ambas partes\u00bb, declar\u00f3 el comisario de Comercio Maros Sefcovic en X, tras discusiones con el representante estadounidense de Comercio Jamieson Greer y el secretario de Comercio, Howard Lutnick.<\/p>\n<p>El comercio entre la UE y Estados Unidos \u00abdebe ser guiado por el respeto mutuo, no por amenazas. Nosotros estamos dispuestos a defender nuestros intereses\u00bb, agreg\u00f3.<\/p>\n<p>JC (AFP, EFE, DPA, AP, Reuters)     <\/p>\n<\/p>\n<\/div>\n\n","protected":false},"excerpt":{"rendered":"<p>La presidenta de la Comisi\u00f3n Europea, Ursula Von der Leyen, y el presidente de Estados Unidos, Donald Trump, anunciaron este domingo (25.05.2025) una pr\u00f3rroga hasta el 9 de julio en la pausa de aplicaci\u00f3n de aranceles a la Uni\u00f3n Europea, mientras siguen las negociaciones comerciales. En medio de su guerra comercial, Estados Unidos hab\u00eda contempladoimponer &hellip;<\/p>\n","protected":false},"author":1,"featured_media":28824,"comment_status":"open","ping_status":"open","sticky":false,"template":"","format":"standard","meta":{"fifu_image_url":"https:\/\/static.dw.com\/image\/37391051_6.jpg","fifu_image_alt":"","footnotes":""},"categories":[13],"tags":[],"class_list":["post-28823","post","type-post","status-publish","format-standard","has-post-thumbnail","","category-mundo"],"_links":{"self":[{"href":"https:\/\/noticiasveraces.com\/index.php?rest_route=\/wp\/v2\/posts\/28823","targetHints":{"allow":["GET"]}}],"collection":[{"href":"https:\/\/noticiasveraces.com\/index.php?rest_route=\/wp\/v2\/posts"}],"about":[{"href":"https:\/\/noticiasveraces.com\/index.php?rest_route=\/wp\/v2\/types\/post"}],"author":[{"embeddable":true,"href":"https:\/\/noticiasveraces.com\/index.php?rest_route=\/wp\/v2\/users\/1"}],"replies":[{"embeddable":true,"href":"https:\/\/noticiasveraces.com\/index.php?rest_route=%2Fwp%2Fv2%2Fcomments&post=28823"}],"version-history":[{"count":0,"href":"https:\/\/noticiasveraces.com\/index.php?rest_route=\/wp\/v2\/posts\/28823\/revisions"}],"wp:featuredmedia":[{"embeddable":true,"href":"https:\/\/noticiasveraces.com\/index.php?rest_route=\/wp\/v2\/media\/28824"}],"wp:attachment":[{"href":"https:\/\/noticiasveraces.com\/index.php?rest_route=%2Fwp%2Fv2%2Fmedia&parent=28823"}],"wp:term":[{"taxonomy":"category","embeddable":true,"href":"https:\/\/noticiasveraces.com\/index.php?rest_route=%2Fwp%2Fv2%2Fcategories&post=28823"},{"taxonomy":"post_tag","embeddable":true,"href":"https:\/\/noticiasveraces.com\/index.php?rest_route=%2Fwp%2Fv2%2Ftags&post=28823"}],"curies":[{"name":"wp","href":"https:\/\/api.w.org\/{rel}","templated":true}]}}