{"id":28813,"date":"2025-05-25T18:44:25","date_gmt":"2025-05-25T22:44:25","guid":{"rendered":"https:\/\/noticiasveraces.com\/?p=28813"},"modified":"2025-05-25T18:44:25","modified_gmt":"2025-05-25T22:44:25","slug":"roland-garros-se-despide-de-rafa-nadal-con-un-homenaje-dw-25-05-2025","status":"publish","type":"post","link":"https:\/\/noticiasveraces.com\/?p=28813","title":{"rendered":"Roland Garros se despide de Rafa Nadal con un homenaje \u2013 DW \u2013 25\/05\/2025"},"content":{"rendered":"<p> \n<\/p>\n<div>\n<p>El tenista espa\u00f1ol Rafael Nadal asegur\u00f3 que el homenaje que recibi\u00f3 este domingo (25.05.2025) en Roland Garros supuso \u00abel momento m\u00e1s emocionante\u00bb de su carrera. \u00abNo me gusta ser el centro de atenci\u00f3n, he sufrido un poco por eso, pero lo he disfrutado mucho\u00bb, asegur\u00f3.<\/p>\n<p>Durante el acto, Nadal agradeci\u00f3, entre l\u00e1grimas, al p\u00fablico el homenaje. \u00abAqu\u00ed he disfrutado, sufrido, ganado, perdido\u00bb, destac\u00f3 Nadal en el comienzo de su discurso, parte en ingl\u00e9s, parte en franc\u00e9s y parte en espa\u00f1ol, en la pista central de Roland Garros. El extenista ley\u00f3 un discurso desde la pista donde levant\u00f3 catorce veces el trofeo m\u00e1ximo, un r\u00e9cord que ning\u00fan otro jugador ha logrado en ninguno de los cuatro Grand Slam y que la organizaci\u00f3n celebr\u00f3 bautiz\u00e1ndolo como el rey Rafael XIV.<\/p>\n<blockquote class=\"tweet embed\" data-id=\"1926715606314766438\"\/>\n<p>\u00abQuiero mostraros mi infinita gratitud por haberme dado la oportunidad de poder decir adi\u00f3s en el lugar m\u00e1s importante de mi carrera\u00bb, asegur\u00f3 el espa\u00f1ol, que record\u00f3 que sus \u00faltimas participaciones, empa\u00f1adas por las lesiones, como en la edici\u00f3n del a\u00f1o pasado\u00a0en la que cay\u00f3 eliminado en primera ronda,\u00a0le hab\u00edan dejado\u00a0un mal sabor de boca.<\/p>\n<p>Nadal, que se retir\u00f3 a finales del a\u00f1o pasado,\u00a0se acord\u00f3 de sus rivales, sus entrenadores y su familia, para terminar con un \u00abgracias Francia, gracias Par\u00eds\u00bb que arranc\u00f3 la ovaci\u00f3n del p\u00fablico. \u00abMe hab\u00e9is dado emociones y momentos que nunca habr\u00eda imaginado, no pod\u00e9is saber hasta qu\u00e9 punto es emocionante sentirse querido en el lugar que m\u00e1s cuenta para ti\u00bb.<\/p>\n<p>\u00ab\u00a1Rafa, Rafa!\u00bb, core\u00f3 por \u00faltima vez la Philippe Chatrier con Roger Federer, Novak Djokovic y Andy Murray como inolvidables testigos que, al final, saltaron tambi\u00e9n a la pista.\u00a0\u00abSignifica mucho que est\u00e9is aqu\u00ed, me hab\u00e9is llevado al l\u00edmite para poder competir con vosotros\u00bb, les agradeci\u00f3 tambi\u00e9n Nadal.<\/p>\n<p>LGC (EFE, AFP)<\/p>\n<\/div>\n\n","protected":false},"excerpt":{"rendered":"<p>El tenista espa\u00f1ol Rafael Nadal asegur\u00f3 que el homenaje que recibi\u00f3 este domingo (25.05.2025) en Roland Garros supuso \u00abel momento m\u00e1s emocionante\u00bb de su carrera. \u00abNo me gusta ser el centro de atenci\u00f3n, he sufrido un poco por eso, pero lo he disfrutado mucho\u00bb, asegur\u00f3. Durante el acto, Nadal agradeci\u00f3, entre l\u00e1grimas, al p\u00fablico el &hellip;<\/p>\n","protected":false},"author":1,"featured_media":28814,"comment_status":"open","ping_status":"open","sticky":false,"template":"","format":"standard","meta":{"fifu_image_url":"https:\/\/static.dw.com\/image\/72665853_6.jpg","fifu_image_alt":"","footnotes":""},"categories":[13],"tags":[],"class_list":["post-28813","post","type-post","status-publish","format-standard","has-post-thumbnail","","category-mundo"],"_links":{"self":[{"href":"https:\/\/noticiasveraces.com\/index.php?rest_route=\/wp\/v2\/posts\/28813","targetHints":{"allow":["GET"]}}],"collection":[{"href":"https:\/\/noticiasveraces.com\/index.php?rest_route=\/wp\/v2\/posts"}],"about":[{"href":"https:\/\/noticiasveraces.com\/index.php?rest_route=\/wp\/v2\/types\/post"}],"author":[{"embeddable":true,"href":"https:\/\/noticiasveraces.com\/index.php?rest_route=\/wp\/v2\/users\/1"}],"replies":[{"embeddable":true,"href":"https:\/\/noticiasveraces.com\/index.php?rest_route=%2Fwp%2Fv2%2Fcomments&post=28813"}],"version-history":[{"count":0,"href":"https:\/\/noticiasveraces.com\/index.php?rest_route=\/wp\/v2\/posts\/28813\/revisions"}],"wp:featuredmedia":[{"embeddable":true,"href":"https:\/\/noticiasveraces.com\/index.php?rest_route=\/wp\/v2\/media\/28814"}],"wp:attachment":[{"href":"https:\/\/noticiasveraces.com\/index.php?rest_route=%2Fwp%2Fv2%2Fmedia&parent=28813"}],"wp:term":[{"taxonomy":"category","embeddable":true,"href":"https:\/\/noticiasveraces.com\/index.php?rest_route=%2Fwp%2Fv2%2Fcategories&post=28813"},{"taxonomy":"post_tag","embeddable":true,"href":"https:\/\/noticiasveraces.com\/index.php?rest_route=%2Fwp%2Fv2%2Ftags&post=28813"}],"curies":[{"name":"wp","href":"https:\/\/api.w.org\/{rel}","templated":true}]}}