{"id":28778,"date":"2025-05-25T14:33:06","date_gmt":"2025-05-25T18:33:06","guid":{"rendered":"https:\/\/noticiasveraces.com\/?p=28778"},"modified":"2025-05-25T14:33:06","modified_gmt":"2025-05-25T18:33:06","slug":"detenida-por-apunalamiento-en-hamburgo-reconoce-los-hechos-dw-25-05-2025","status":"publish","type":"post","link":"https:\/\/noticiasveraces.com\/?p=28778","title":{"rendered":"Detenida por apu\u00f1alamiento en Hamburgo reconoce los hechos \u2013 DW \u2013 25\/05\/2025"},"content":{"rendered":"<p> \n<\/p>\n<div>\n<p>La mujer de 39 a\u00f1os detenida por el apu\u00f1alamiento m\u00faltiple en el que 18 personas quedaron heridas el viernes en la estaci\u00f3n central de Hamburgo, en el norte de Alemania, ha reconocido los hechos. \u00abLa autora ha admitido los hechos\u00bb, dijo este domingo (25.05.2025) una portavoz de la Fiscal\u00eda General alemana en Hamburgo, despu\u00e9s de que la v\u00edspera la detenida, de nacionalidad alemana, pasara a disposici\u00f3n judicial. Est\u00e1 acusada de 15 delitos de intento de homicidio, adem\u00e1s de varios delitos de lesiones.<\/p>\n<p>En la prensa la autora ha sido identificada como Lidia S., y seg\u00fan adelant\u00f3 el diario &#8216;Bild&#8217;, en la v\u00edspera del ataque, hab\u00eda salido de una cl\u00ednica psiqui\u00e1trica. Por decisi\u00f3n judicial, seg\u00fan el &#8216;Bild&#8217;, la arrestada, que ya est\u00e1 investigada por otro incidente violento en el que atac\u00f3 a una menor en el aeropuerto de Hamburgo, se encuentra actualmente en una cl\u00ednica psiqui\u00e1trica, despu\u00e9s de que los jueces ordenaran su ingreso tras su detenci\u00f3n el viernes.<\/p>\n<h2>\u00abClaros signos de enfermendad mental\u00bb<\/h2>\n<p>La mujer\u00a0hab\u00eda estado tres semanas ingresada en una instituci\u00f3n psiqui\u00e1trica de la ciudad de Cuxhaven, en el norte de Alemania, tras ser encontrada en estado de indefensi\u00f3n a principios de mayo, seg\u00fan inform\u00f3 un portavoz del Ministerio de Salud del estado de Baja Sajonia. La sospechosa, originaria de esa regi\u00f3n del norte de Alemania, era conocida por la Polic\u00eda desde 2021, seg\u00fan declar\u00f3 un portavoz del Ministerio del Interior estatal. \u00abSe present\u00f3 en comisar\u00edas en varias ocasiones, mostrando claros signos de enfermedad mental\u00bb, declar\u00f3 el portavoz.<\/p>\n<p>Ya ayer s\u00e1bado la Polic\u00eda alemana indic\u00f3 que la sospechosa, que fue detenida \u00absin oponer resistencia\u00bb, presenta \u00abindicios muy concretos de enfermedad ps\u00edquica\u00bb y descart\u00f3 de nuevo m\u00f3viles pol\u00edticos. La mujer, sin domicilio fijo, fue presentada el s\u00e1bado ante un juez que decidi\u00f3 su internamiento en un hospital psiqui\u00e1trico, precis\u00f3 la polic\u00eda en su comunicado. \u00abNo hay indicios de que la sospechosa estuviera bajo efectos de sustancias psicotr\u00f3picas (alcohol o drogas) cuando ocurrieron los hechos\u00bb, seg\u00fan el comunicado de ayer.<\/p>\n<p>LGC (EFE, DPA, AFP)<\/p>\n<\/div>\n\n","protected":false},"excerpt":{"rendered":"<p>La mujer de 39 a\u00f1os detenida por el apu\u00f1alamiento m\u00faltiple en el que 18 personas quedaron heridas el viernes en la estaci\u00f3n central de Hamburgo, en el norte de Alemania, ha reconocido los hechos. \u00abLa autora ha admitido los hechos\u00bb, dijo este domingo (25.05.2025) una portavoz de la Fiscal\u00eda General alemana en Hamburgo, despu\u00e9s de &hellip;<\/p>\n","protected":false},"author":1,"featured_media":28779,"comment_status":"open","ping_status":"open","sticky":false,"template":"","format":"standard","meta":{"fifu_image_url":"https:\/\/static.dw.com\/image\/72656553_6.jpg","fifu_image_alt":"","footnotes":""},"categories":[13],"tags":[],"class_list":["post-28778","post","type-post","status-publish","format-standard","has-post-thumbnail","","category-mundo"],"_links":{"self":[{"href":"https:\/\/noticiasveraces.com\/index.php?rest_route=\/wp\/v2\/posts\/28778","targetHints":{"allow":["GET"]}}],"collection":[{"href":"https:\/\/noticiasveraces.com\/index.php?rest_route=\/wp\/v2\/posts"}],"about":[{"href":"https:\/\/noticiasveraces.com\/index.php?rest_route=\/wp\/v2\/types\/post"}],"author":[{"embeddable":true,"href":"https:\/\/noticiasveraces.com\/index.php?rest_route=\/wp\/v2\/users\/1"}],"replies":[{"embeddable":true,"href":"https:\/\/noticiasveraces.com\/index.php?rest_route=%2Fwp%2Fv2%2Fcomments&post=28778"}],"version-history":[{"count":0,"href":"https:\/\/noticiasveraces.com\/index.php?rest_route=\/wp\/v2\/posts\/28778\/revisions"}],"wp:featuredmedia":[{"embeddable":true,"href":"https:\/\/noticiasveraces.com\/index.php?rest_route=\/wp\/v2\/media\/28779"}],"wp:attachment":[{"href":"https:\/\/noticiasveraces.com\/index.php?rest_route=%2Fwp%2Fv2%2Fmedia&parent=28778"}],"wp:term":[{"taxonomy":"category","embeddable":true,"href":"https:\/\/noticiasveraces.com\/index.php?rest_route=%2Fwp%2Fv2%2Fcategories&post=28778"},{"taxonomy":"post_tag","embeddable":true,"href":"https:\/\/noticiasveraces.com\/index.php?rest_route=%2Fwp%2Fv2%2Ftags&post=28778"}],"curies":[{"name":"wp","href":"https:\/\/api.w.org\/{rel}","templated":true}]}}