{"id":28770,"date":"2025-05-25T12:31:30","date_gmt":"2025-05-25T16:31:30","guid":{"rendered":"https:\/\/noticiasveraces.com\/?p=28770"},"modified":"2025-05-25T12:31:30","modified_gmt":"2025-05-25T16:31:30","slug":"nuevo-apagon-afecto-al-sur-de-francia-dw-25-05-2025","status":"publish","type":"post","link":"https:\/\/noticiasveraces.com\/?p=28770","title":{"rendered":"Nuevo apag\u00f3n afect\u00f3 al sur de Francia \u2013 DW \u2013 25\/05\/2025"},"content":{"rendered":"<p> \n<\/p>\n<div>\n<p>La ciudad de Niza, en la Costa Azul, sur de Francia, sufri\u00f3 durante la madrugada un corte de electricidad provocado por un incendio intencional, informaron este domingo (25.05.2025) las autoridades, apenas un d\u00eda despu\u00e9s de que ocurriera algo similar en Cannes, a 32 km de distancia. Aproximadamente 45.000 hogares estuvieron sin electricidad al menos durante una hora.<\/p>\n<p>El alcalde de Niza, Christian Estrosi (centroderecha), acus\u00f3 \u00abactos maliciosos\u201d detr\u00e1s del corte de energ\u00eda el\u00e9ctrica. Estrosi destac\u00f3 que el servicio fue repuesto en poco tiempo. El fuego se declar\u00f3 durante la noche en un puesto el\u00e9ctrico situado en el barrio de Les Moulins, un barrio gangrenado por el tr\u00e1fico de estupefacientes en el oeste de Niza, indic\u00f3 la fiscal\u00eda.<\/p>\n<p>\u00abEl 25 de mayo de 2025, alrededor de las 2 de la madrugada, un transformador el\u00e9ctrico situado en la avenida Paul Montel de Niza fue atacado intencionadamente e incendiado\u00bb, dice un comunicado de la fiscal\u00eda. Estrosi, por su parte, precis\u00f3 que se trata de un \u00abpunto estrat\u00e9gico de suministro\u00bb. El 60 por ciento de los usuarios recuper\u00f3 la electricidad en menos de una hora. La normalidad total retorn\u00f3 alrededor de las 6 a.m.<\/p>\n<h2>Antes de ca\u00f1a<\/h2>\n<p>La polic\u00eda judicial de Niza lleva adelante indagatorias sobre \u00abun delito de destrucci\u00f3n por incendio cometido por una banda organizada\u201d. La fiscal\u00eda detall\u00f3 al medio galo <em>El parisino<\/em> que \u00abse est\u00e1n realizando investigaciones y ex\u00e1menes t\u00e9cnicos, en particular para esclarecer los da\u00f1os y la forma en que se cometi\u00f3 el hecho\u201d. En la escena, indic\u00f3 la polic\u00eda, se descubrieron huellas de neum\u00e1ticos.<\/p>\n<p>El s\u00e1bado, actos de vandalismo deliberados contra dos instalaciones el\u00e9ctricas en la misma regi\u00f3n provocaron un apag\u00f3n de varias horas, que afect\u00f3 a 160.000 hogares, especialmente en Cannes, en pleno festival de cine, que pudo continuar gracias a su sistema de suministro aut\u00f3nomo. La regi\u00f3n en torno a Cannes estuvo sin electricidad m\u00e1s de cinco horas, hasta que la empresa responsable finalmente pudo restablecer el servicio.<\/p>\n<p>Las autoridades no han establecido ning\u00fan v\u00ednculo entre los dos incidentes, que no han sido reivindicados.<\/p>\n<p>DZC (AFP, DPA, Le Parisien)<\/p>\n<\/div>\n\n","protected":false},"excerpt":{"rendered":"<p>La ciudad de Niza, en la Costa Azul, sur de Francia, sufri\u00f3 durante la madrugada un corte de electricidad provocado por un incendio intencional, informaron este domingo (25.05.2025) las autoridades, apenas un d\u00eda despu\u00e9s de que ocurriera algo similar en Cannes, a 32 km de distancia. Aproximadamente 45.000 hogares estuvieron sin electricidad al menos durante &hellip;<\/p>\n","protected":false},"author":1,"featured_media":28771,"comment_status":"open","ping_status":"open","sticky":false,"template":"","format":"standard","meta":{"fifu_image_url":"https:\/\/static.dw.com\/image\/72663490_6.jpg","fifu_image_alt":"","footnotes":""},"categories":[13],"tags":[],"class_list":["post-28770","post","type-post","status-publish","format-standard","has-post-thumbnail","","category-mundo"],"_links":{"self":[{"href":"https:\/\/noticiasveraces.com\/index.php?rest_route=\/wp\/v2\/posts\/28770","targetHints":{"allow":["GET"]}}],"collection":[{"href":"https:\/\/noticiasveraces.com\/index.php?rest_route=\/wp\/v2\/posts"}],"about":[{"href":"https:\/\/noticiasveraces.com\/index.php?rest_route=\/wp\/v2\/types\/post"}],"author":[{"embeddable":true,"href":"https:\/\/noticiasveraces.com\/index.php?rest_route=\/wp\/v2\/users\/1"}],"replies":[{"embeddable":true,"href":"https:\/\/noticiasveraces.com\/index.php?rest_route=%2Fwp%2Fv2%2Fcomments&post=28770"}],"version-history":[{"count":0,"href":"https:\/\/noticiasveraces.com\/index.php?rest_route=\/wp\/v2\/posts\/28770\/revisions"}],"wp:featuredmedia":[{"embeddable":true,"href":"https:\/\/noticiasveraces.com\/index.php?rest_route=\/wp\/v2\/media\/28771"}],"wp:attachment":[{"href":"https:\/\/noticiasveraces.com\/index.php?rest_route=%2Fwp%2Fv2%2Fmedia&parent=28770"}],"wp:term":[{"taxonomy":"category","embeddable":true,"href":"https:\/\/noticiasveraces.com\/index.php?rest_route=%2Fwp%2Fv2%2Fcategories&post=28770"},{"taxonomy":"post_tag","embeddable":true,"href":"https:\/\/noticiasveraces.com\/index.php?rest_route=%2Fwp%2Fv2%2Ftags&post=28770"}],"curies":[{"name":"wp","href":"https:\/\/api.w.org\/{rel}","templated":true}]}}