{"id":28763,"date":"2025-05-25T11:31:01","date_gmt":"2025-05-25T15:31:01","guid":{"rendered":"https:\/\/noticiasveraces.com\/?p=28763"},"modified":"2025-05-25T11:31:01","modified_gmt":"2025-05-25T15:31:01","slug":"las-sanciones-afectaran-a-civiles-no-a-los-militares-dw-25-05-2025","status":"publish","type":"post","link":"https:\/\/noticiasveraces.com\/?p=28763","title":{"rendered":"las sanciones afectar\u00e1n a civiles, no a los militares \u2013 DW \u2013 25\/05\/2025"},"content":{"rendered":"<p> \n<\/p>\n<div>\n<p>Estados Unidos impondr\u00e1 nuevas sanciones al l\u00edder de facto de Sud\u00e1n, el general Abdel-Fattah Burhan, quien lidera a las Fuerzas Armadas. Seg\u00fan un comunicado emitido el jueves 22 de mayo por el Departamento de Estado en Washington, las tropas regulares est\u00e1n en la mira por haber utilizado armas qu\u00edmicas en 2024 contra su rival, las Fuerzas de Apoyo R\u00e1pido (FAR).<\/p>\n<p>En enero, el peri\u00f3dico <em>The New York Times<\/em> inform\u00f3 de que el Ej\u00e9rcito sudan\u00e9s hab\u00eda atacado dos veces a milicianos de las FAR con gas cloro, que est\u00e1 prohibido seg\u00fan el derecho internacional. Sin embargo, ni el art\u00edculo ni el comunicado del Departamento de Estado ofrecieron detalles sobre d\u00f3nde, cu\u00e1ndo y c\u00f3mo se habr\u00edan utilizado las presuntas armas qu\u00edmicas.<\/p>\n<p>Las sanciones, que entrar\u00e1n en vigor el 6 de junio, incluyen restricciones a las exportaciones estadounidenses a Sud\u00e1n, adem\u00e1s del bloqueo al acceso a las l\u00edneas de cr\u00e9dito del gobierno estadounidense.<\/p>\n<h2>Poco comercio y una ayuda humanitaria suspendida<\/h2>\n<p>Seg\u00fan la Oficina del Representante Comercial, Estados Unidos export\u00f3 a Sud\u00e1n bienes por un valor de 56,6 millones de euros en 2024, un ligero aumento en comparaci\u00f3n con las cifras de 2023. En tanto, los datos oficiales indican que la Oficina de Asistencia Exterior otorg\u00f3 al pa\u00eds africano 790 millones de d\u00f3lares, de los cuales 750 millones se asignaron como ayuda humanitaria.<\/p>\n<p>Sin embargo, el gobierno estadounidense de Donald Trump ya recort\u00f3 el gasto en ayuda exterior a Sud\u00e1n (y otros pa\u00edses) a comienzos de este a\u00f1o, lo que limita el impacto de las nuevas sanciones. A su vez, dado que el conjunto de estas sanciones se centra en la econom\u00eda y la asistencia, seguramente agravar\u00e1 la situaci\u00f3n de los civiles, ya sumidos en una de las peores crisis humanitarias y de desplazados\u00a0del mundo.<\/p>\n<p>Seg\u00fan datos de Naciones Unidas, m\u00e1s de 13 millones de personas han sido desplazadas y gran parte de la poblaci\u00f3n est\u00e1 al borde de la hambruna. ONU Mujeres tambi\u00e9n advirti\u00f3 que mujeres y ni\u00f1as sudanesas constituyen la mayor parte de los desplazados\u00a0y, adem\u00e1s, sufren\u00a0violencia sexual.<\/p>\n<figure class=\"placeholder-image master_landscape big\"><img data-format=\"MASTER_LANDSCAPE\" data-id=\"72429391\" data-url=\"https:\/\/static.dw.com\/image\/72429391_${formatId}.jpg\" data-aspect-ratio=\"16\/9\" alt=\"El militar, ataviado con uniforme de camuflaje, sostiene un proyectil de un mortero junto a cajas de armas y municiones.\" style=\"padding-bottom: 56.25%; height: 0; max-height: 0;\"\/><figcaption class=\"img-caption\">Un soldado sudan\u00e9s revisa armas decomisadas a los paramilitares.<small class=\"copyright\">Imagen: AP\/dpa\/picture alliance<\/small><\/figcaption><\/figure>\n<p>Debido a que los combates siguen en curso, es imposible determinar la cifra exacta de muertos, pero se estima que han perdido la vida unas 150.000 personas.<\/p>\n<h2>\u00bfSirven para algo estas sanciones?<\/h2>\n<p>No es la primera vez que las partes en conflicto en Sud\u00e1n reciben este tipo de castigos, que no han logrado detener ni alterar el curso de la guerra. En enero, el gobierno saliente de Estados Unidos, presidido por el dem\u00f3crata Joe Biden, impuso sanciones generales a los beligerantes.<\/p>\n<p>Primero, las FAR, lideradas por el general Mohammed Dagalo, conocido popularmente como Hemedti, fue sancionado tras haber sido acusado de cometer genocidio y graves violaciones a los derechos humanos. Una semana m\u00e1s tarde, Washington impuso sanciones a las fuerzas armadas sudanesas, bajo el mando del general Abdel-Fattah Burhan, quien fue acusado de cometer cr\u00edmenes de guerra.<\/p>\n<p>\u00abNi siquiera la creciente atenci\u00f3n internacional a las campa\u00f1as genocidas de las FAR tuvo un efecto tangible\u00bb, dice a DW Hager Ali, investigador del <em>tope<\/em> alem\u00e1n GIGA. Por ello, el experto duda de que las nuevas sanciones sirvan para frenar el conflicto. \u00abDebemos asumir que ambas facciones ya se han adaptado a las sanciones\u00bb, sostiene.<\/p>\n<p><span data-slot-id=\"Article_InContent-1\" class=\"rich-text-ad\"\/><\/p>\n<h2>\u00bfRegreso al gobierno de transici\u00f3n?<\/h2>\n<p>Mientras, el pa\u00eds sigue corriendo el peligro de dividirse en dos estados. En marzo, las FAR firmaron una documento para establecer un \u00abgobierno de paz y unidad\u00bb en Darfur, y junto a sus aliados, incorporar a \u00e9l regiones del sur de Sud\u00e1n. Al mismo tiempo, las fuerzas armadas anunciaron su hoja de ruta para la paz para las zonas bajo su control en el centro, norte y este.<\/p>\n<p>Tambi\u00e9n en marzo, elEj\u00e9rcito sudan\u00e9s recuper\u00f3 la capital, Jartum, y dos meses m\u00e1s tarde el portavoz de las fuerzas regulares, Nabil Abdallah, declar\u00f3 que todo el estado donde se encuentra la capital estaba libre de rebeldes. Ese anuncio ocurri\u00f3 apenas 24 horas despu\u00e9s de que el general Burhan nombrara al diplom\u00e1tico Kamil al-Taib Idris como nuevo primer ministro. Su principal tarea ahora es formar el gobierno de transici\u00f3n.<\/p>\n<figure class=\"placeholder-image master_landscape big\"><img data-format=\"MASTER_LANDSCAPE\" data-id=\"72598404\" data-url=\"https:\/\/static.dw.com\/image\/72598404_${formatId}.jpg\" data-aspect-ratio=\"16\/9\" alt=\"Idris gesticula con las manos durante una rueda de prensa sobre propiedad intelectual en Ginebra en una imagen de 2007.\" style=\"padding-bottom: 56.25%; height: 0; max-height: 0;\"\/><figcaption class=\"img-caption\">El nuevo primer ministro de Sud\u00e1n, Kamil Idris.<small class=\"copyright\">Imagen: Gerhard Leber\/IMAGO<\/small><\/figcaption><\/figure>\n<p>\u00abDesde la llamada liberaci\u00f3n de Jartum hace dos meses, las fuerzas armadas han estado pensando en c\u00f3mo demostrar su capacidad para gobernar y consolidar el control sobre Sud\u00e1n central\u00bb, dice a DW Hamid Khalafallah, un analista pol\u00edtico sudan\u00e9s. \u00abLas fuerzas armadas quieren mantener esta fachada tecnocr\u00e1tica para ganar credibilidad y legitimidad ante la comunidad internacional. El nuevo primer ministro ser\u00e1 solo un t\u00edtere de los militares\u00bb, a\u00f1ade.<\/p>\n<p>Mientras tanto, la Liga \u00c1rabe -un grupo de 22 pa\u00edses- y la Uni\u00f3n Africana -un organismo continental de 55 estados- han acogido con satisfacci\u00f3n el nombramiento de Kamil al-Taib Idris como \u00abun importante paso rumbo a la restauraci\u00f3n del trabajo de las instituciones civiles\u00bb y \u00abhacia una gobernanza inclusiva\u00bb.<\/p>\n<p>El analista sudan\u00e9s Mohamed Abdelaziz, empero, se toma el nombramiento de forma menos entusiasta. \u00abNo debemos olvidar que ambos bandos de esta guerra son los que perturbaron la transici\u00f3n democr\u00e1tica civil de Sud\u00e1n\u00bb, se\u00f1ala<\/p>\n<p>(DZC\/LGC)<\/p>\n<\/div>\n\n","protected":false},"excerpt":{"rendered":"<p>Estados Unidos impondr\u00e1 nuevas sanciones al l\u00edder de facto de Sud\u00e1n, el general Abdel-Fattah Burhan, quien lidera a las Fuerzas Armadas. Seg\u00fan un comunicado emitido el jueves 22 de mayo por el Departamento de Estado en Washington, las tropas regulares est\u00e1n en la mira por haber utilizado armas qu\u00edmicas en 2024 contra su rival, las &hellip;<\/p>\n","protected":false},"author":1,"featured_media":28764,"comment_status":"open","ping_status":"open","sticky":false,"template":"","format":"standard","meta":{"fifu_image_url":"https:\/\/static.dw.com\/image\/72644147_6.jpg","fifu_image_alt":"","footnotes":""},"categories":[13],"tags":[],"class_list":["post-28763","post","type-post","status-publish","format-standard","has-post-thumbnail","","category-mundo"],"_links":{"self":[{"href":"https:\/\/noticiasveraces.com\/index.php?rest_route=\/wp\/v2\/posts\/28763","targetHints":{"allow":["GET"]}}],"collection":[{"href":"https:\/\/noticiasveraces.com\/index.php?rest_route=\/wp\/v2\/posts"}],"about":[{"href":"https:\/\/noticiasveraces.com\/index.php?rest_route=\/wp\/v2\/types\/post"}],"author":[{"embeddable":true,"href":"https:\/\/noticiasveraces.com\/index.php?rest_route=\/wp\/v2\/users\/1"}],"replies":[{"embeddable":true,"href":"https:\/\/noticiasveraces.com\/index.php?rest_route=%2Fwp%2Fv2%2Fcomments&post=28763"}],"version-history":[{"count":0,"href":"https:\/\/noticiasveraces.com\/index.php?rest_route=\/wp\/v2\/posts\/28763\/revisions"}],"wp:featuredmedia":[{"embeddable":true,"href":"https:\/\/noticiasveraces.com\/index.php?rest_route=\/wp\/v2\/media\/28764"}],"wp:attachment":[{"href":"https:\/\/noticiasveraces.com\/index.php?rest_route=%2Fwp%2Fv2%2Fmedia&parent=28763"}],"wp:term":[{"taxonomy":"category","embeddable":true,"href":"https:\/\/noticiasveraces.com\/index.php?rest_route=%2Fwp%2Fv2%2Fcategories&post=28763"},{"taxonomy":"post_tag","embeddable":true,"href":"https:\/\/noticiasveraces.com\/index.php?rest_route=%2Fwp%2Fv2%2Ftags&post=28763"}],"curies":[{"name":"wp","href":"https:\/\/api.w.org\/{rel}","templated":true}]}}