{"id":28744,"date":"2025-05-25T09:28:14","date_gmt":"2025-05-25T13:28:14","guid":{"rendered":"https:\/\/noticiasveraces.com\/?p=28744"},"modified":"2025-05-25T09:28:14","modified_gmt":"2025-05-25T13:28:14","slug":"dinamarca-lidera-a-9-naciones-europeas-en-la-critica-del-tribunal-de-derechos-humanos-sobre-deportaciones","status":"publish","type":"post","link":"https:\/\/noticiasveraces.com\/?p=28744","title":{"rendered":"Dinamarca lidera a 9 naciones europeas en la cr\u00edtica del tribunal de derechos humanos sobre deportaciones"},"content":{"rendered":"<p> \n<\/p>\n<div>\n<p class=\"speakable\">Dinamarca y otros ocho pa\u00edses criticaron al Tribunal Europeo de Derechos Humanos por imponer l\u00edmites para deportar a los inmigrantes ilegales el domingo.<\/p>\n<p class=\"speakable\">Dinamarca, que se har\u00e1 cargo de la presidencia de la Uni\u00f3n Europea en julio, public\u00f3 una carta que exig\u00eda m\u00e1s margen de maniobra para expulsar a los inmigrantes que cometen cr\u00edmenes. Los l\u00edderes de Austria, B\u00e9lgica, Rep\u00fablica Checa, Estonia, Letonia, Lituania, Italia y Polonia firmaron la carta con Dinamarca.<\/p>\n<p>\u00abMuchos han venido aqu\u00ed a trav\u00e9s de caminos legales. Han aprendido nuestros idiomas, creen en la democracia, contribuyen a nuestras sociedades y han decidido integrarse en nuestra cultura. Otros han venido y han elegido no integrarse, aisl\u00e1ndose en sociedades paralelas y distanci\u00e1ndose de nuestros valores fundamentales de igualdad, democracia y libertad\u00bb, se lee en la carta. \u00abEn particular, algunos no han contribuido positivamente a las sociedades que las dan la bienvenida y han elegido cometer cr\u00edmenes\u00bb.<\/p>\n<p>\u00abEst\u00e1 m\u00e1s all\u00e1 de nuestra comprensi\u00f3n c\u00f3mo algunas personas pueden venir a nuestros pa\u00edses y participar en nuestra libertad y nuestra amplia gama de oportunidades y, de hecho, deciden cometer cr\u00edmenes\u00bb, contin\u00faa la carta.<\/p>\n<p><strong><u>La polic\u00eda brit\u00e1nica arresta a varios hombres iran\u00edes por parte de un supuesto complot para atacar a Target en Londres<\/u><\/strong><\/p>\n<div class=\"image-ct inline\">\n<div class=\"m\"><picture><source media=\"(max-width: 767px)\" srcset=\"https:\/\/a57.foxnews.com\/static.foxnews.com\/foxnews.com\/content\/uploads\/2025\/02\/343\/192\/gettyimages-2196903547.jpg?ve=1&amp;tl=1, https:\/\/a57.foxnews.com\/static.foxnews.com\/foxnews.com\/content\/uploads\/2025\/02\/686\/384\/gettyimages-2196903547.jpg?ve=1&amp;tl=1 2x\" height=\"192\" width=\"343\"><source media=\"(min-width: 768px) and (max-width: 1023px)\" srcset=\"https:\/\/a57.foxnews.com\/static.foxnews.com\/foxnews.com\/content\/uploads\/2025\/02\/672\/378\/gettyimages-2196903547.jpg?ve=1&amp;tl=1, https:\/\/a57.foxnews.com\/static.foxnews.com\/foxnews.com\/content\/uploads\/2025\/02\/1344\/756\/gettyimages-2196903547.jpg?ve=1&amp;tl=1 2x\" height=\"378\" width=\"672\"><source media=\"(min-width: 1024px) and (max-width: 1279px)\" srcset=\"https:\/\/a57.foxnews.com\/static.foxnews.com\/foxnews.com\/content\/uploads\/2025\/02\/931\/523\/gettyimages-2196903547.jpg?ve=1&amp;tl=1, https:\/\/a57.foxnews.com\/static.foxnews.com\/foxnews.com\/content\/uploads\/2025\/02\/1862\/1046\/gettyimages-2196903547.jpg?ve=1&amp;tl=1 2x\" height=\"523\" width=\"931\"><source media=\"(min-width: 1280px)\" srcset=\"https:\/\/a57.foxnews.com\/static.foxnews.com\/foxnews.com\/content\/uploads\/2025\/02\/720\/405\/gettyimages-2196903547.jpg?ve=1&amp;tl=1, https:\/\/a57.foxnews.com\/static.foxnews.com\/foxnews.com\/content\/uploads\/2025\/02\/1440\/810\/gettyimages-2196903547.jpg?ve=1&amp;tl=1 2x\" height=\"405\" width=\"720\"><img loading=\"lazy\" decoding=\"async\" src=\"https:\/\/a57.foxnews.com\/static.foxnews.com\/foxnews.com\/content\/uploads\/2025\/02\/1200\/675\/gettyimages-2196903547.jpg?ve=1&amp;tl=1\" alt=\"Frederiksen habla con periodistas en Bruselas\" width=\"1200\" height=\"675\"\/><\/source><\/source><\/source><\/source><\/picture><\/div>\n<div class=\"info\">\n<div class=\"caption\">\n<p><span>El primer ministro dan\u00e9s, Mette Frederiksen, habla con los medios de comunicaci\u00f3n antes del retiro informal de los l\u00edderes de la UE en el Palacio de Egmont, la sede del Consejo de la UE.<\/span> <span>(Thierry Monasse\/Getty Images)<\/span><\/p>\n<\/div>\n<\/div>\n<\/div>\n<p>La carta contin\u00faa argumentando que la interpretaci\u00f3n del Tribunal de la Convenci\u00f3n Europea de Derechos Humanos ha \u00ablimitado nuestra capacidad de tomar decisiones pol\u00edticas en nuestras propias democracias\u00bb, citando ejemplos en los que el tribunal ha bloqueado la deportaci\u00f3n de inmigrantes ilegales.<\/p>\n<p><strong><u>Trump Tinks Comercio con el Reino Unido, presenta previsajes de negociaciones comerciales de China durante la semana 16 en el cargo<\/u><\/strong><\/p>\n<p>Dinamarca y los firmantes solicitan que el tribunal deje m\u00e1s espacio para que los pa\u00edses europeos deporte inmigrantes ilegales que cometen delitos violentos o relacionados con las drogas, as\u00ed como permitan que los gobiernos europeos rastreen a los inmigrantes ilegales m\u00e1s de cerca.<\/p>\n<p>\u00abNecesitamos poder tomar medidas efectivas para contrarrestar los estados hostiles que intentan usar nuestros valores y derechos contra nosotros. Por ejemplo, instrumentando a los migrantes en nuestras fronteras\u00bb, agrega la carta.<\/p>\n<div class=\"image-ct inline\">\n<div class=\"m\"><picture><source media=\"(max-width: 767px)\" srcset=\"https:\/\/a57.foxnews.com\/static.foxnews.com\/foxnews.com\/content\/uploads\/2025\/05\/343\/192\/gettyimages-2215854549.jpg?ve=1&amp;tl=1, https:\/\/a57.foxnews.com\/static.foxnews.com\/foxnews.com\/content\/uploads\/2025\/05\/686\/384\/gettyimages-2215854549.jpg?ve=1&amp;tl=1 2x\" height=\"192\" width=\"343\"><source media=\"(min-width: 768px) and (max-width: 1023px)\" srcset=\"https:\/\/a57.foxnews.com\/static.foxnews.com\/foxnews.com\/content\/uploads\/2025\/05\/672\/378\/gettyimages-2215854549.jpg?ve=1&amp;tl=1, https:\/\/a57.foxnews.com\/static.foxnews.com\/foxnews.com\/content\/uploads\/2025\/05\/1344\/756\/gettyimages-2215854549.jpg?ve=1&amp;tl=1 2x\" height=\"378\" width=\"672\"><source media=\"(min-width: 1024px) and (max-width: 1279px)\" srcset=\"https:\/\/a57.foxnews.com\/static.foxnews.com\/foxnews.com\/content\/uploads\/2025\/05\/931\/523\/gettyimages-2215854549.jpg?ve=1&amp;tl=1, https:\/\/a57.foxnews.com\/static.foxnews.com\/foxnews.com\/content\/uploads\/2025\/05\/1862\/1046\/gettyimages-2215854549.jpg?ve=1&amp;tl=1 2x\" height=\"523\" width=\"931\"><source media=\"(min-width: 1280px)\" srcset=\"https:\/\/a57.foxnews.com\/static.foxnews.com\/foxnews.com\/content\/uploads\/2025\/05\/720\/405\/gettyimages-2215854549.jpg?ve=1&amp;tl=1, https:\/\/a57.foxnews.com\/static.foxnews.com\/foxnews.com\/content\/uploads\/2025\/05\/1440\/810\/gettyimages-2215854549.jpg?ve=1&amp;tl=1 2x\" height=\"405\" width=\"720\"><img loading=\"lazy\" decoding=\"async\" src=\"https:\/\/a57.foxnews.com\/static.foxnews.com\/foxnews.com\/content\/uploads\/2025\/05\/1200\/675\/gettyimages-2215854549.jpg?ve=1&amp;tl=1\" alt=\"La primera ministra de Italia, Giorgia Meloni, da la bienvenida al primer ministro de Dinamarca, Mette Frederiksen, en Palazzo Chigi antes de su reuni\u00f3n en Roma, Italia, el 22 de mayo de 2025. (Foto de Massimo Valicchia\/Nurphoto a trav\u00e9s de im\u00e1genes Getty)\" width=\"1200\" height=\"675\"\/><\/source><\/source><\/source><\/source><\/picture><\/div>\n<div class=\"info\">\n<div class=\"caption\">\n<p><span>La primera ministra de Italia, Giorgia Meloni, da la bienvenida al primer ministro de Dinamarca, pone a Frederiksen, en Palazzo Chigi antes de su reuni\u00f3n en Roma, Italia, el 22 de mayo de 2025.<\/span> <span>(Foto de Massimo Valicchia\/Nurphoto a trav\u00e9s de Getty Images)<\/span><\/p>\n<\/div>\n<\/div>\n<\/div>\n<p>La carta se produce dos semanas despu\u00e9s de que el primer ministro brit\u00e1nico, Keir Starmer, anunciara planes para ajustar las reglas de inmigraci\u00f3n en medio de la presi\u00f3n de los votantes molestos por los altos niveles de inmigraci\u00f3n.<\/p>\n<p>Los votantes del Reino Unido se est\u00e1n frustrando cada vez m\u00e1s por los altos n\u00fameros de inmigraci\u00f3n, que muchos argumentan que han tensado de los servicios p\u00fablicos e intensificadas las tensiones \u00e9tnicas en algunas partes del pa\u00eds.<\/p>\n<div class=\"image-ct inline\">\n<div class=\"m\"><picture><source media=\"(max-width: 767px)\" srcset=\"https:\/\/a57.foxnews.com\/static.foxnews.com\/foxnews.com\/content\/uploads\/2025\/05\/343\/192\/gettyimages-2215373795-scaled.jpg?ve=1&amp;tl=1, https:\/\/a57.foxnews.com\/static.foxnews.com\/foxnews.com\/content\/uploads\/2025\/05\/686\/384\/gettyimages-2215373795-scaled.jpg?ve=1&amp;tl=1 2x\" height=\"192\" width=\"343\"><source media=\"(min-width: 768px) and (max-width: 1023px)\" srcset=\"https:\/\/a57.foxnews.com\/static.foxnews.com\/foxnews.com\/content\/uploads\/2025\/05\/672\/378\/gettyimages-2215373795-scaled.jpg?ve=1&amp;tl=1, https:\/\/a57.foxnews.com\/static.foxnews.com\/foxnews.com\/content\/uploads\/2025\/05\/1344\/756\/gettyimages-2215373795-scaled.jpg?ve=1&amp;tl=1 2x\" height=\"378\" width=\"672\"><source media=\"(min-width: 1024px) and (max-width: 1279px)\" srcset=\"https:\/\/a57.foxnews.com\/static.foxnews.com\/foxnews.com\/content\/uploads\/2025\/05\/931\/523\/gettyimages-2215373795-scaled.jpg?ve=1&amp;tl=1, https:\/\/a57.foxnews.com\/static.foxnews.com\/foxnews.com\/content\/uploads\/2025\/05\/1862\/1046\/gettyimages-2215373795-scaled.jpg?ve=1&amp;tl=1 2x\" height=\"523\" width=\"931\"><source media=\"(min-width: 1280px)\" srcset=\"https:\/\/a57.foxnews.com\/static.foxnews.com\/foxnews.com\/content\/uploads\/2025\/05\/720\/405\/gettyimages-2215373795-scaled.jpg?ve=1&amp;tl=1, https:\/\/a57.foxnews.com\/static.foxnews.com\/foxnews.com\/content\/uploads\/2025\/05\/1440\/810\/gettyimages-2215373795-scaled.jpg?ve=1&amp;tl=1 2x\" height=\"405\" width=\"720\"><img loading=\"lazy\" decoding=\"async\" src=\"https:\/\/a57.foxnews.com\/static.foxnews.com\/foxnews.com\/content\/uploads\/2025\/05\/1200\/675\/gettyimages-2215373795-scaled.jpg?ve=1&amp;tl=1\" alt=\"El primer ministro de Gran Breta\u00f1a, Keir Starmer (izquierda) y la presidenta de la Comisi\u00f3n Europea, Ursula von der Leyen, \" width=\"1200\" height=\"675\"\/><\/source><\/source><\/source><\/source><\/picture><\/div>\n<div class=\"info\">\n<div class=\"caption\">\n<p><span>El primer ministro de Gran Breta\u00f1a, Keir Starmer (izquierda) y la presidenta de la Comisi\u00f3n Europea, Ursula von der Leyen, React despu\u00e9s de organizar una conferencia de prensa conjunta durante la Cumbre del Reino Unido-UE en Lancaster House en Londres.<\/span> <!----><\/p>\n<\/div>\n<\/div>\n<\/div>\n<p>Seg\u00fan los nuevos planes, las visas calificadas se restringir\u00e1n a las personas en trabajos de posgrado, mientras que las visas para roles m\u00e1s bajos solo se emitir\u00e1n en \u00e1reas cr\u00edticas para la estrategia industrial del pa\u00eds, y las empresas deben aumentar la capacitaci\u00f3n de los trabajadores brit\u00e1nicos. Las empresas en el sector de la atenci\u00f3n ya no podr\u00e1n solicitar visas para trabajadores reclutados en el extranjero.<\/p>\n<p><strong><u>Haga clic aqu\u00ed para obtener la aplicaci\u00f3n Fox News<\/u><\/strong><\/p>\n<p>\u00abCada \u00e1rea del sistema de inmigraci\u00f3n, incluido el trabajo, la familia y el estudio, se endurecer\u00e1n para que tengamos m\u00e1s control\u00bb, dijo Starmer en extractos de un discurso que planea pronunciar el lunes. \u00abLa aplicaci\u00f3n ser\u00e1 m\u00e1s dif\u00edcil que nunca y los n\u00fameros de migraci\u00f3n caer\u00e1n. Crearemos un sistema controlado, selectivo y justo\u00bb.<\/p>\n<p><i>Landon Mion de Fox News contribuy\u00f3 a este informe.<\/i><\/p>\n<p> <!----> <\/p>\n<div class=\"article-meta\">\n<div class=\"author-bio\">\n<p>Anders Hagstrom es un reportero de Fox News Digital que cubre la pol\u00edtica nacional y los principales eventos de noticias de \u00faltima hora. Env\u00ede consejos a Anders.hagstrom@fox.com, o en Twitter: @hagstrom_anders.<\/p>\n<\/div>\n<\/div>\n<\/div>\n\n","protected":false},"excerpt":{"rendered":"<p>Dinamarca y otros ocho pa\u00edses criticaron al Tribunal Europeo de Derechos Humanos por imponer l\u00edmites para deportar a los inmigrantes ilegales el domingo. Dinamarca, que se har\u00e1 cargo de la presidencia de la Uni\u00f3n Europea en julio, public\u00f3 una carta que exig\u00eda m\u00e1s margen de maniobra para expulsar a los inmigrantes que cometen cr\u00edmenes. Los &hellip;<\/p>\n","protected":false},"author":1,"featured_media":28746,"comment_status":"open","ping_status":"open","sticky":false,"template":"","format":"standard","meta":{"fifu_image_url":"https:\/\/static.foxnews.com\/foxnews.com\/content\/uploads\/2025\/02\/gettyimages-2196903547.jpg","fifu_image_alt":"","footnotes":""},"categories":[13],"tags":[],"class_list":["post-28744","post","type-post","status-publish","format-standard","has-post-thumbnail","","category-mundo"],"_links":{"self":[{"href":"https:\/\/noticiasveraces.com\/index.php?rest_route=\/wp\/v2\/posts\/28744","targetHints":{"allow":["GET"]}}],"collection":[{"href":"https:\/\/noticiasveraces.com\/index.php?rest_route=\/wp\/v2\/posts"}],"about":[{"href":"https:\/\/noticiasveraces.com\/index.php?rest_route=\/wp\/v2\/types\/post"}],"author":[{"embeddable":true,"href":"https:\/\/noticiasveraces.com\/index.php?rest_route=\/wp\/v2\/users\/1"}],"replies":[{"embeddable":true,"href":"https:\/\/noticiasveraces.com\/index.php?rest_route=%2Fwp%2Fv2%2Fcomments&post=28744"}],"version-history":[{"count":0,"href":"https:\/\/noticiasveraces.com\/index.php?rest_route=\/wp\/v2\/posts\/28744\/revisions"}],"wp:featuredmedia":[{"embeddable":true,"href":"https:\/\/noticiasveraces.com\/index.php?rest_route=\/wp\/v2\/media\/28746"}],"wp:attachment":[{"href":"https:\/\/noticiasveraces.com\/index.php?rest_route=%2Fwp%2Fv2%2Fmedia&parent=28744"}],"wp:term":[{"taxonomy":"category","embeddable":true,"href":"https:\/\/noticiasveraces.com\/index.php?rest_route=%2Fwp%2Fv2%2Fcategories&post=28744"},{"taxonomy":"post_tag","embeddable":true,"href":"https:\/\/noticiasveraces.com\/index.php?rest_route=%2Fwp%2Fv2%2Ftags&post=28744"}],"curies":[{"name":"wp","href":"https:\/\/api.w.org\/{rel}","templated":true}]}}