{"id":28705,"date":"2025-05-25T02:12:23","date_gmt":"2025-05-25T06:12:23","guid":{"rendered":"https:\/\/noticiasveraces.com\/?p=28705"},"modified":"2025-05-25T02:12:23","modified_gmt":"2025-05-25T06:12:23","slug":"el-repunte-de-la-inflacion-en-brasil-impacta-el-consumo-y-golpea-la-imagen-de-lula","status":"publish","type":"post","link":"https:\/\/noticiasveraces.com\/?p=28705","title":{"rendered":"El repunte de la inflaci\u00f3n en Brasil impacta el consumo y golpea la imagen de Lula"},"content":{"rendered":"<p> \n<br \/><img decoding=\"async\" src=\"https:\/\/s.france24.com\/media\/display\/8f21b6ca-37fe-11f0-a0f3-005056a97e36\/w:1024\/p:16x9\/000_38CB6Q7.jpg\" \/><br \/>Esta edici\u00f3n de Enlace Cono Sur desde R\u00edo de Janeiro aborda la situaci\u00f3n en Brasil. donde la inflaci\u00f3n alcanz\u00f3 el peor nivel en 22 a\u00f1os. El repunto de los precios de los alimentos ha tenido un impacto domin\u00f3 en el consumo. C\u00f3mo afecta la situaci\u00f3n la vida de los brasile\u00f1os y al Gobierno progresista del presidente Luiz In\u00e1cio Lula da Silva y qu\u00e9 recetas sugieren los economistas para suavizar sus efectos.\u00a0<br \/>\n<br \/>\n","protected":false},"excerpt":{"rendered":"<p>Esta edici\u00f3n de Enlace Cono Sur desde R\u00edo de Janeiro aborda la situaci\u00f3n en Brasil. donde la inflaci\u00f3n alcanz\u00f3 el peor nivel en 22 a\u00f1os. El repunto de los precios de los alimentos ha tenido un impacto domin\u00f3 en el consumo. C\u00f3mo afecta la situaci\u00f3n la vida de los brasile\u00f1os y al Gobierno progresista del &hellip;<\/p>\n","protected":false},"author":1,"featured_media":28707,"comment_status":"open","ping_status":"open","sticky":false,"template":"","format":"standard","meta":{"fifu_image_url":"https:\/\/s.france24.com\/media\/display\/8f21b6ca-37fe-11f0-a0f3-005056a97e36\/w:1024\/p:16x9\/000_38CB6Q7.jpg","fifu_image_alt":"","footnotes":""},"categories":[13],"tags":[],"class_list":["post-28705","post","type-post","status-publish","format-standard","has-post-thumbnail","","category-mundo"],"_links":{"self":[{"href":"https:\/\/noticiasveraces.com\/index.php?rest_route=\/wp\/v2\/posts\/28705","targetHints":{"allow":["GET"]}}],"collection":[{"href":"https:\/\/noticiasveraces.com\/index.php?rest_route=\/wp\/v2\/posts"}],"about":[{"href":"https:\/\/noticiasveraces.com\/index.php?rest_route=\/wp\/v2\/types\/post"}],"author":[{"embeddable":true,"href":"https:\/\/noticiasveraces.com\/index.php?rest_route=\/wp\/v2\/users\/1"}],"replies":[{"embeddable":true,"href":"https:\/\/noticiasveraces.com\/index.php?rest_route=%2Fwp%2Fv2%2Fcomments&post=28705"}],"version-history":[{"count":0,"href":"https:\/\/noticiasveraces.com\/index.php?rest_route=\/wp\/v2\/posts\/28705\/revisions"}],"wp:featuredmedia":[{"embeddable":true,"href":"https:\/\/noticiasveraces.com\/index.php?rest_route=\/wp\/v2\/media\/28707"}],"wp:attachment":[{"href":"https:\/\/noticiasveraces.com\/index.php?rest_route=%2Fwp%2Fv2%2Fmedia&parent=28705"}],"wp:term":[{"taxonomy":"category","embeddable":true,"href":"https:\/\/noticiasveraces.com\/index.php?rest_route=%2Fwp%2Fv2%2Fcategories&post=28705"},{"taxonomy":"post_tag","embeddable":true,"href":"https:\/\/noticiasveraces.com\/index.php?rest_route=%2Fwp%2Fv2%2Ftags&post=28705"}],"curies":[{"name":"wp","href":"https:\/\/api.w.org\/{rel}","templated":true}]}}