{"id":28679,"date":"2025-05-24T21:00:49","date_gmt":"2025-05-25T01:00:49","guid":{"rendered":"https:\/\/noticiasveraces.com\/?p=28679"},"modified":"2025-05-24T21:00:49","modified_gmt":"2025-05-25T01:00:49","slug":"psg-gana-copa-de-francia-y-se-alista-para-final-de-champions-dw-25-05-2025","status":"publish","type":"post","link":"https:\/\/noticiasveraces.com\/?p=28679","title":{"rendered":"PSG gana Copa de Francia y se alista para final de Champions \u2013 DW \u2013 25\/05\/2025"},"content":{"rendered":"<p> \n<\/p>\n<div>\n<p>El Par\u00eds Saint-Germain, que defend\u00eda el t\u00edtulo, conquist\u00f3 la 16\u00aa Copa de Francia de su historia al imponerse en la final por 3-0 al Reims, este s\u00e1bado (24.05.2025) en el Estadio de Francia de Saint-Denis (norte de Par\u00eds), a una semana de la final de la Liga de Campeones ante el Inter de Mil\u00e1n.<\/p>\n<p>En un partido sin apenas historia, el PSG confirm\u00f3 pronto su superioridad, con un doblete de Bradley Barcola (minutos 16, 19). En el 43, el marroqu\u00ed Achraf Hakimi ampli\u00f3 la cuenta del equipo de la capital.<\/p>\n<p>La segunda mitad fue un tr\u00e1mite ante un rival que no tuvo argumentos para remontar.<\/p>\n<p>El ruso Matvei Safonov, como en cada partido de Copa, fue el encargado de defender el arco del PSG y cumpli\u00f3 perfectamente en las pocas ocasiones en las que se le requiri\u00f3. En la final europea, eso s\u00ed, ceder\u00e1 su lugar al titular Gianluigi Donnarumma.<\/p>\n<h2>Segunda final de la Liga de Campeones<\/h2>\n<p>Por su parte, Barcola solo hab\u00eda marcado un gol desde principios de marzo.\u00bbHa sido una noche bonita. Hemos cumplido la misi\u00f3n para preparar lo mejor posible la final (de la Liga de Campeones)\u00bb, celebr\u00f3 el joven atacante.<\/p>\n<p>En la final se qued\u00f3 sin anotar el m\u00e1ximo realizador del PSG este curso, Ousmane Dembel\u00e9, que envi\u00f3 al palo en el 63.<\/p>\n<p>El PSG, campe\u00f3n de la Ligue 1 desde principios de abril con enorme autoridad, sella as\u00ed un triplete de t\u00edtulos nacionales, ya que tambi\u00e9n levant\u00f3 el Trofeo de Campeones (Supercopa de Francia) el pasado enero.<\/p>\n<p>La confianza estar\u00e1 por lo tanto al m\u00e1ximo de cara al gran reto de la final del pr\u00f3ximo s\u00e1bado en M\u00fanich ante el Inter.<\/p>\n<p>Ser\u00e1 la segunda vez que el PSG dispute el partido decisivo de la Liga de Campeones. En la anterior ocasi\u00f3n fue derrotado 1-0 por el Bayern de M\u00fanich, en el a\u00f1o 2020 en Lisboa.<\/p>\n<p>Mg (AFP, Efe)<\/p>\n<\/p>\n<\/div>\n\n","protected":false},"excerpt":{"rendered":"<p>El Par\u00eds Saint-Germain, que defend\u00eda el t\u00edtulo, conquist\u00f3 la 16\u00aa Copa de Francia de su historia al imponerse en la final por 3-0 al Reims, este s\u00e1bado (24.05.2025) en el Estadio de Francia de Saint-Denis (norte de Par\u00eds), a una semana de la final de la Liga de Campeones ante el Inter de Mil\u00e1n. En &hellip;<\/p>\n","protected":false},"author":1,"featured_media":28680,"comment_status":"open","ping_status":"open","sticky":false,"template":"","format":"standard","meta":{"fifu_image_url":"https:\/\/static.dw.com\/image\/72661362_6.jpg","fifu_image_alt":"","footnotes":""},"categories":[13],"tags":[],"class_list":["post-28679","post","type-post","status-publish","format-standard","has-post-thumbnail","","category-mundo"],"_links":{"self":[{"href":"https:\/\/noticiasveraces.com\/index.php?rest_route=\/wp\/v2\/posts\/28679","targetHints":{"allow":["GET"]}}],"collection":[{"href":"https:\/\/noticiasveraces.com\/index.php?rest_route=\/wp\/v2\/posts"}],"about":[{"href":"https:\/\/noticiasveraces.com\/index.php?rest_route=\/wp\/v2\/types\/post"}],"author":[{"embeddable":true,"href":"https:\/\/noticiasveraces.com\/index.php?rest_route=\/wp\/v2\/users\/1"}],"replies":[{"embeddable":true,"href":"https:\/\/noticiasveraces.com\/index.php?rest_route=%2Fwp%2Fv2%2Fcomments&post=28679"}],"version-history":[{"count":0,"href":"https:\/\/noticiasveraces.com\/index.php?rest_route=\/wp\/v2\/posts\/28679\/revisions"}],"wp:featuredmedia":[{"embeddable":true,"href":"https:\/\/noticiasveraces.com\/index.php?rest_route=\/wp\/v2\/media\/28680"}],"wp:attachment":[{"href":"https:\/\/noticiasveraces.com\/index.php?rest_route=%2Fwp%2Fv2%2Fmedia&parent=28679"}],"wp:term":[{"taxonomy":"category","embeddable":true,"href":"https:\/\/noticiasveraces.com\/index.php?rest_route=%2Fwp%2Fv2%2Fcategories&post=28679"},{"taxonomy":"post_tag","embeddable":true,"href":"https:\/\/noticiasveraces.com\/index.php?rest_route=%2Fwp%2Fv2%2Ftags&post=28679"}],"curies":[{"name":"wp","href":"https:\/\/api.w.org\/{rel}","templated":true}]}}