{"id":28673,"date":"2025-05-24T18:59:41","date_gmt":"2025-05-24T22:59:41","guid":{"rendered":"https:\/\/noticiasveraces.com\/?p=28673"},"modified":"2025-05-24T18:59:41","modified_gmt":"2025-05-24T22:59:41","slug":"el-ministro-de-defensa-aleman-dice-que-el-borrador-militar-podria-regresar-si-los-numeros-de-voluntarios-se-quedan-cortos","status":"publish","type":"post","link":"https:\/\/noticiasveraces.com\/?p=28673","title":{"rendered":"El ministro de defensa alem\u00e1n dice que el borrador militar podr\u00eda regresar si los n\u00fameros de voluntarios se quedan cortos"},"content":{"rendered":"<p> \n<\/p>\n<div>\n<p class=\"speakable\">Alemania puede restablecer el servicio militar obligatorio si un sistema voluntario renovado no cumple con los objetivos de reclutamiento, dijo el ministro de defensa en los comentarios publicados el s\u00e1bado.<\/p>\n<p class=\"speakable\">En una entrevista con el Frankfurter Allgemeine Sonntagszeitung, Boris Pistorius present\u00f3 una l\u00ednea de tiempo para el nuevo modelo de servicio militar de Alemania, cuyo objetivo es reforzar el ej\u00e9rcito de longitud subyacente. El programa inicial depender\u00e1 del alistamiento voluntario, pero Pistorius advirti\u00f3 que podr\u00eda cambiar.<\/p>\n<p><strong>Putin recluta 160k hombres como Rusia Eyes Ucrania Ofensiva<\/strong><\/p>\n<p>\u00abSi llega el momento en que tenemos m\u00e1s capacidad disponible que los registros voluntarios, se puede tomar una decisi\u00f3n para que el reclutamiento sea obligatorio. Esa es la hoja de ruta\u00bb, dijo.<\/p>\n<div class=\"image-ct inline\">\n<div class=\"m\"><picture><source media=\"(max-width: 767px)\" srcset=\"https:\/\/a57.foxnews.com\/static.foxnews.com\/foxnews.com\/content\/uploads\/2025\/05\/343\/192\/belgium-eu-defense.jpg?ve=1&amp;tl=1, https:\/\/a57.foxnews.com\/static.foxnews.com\/foxnews.com\/content\/uploads\/2025\/05\/686\/384\/belgium-eu-defense.jpg?ve=1&amp;tl=1 2x\" height=\"192\" width=\"343\"><source media=\"(min-width: 768px) and (max-width: 1023px)\" srcset=\"https:\/\/a57.foxnews.com\/static.foxnews.com\/foxnews.com\/content\/uploads\/2025\/05\/672\/378\/belgium-eu-defense.jpg?ve=1&amp;tl=1, https:\/\/a57.foxnews.com\/static.foxnews.com\/foxnews.com\/content\/uploads\/2025\/05\/1344\/756\/belgium-eu-defense.jpg?ve=1&amp;tl=1 2x\" height=\"378\" width=\"672\"><source media=\"(min-width: 1024px) and (max-width: 1279px)\" srcset=\"https:\/\/a57.foxnews.com\/static.foxnews.com\/foxnews.com\/content\/uploads\/2025\/05\/931\/523\/belgium-eu-defense.jpg?ve=1&amp;tl=1, https:\/\/a57.foxnews.com\/static.foxnews.com\/foxnews.com\/content\/uploads\/2025\/05\/1862\/1046\/belgium-eu-defense.jpg?ve=1&amp;tl=1 2x\" height=\"523\" width=\"931\"><source media=\"(min-width: 1280px)\" srcset=\"https:\/\/a57.foxnews.com\/static.foxnews.com\/foxnews.com\/content\/uploads\/2025\/05\/720\/405\/belgium-eu-defense.jpg?ve=1&amp;tl=1, https:\/\/a57.foxnews.com\/static.foxnews.com\/foxnews.com\/content\/uploads\/2025\/05\/1440\/810\/belgium-eu-defense.jpg?ve=1&amp;tl=1 2x\" height=\"405\" width=\"720\"><img loading=\"lazy\" decoding=\"async\" src=\"https:\/\/a57.foxnews.com\/static.foxnews.com\/foxnews.com\/content\/uploads\/2025\/05\/1200\/675\/belgium-eu-defense.jpg?ve=1&amp;tl=1\" alt=\"Defensa de la UE de B\u00e9lgica\" width=\"1200\" height=\"675\"\/><\/source><\/source><\/source><\/source><\/picture><\/div>\n<div class=\"info\">\n<div class=\"caption\">\n<p><span>El ministro de Defensa de Alemania, Boris Pistorius, habla con los medios de comunicaci\u00f3n cuando llega para una reuni\u00f3n de ministros de defensa de la UE en el edificio del Consejo Europeo en Bruselas, el martes 20 de mayo de 2025. <\/span> <span>(AP Photo\/Virginia Mayo)<\/span><\/p>\n<\/div>\n<\/div>\n<\/div>\n<p>Dijo que el gobierno del canciller Friedrich Merz se est\u00e1 moviendo r\u00e1pidamente en un nuevo proyecto de ley de servicio militar y espera que entre en vigor a partir de enero de 2026.<\/p>\n<p>El debate sobre restablecer el reclutamiento en Alemania se ha intensificado a medida que las preocupaciones aumentan sobre la preparaci\u00f3n de la defensa nacional y las amenazas de seguridad en evoluci\u00f3n en Europa.<\/p>\n<p><strong><u>Haga clic aqu\u00ed para obtener la aplicaci\u00f3n Fox News<\/u><\/strong><\/p>\n<p>Alemania suspendi\u00f3 su borrador en 2011, pero ha luchado por cumplir con los objetivos de las tropas a medida que crecen las demandas de defensa despu\u00e9s de la invasi\u00f3n a gran escala de Ucrania de Rusia a gran escala de Ucrania. Pistorius tambi\u00e9n dijo que el plan de servicio militar incluir\u00eda esfuerzos para reactivar a m\u00e1s reservistas.<\/p>\n<p> <!----> <!----><\/div>\n\n","protected":false},"excerpt":{"rendered":"<p>Alemania puede restablecer el servicio militar obligatorio si un sistema voluntario renovado no cumple con los objetivos de reclutamiento, dijo el ministro de defensa en los comentarios publicados el s\u00e1bado. En una entrevista con el Frankfurter Allgemeine Sonntagszeitung, Boris Pistorius present\u00f3 una l\u00ednea de tiempo para el nuevo modelo de servicio militar de Alemania, cuyo &hellip;<\/p>\n","protected":false},"author":1,"featured_media":28675,"comment_status":"open","ping_status":"open","sticky":false,"template":"","format":"standard","meta":{"fifu_image_url":"https:\/\/static.foxnews.com\/foxnews.com\/content\/uploads\/2025\/05\/belgium-eu-defense.jpg","fifu_image_alt":"","footnotes":""},"categories":[13],"tags":[],"class_list":["post-28673","post","type-post","status-publish","format-standard","has-post-thumbnail","","category-mundo"],"_links":{"self":[{"href":"https:\/\/noticiasveraces.com\/index.php?rest_route=\/wp\/v2\/posts\/28673","targetHints":{"allow":["GET"]}}],"collection":[{"href":"https:\/\/noticiasveraces.com\/index.php?rest_route=\/wp\/v2\/posts"}],"about":[{"href":"https:\/\/noticiasveraces.com\/index.php?rest_route=\/wp\/v2\/types\/post"}],"author":[{"embeddable":true,"href":"https:\/\/noticiasveraces.com\/index.php?rest_route=\/wp\/v2\/users\/1"}],"replies":[{"embeddable":true,"href":"https:\/\/noticiasveraces.com\/index.php?rest_route=%2Fwp%2Fv2%2Fcomments&post=28673"}],"version-history":[{"count":0,"href":"https:\/\/noticiasveraces.com\/index.php?rest_route=\/wp\/v2\/posts\/28673\/revisions"}],"wp:featuredmedia":[{"embeddable":true,"href":"https:\/\/noticiasveraces.com\/index.php?rest_route=\/wp\/v2\/media\/28675"}],"wp:attachment":[{"href":"https:\/\/noticiasveraces.com\/index.php?rest_route=%2Fwp%2Fv2%2Fmedia&parent=28673"}],"wp:term":[{"taxonomy":"category","embeddable":true,"href":"https:\/\/noticiasveraces.com\/index.php?rest_route=%2Fwp%2Fv2%2Fcategories&post=28673"},{"taxonomy":"post_tag","embeddable":true,"href":"https:\/\/noticiasveraces.com\/index.php?rest_route=%2Fwp%2Fv2%2Ftags&post=28673"}],"curies":[{"name":"wp","href":"https:\/\/api.w.org\/{rel}","templated":true}]}}