{"id":28635,"date":"2025-05-24T15:55:17","date_gmt":"2025-05-24T19:55:17","guid":{"rendered":"https:\/\/noticiasveraces.com\/?p=28635"},"modified":"2025-05-24T15:55:17","modified_gmt":"2025-05-24T19:55:17","slug":"ecuador-daniel-noboa-toma-posesion-de-un-nuevo-mandato-presidencial-hasta-2029","status":"publish","type":"post","link":"https:\/\/noticiasveraces.com\/?p=28635","title":{"rendered":"Ecuador: Daniel Noboa toma posesi\u00f3n de un nuevo mandato presidencial hasta 2029"},"content":{"rendered":"<p> \n<br \/><img decoding=\"async\" src=\"https:\/\/s.france24.com\/media\/display\/220466b2-38be-11f0-b219-005056bfb2b6\/w:1024\/p:16x9\/2025-05-24T163850Z_1604195379_RC2GOEAQIG2X_RTRMADP_3_ECUADOR-POLITICS.JPG\" \/><br \/>Tras haber asumido en 2023 tras elecciones anticipadas, Daniel Noboa inicia su segundo mandato, el primero completo al frente de Ecuador, con apoyo legislativo y una agenda marcada por la seguridad, la reactivaci\u00f3n econ\u00f3mica y la recuperaci\u00f3n petrolera. El presidente de 37 a\u00f1os gobernar\u00e1 hasta 2029. \u201cLa historia del Ecuador no se va a escribir sola, la escribiremos juntos\u201d, afirm\u00f3 al asumir el desaf\u00edo.<br \/>\n<br \/>\n","protected":false},"excerpt":{"rendered":"<p>Tras haber asumido en 2023 tras elecciones anticipadas, Daniel Noboa inicia su segundo mandato, el primero completo al frente de Ecuador, con apoyo legislativo y una agenda marcada por la seguridad, la reactivaci\u00f3n econ\u00f3mica y la recuperaci\u00f3n petrolera. El presidente de 37 a\u00f1os gobernar\u00e1 hasta 2029. \u201cLa historia del Ecuador no se va a escribir &hellip;<\/p>\n","protected":false},"author":1,"featured_media":28637,"comment_status":"open","ping_status":"open","sticky":false,"template":"","format":"standard","meta":{"fifu_image_url":"https:\/\/s.france24.com\/media\/display\/220466b2-38be-11f0-b219-005056bfb2b6\/w:1024\/p:16x9\/2025-05-24T163850Z_1604195379_RC2GOEAQIG2X_RTRMADP_3_ECUADOR-POLITICS.JPG","fifu_image_alt":"","footnotes":""},"categories":[13],"tags":[],"class_list":["post-28635","post","type-post","status-publish","format-standard","has-post-thumbnail","","category-mundo"],"_links":{"self":[{"href":"https:\/\/noticiasveraces.com\/index.php?rest_route=\/wp\/v2\/posts\/28635","targetHints":{"allow":["GET"]}}],"collection":[{"href":"https:\/\/noticiasveraces.com\/index.php?rest_route=\/wp\/v2\/posts"}],"about":[{"href":"https:\/\/noticiasveraces.com\/index.php?rest_route=\/wp\/v2\/types\/post"}],"author":[{"embeddable":true,"href":"https:\/\/noticiasveraces.com\/index.php?rest_route=\/wp\/v2\/users\/1"}],"replies":[{"embeddable":true,"href":"https:\/\/noticiasveraces.com\/index.php?rest_route=%2Fwp%2Fv2%2Fcomments&post=28635"}],"version-history":[{"count":0,"href":"https:\/\/noticiasveraces.com\/index.php?rest_route=\/wp\/v2\/posts\/28635\/revisions"}],"wp:featuredmedia":[{"embeddable":true,"href":"https:\/\/noticiasveraces.com\/index.php?rest_route=\/wp\/v2\/media\/28637"}],"wp:attachment":[{"href":"https:\/\/noticiasveraces.com\/index.php?rest_route=%2Fwp%2Fv2%2Fmedia&parent=28635"}],"wp:term":[{"taxonomy":"category","embeddable":true,"href":"https:\/\/noticiasveraces.com\/index.php?rest_route=%2Fwp%2Fv2%2Fcategories&post=28635"},{"taxonomy":"post_tag","embeddable":true,"href":"https:\/\/noticiasveraces.com\/index.php?rest_route=%2Fwp%2Fv2%2Ftags&post=28635"}],"curies":[{"name":"wp","href":"https:\/\/api.w.org\/{rel}","templated":true}]}}