{"id":28619,"date":"2025-05-24T11:46:49","date_gmt":"2025-05-24T15:46:49","guid":{"rendered":"https:\/\/noticiasveraces.com\/?p=28619"},"modified":"2025-05-24T11:46:49","modified_gmt":"2025-05-24T15:46:49","slug":"el-corte-de-energia-importante-interrumpe-el-festival-de-cine-de-cannes-mientras-la-policia-investiga-incendios-provocados","status":"publish","type":"post","link":"https:\/\/noticiasveraces.com\/?p=28619","title":{"rendered":"El corte de energ\u00eda importante interrumpe el festival de cine de Cannes mientras la polic\u00eda investiga incendios provocados"},"content":{"rendered":"<p> \n<\/p>\n<div>\n<p class=\"speakable\">Un gran apag\u00f3n golpe\u00f3 el sureste de Francia el s\u00e1bado por la ma\u00f1ana, amenazando con poner en peligro las celebraciones finales del Festival de Cine de Cannes, incluida la tan esperada ceremonia de Oro de Palme.<\/p>\n<p class=\"speakable\">La polic\u00eda dijo que abrieron una investigaci\u00f3n sobre posibles incendios provocados.<\/p>\n<p>El poder se restaur\u00f3 horas antes de la ceremonia, alrededor de las 3 pm hora local, cuando la m\u00fasica comenz\u00f3 a volar nuevamente desde los altavoces frente al mar. El final del apag\u00f3n fue recibido con fuertes v\u00edtores de los lugare\u00f1os.<\/p>\n<p><strong><u>Causa de un corte de energ\u00eda europeo masivo no est\u00e1 claro ya que el servicio completo regresa<\/u><\/strong><\/p>\n<div class=\"image-ct inline\">\n<div class=\"m\"><picture><source media=\"(max-width: 767px)\" srcset=\"https:\/\/a57.foxnews.com\/static.foxnews.com\/foxnews.com\/content\/uploads\/2025\/05\/343\/192\/cannes-beachfront.jpg?ve=1&amp;tl=1, https:\/\/a57.foxnews.com\/static.foxnews.com\/foxnews.com\/content\/uploads\/2025\/05\/686\/384\/cannes-beachfront.jpg?ve=1&amp;tl=1 2x\" height=\"192\" width=\"343\"><source media=\"(min-width: 768px) and (max-width: 1023px)\" srcset=\"https:\/\/a57.foxnews.com\/static.foxnews.com\/foxnews.com\/content\/uploads\/2025\/05\/672\/378\/cannes-beachfront.jpg?ve=1&amp;tl=1, https:\/\/a57.foxnews.com\/static.foxnews.com\/foxnews.com\/content\/uploads\/2025\/05\/1344\/756\/cannes-beachfront.jpg?ve=1&amp;tl=1 2x\" height=\"378\" width=\"672\"><source media=\"(min-width: 1024px) and (max-width: 1279px)\" srcset=\"https:\/\/a57.foxnews.com\/static.foxnews.com\/foxnews.com\/content\/uploads\/2025\/05\/931\/523\/cannes-beachfront.jpg?ve=1&amp;tl=1, https:\/\/a57.foxnews.com\/static.foxnews.com\/foxnews.com\/content\/uploads\/2025\/05\/1862\/1046\/cannes-beachfront.jpg?ve=1&amp;tl=1 2x\" height=\"523\" width=\"931\"><source media=\"(min-width: 1280px)\" srcset=\"https:\/\/a57.foxnews.com\/static.foxnews.com\/foxnews.com\/content\/uploads\/2025\/05\/720\/405\/cannes-beachfront.jpg?ve=1&amp;tl=1, https:\/\/a57.foxnews.com\/static.foxnews.com\/foxnews.com\/content\/uploads\/2025\/05\/1440\/810\/cannes-beachfront.jpg?ve=1&amp;tl=1 2x\" height=\"405\" width=\"720\"><img loading=\"lazy\" decoding=\"async\" src=\"https:\/\/a57.foxnews.com\/static.foxnews.com\/foxnews.com\/content\/uploads\/2025\/05\/1200\/675\/cannes-beachfront.jpg?ve=1&amp;tl=1\" alt=\"Gente parada en la playa en Cannes\" width=\"1200\" height=\"675\"\/><\/source><\/source><\/source><\/source><\/picture><\/div>\n<div class=\"info\">\n<div class=\"caption\">\n<p><span>Los miembros del personal de la playa de Palais Stephanie informan a los clientes despu\u00e9s de una gran interrupci\u00f3n de electricidad, durante el 78\u00ba Festival de Cine de Cannes en Cannes, Francia, el 24 de mayo de 2025. <\/span> <span>(Reuters\/Benoit Tessier)<\/span><\/p>\n<\/div>\n<\/div>\n<\/div>\n<p>Anteriormente, alrededor de 160,000 hogares en el departamento de Alpes-Mar\u00edtimos perdieron electricidad despu\u00e9s de que una l\u00ednea de alto voltaje cay\u00f3 el s\u00e1bado por la ma\u00f1ana, dijo el operador de la red el\u00e9ctrica RTE en X. La interrupci\u00f3n se produjo horas despu\u00e9s de un incendio en una subestaci\u00f3n el\u00e9ctrica cerca de Cannes durante la noche ya hab\u00eda debilitado la cuadr\u00edcula.<\/p>\n<p>\u00abEstamos investigando la probabilidad de que se inicie un incendio deliberadamente\u00bb, dijo un portavoz de la polic\u00eda de la gendarmer\u00eda nacional francesa.<\/p>\n<p>En un comunicado, Laurent Hottiaux, el prefecto del departamento de Alpes-Maritimes, conden\u00f3 \u00abserios actos de da\u00f1o a la infraestructura el\u00e9ctrica[s]\u00bb<\/p>\n<p><strong><u>Puerto Rico golpe\u00f3 con un apag\u00f3n masivo en toda la isla antes del fin de semana de Pascua<\/u><\/strong><\/p>\n<div class=\"image-ct inline\">\n<div class=\"m\"><picture><source media=\"(max-width: 767px)\" srcset=\"https:\/\/a57.foxnews.com\/static.foxnews.com\/foxnews.com\/content\/uploads\/2025\/05\/343\/192\/store-employees-cannes-power-outage.jpg?ve=1&amp;tl=1, https:\/\/a57.foxnews.com\/static.foxnews.com\/foxnews.com\/content\/uploads\/2025\/05\/686\/384\/store-employees-cannes-power-outage.jpg?ve=1&amp;tl=1 2x\" height=\"192\" width=\"343\"><source media=\"(min-width: 768px) and (max-width: 1023px)\" srcset=\"https:\/\/a57.foxnews.com\/static.foxnews.com\/foxnews.com\/content\/uploads\/2025\/05\/672\/378\/store-employees-cannes-power-outage.jpg?ve=1&amp;tl=1, https:\/\/a57.foxnews.com\/static.foxnews.com\/foxnews.com\/content\/uploads\/2025\/05\/1344\/756\/store-employees-cannes-power-outage.jpg?ve=1&amp;tl=1 2x\" height=\"378\" width=\"672\"><source media=\"(min-width: 1024px) and (max-width: 1279px)\" srcset=\"https:\/\/a57.foxnews.com\/static.foxnews.com\/foxnews.com\/content\/uploads\/2025\/05\/931\/523\/store-employees-cannes-power-outage.jpg?ve=1&amp;tl=1, https:\/\/a57.foxnews.com\/static.foxnews.com\/foxnews.com\/content\/uploads\/2025\/05\/1862\/1046\/store-employees-cannes-power-outage.jpg?ve=1&amp;tl=1 2x\" height=\"523\" width=\"931\"><source media=\"(min-width: 1280px)\" srcset=\"https:\/\/a57.foxnews.com\/static.foxnews.com\/foxnews.com\/content\/uploads\/2025\/05\/720\/405\/store-employees-cannes-power-outage.jpg?ve=1&amp;tl=1, https:\/\/a57.foxnews.com\/static.foxnews.com\/foxnews.com\/content\/uploads\/2025\/05\/1440\/810\/store-employees-cannes-power-outage.jpg?ve=1&amp;tl=1 2x\" height=\"405\" width=\"720\"><img loading=\"lazy\" decoding=\"async\" src=\"https:\/\/a57.foxnews.com\/static.foxnews.com\/foxnews.com\/content\/uploads\/2025\/05\/1200\/675\/store-employees-cannes-power-outage.jpg?ve=1&amp;tl=1\" alt=\"Empleados de pie en la puerta de una tienda Zara\" width=\"1200\" height=\"675\"\/><\/source><\/source><\/source><\/source><\/picture><\/div>\n<div class=\"info\">\n<div class=\"caption\">\n<p><span>Los empleados se encuentran afuera de una tienda durante un corte de electricidad en Cannes, sur de Francia, el s\u00e1bado 24 de mayo de 2025. <\/span> <span>(AP Photo\/Natacha Pisarenko)<\/span><\/p>\n<\/div>\n<\/div>\n<\/div>\n<p>\u00abTodos los recursos se movilizan para identificar, localizar, arrestar y traer a la justicia a los perpetradores de estos actos\u00bb, dijo Hottiaux.<\/p>\n<p>Los organizadores del Festival de Cine de Cannes confirmaron que la interrupci\u00f3n afect\u00f3 las primeras actividades del s\u00e1bado y dijeron que los festivales de Palais des, el lugar principal de Croisette, hab\u00edan cambiado a una suministro de energ\u00eda independiente.<\/p>\n<p>\u00abTodos los eventos y proyecciones programados, incluida la ceremonia de clausura, proceder\u00e1n seg\u00fan lo planeado y en condiciones normales\u00bb, dijo el comunicado. \u00abEn esta etapa, la causa de la interrupci\u00f3n a\u00fan no se ha identificado. Los esfuerzos de restauraci\u00f3n est\u00e1n en marcha\u00bb.<\/p>\n<div class=\"image-ct inline\">\n<div class=\"m\"><picture><source media=\"(max-width: 767px)\" srcset=\"https:\/\/a57.foxnews.com\/static.foxnews.com\/foxnews.com\/content\/uploads\/2025\/05\/343\/192\/cannes-power-outage.jpg?ve=1&amp;tl=1, https:\/\/a57.foxnews.com\/static.foxnews.com\/foxnews.com\/content\/uploads\/2025\/05\/686\/384\/cannes-power-outage.jpg?ve=1&amp;tl=1 2x\" height=\"192\" width=\"343\"><source media=\"(min-width: 768px) and (max-width: 1023px)\" srcset=\"https:\/\/a57.foxnews.com\/static.foxnews.com\/foxnews.com\/content\/uploads\/2025\/05\/672\/378\/cannes-power-outage.jpg?ve=1&amp;tl=1, https:\/\/a57.foxnews.com\/static.foxnews.com\/foxnews.com\/content\/uploads\/2025\/05\/1344\/756\/cannes-power-outage.jpg?ve=1&amp;tl=1 2x\" height=\"378\" width=\"672\"><source media=\"(min-width: 1024px) and (max-width: 1279px)\" srcset=\"https:\/\/a57.foxnews.com\/static.foxnews.com\/foxnews.com\/content\/uploads\/2025\/05\/931\/523\/cannes-power-outage.jpg?ve=1&amp;tl=1, https:\/\/a57.foxnews.com\/static.foxnews.com\/foxnews.com\/content\/uploads\/2025\/05\/1862\/1046\/cannes-power-outage.jpg?ve=1&amp;tl=1 2x\" height=\"523\" width=\"931\"><source media=\"(min-width: 1280px)\" srcset=\"https:\/\/a57.foxnews.com\/static.foxnews.com\/foxnews.com\/content\/uploads\/2025\/05\/720\/405\/cannes-power-outage.jpg?ve=1&amp;tl=1, https:\/\/a57.foxnews.com\/static.foxnews.com\/foxnews.com\/content\/uploads\/2025\/05\/1440\/810\/cannes-power-outage.jpg?ve=1&amp;tl=1 2x\" height=\"405\" width=\"720\"><img loading=\"lazy\" decoding=\"async\" src=\"https:\/\/a57.foxnews.com\/static.foxnews.com\/foxnews.com\/content\/uploads\/2025\/05\/1200\/675\/cannes-power-outage.jpg?ve=1&amp;tl=1\" alt=\"Un sem\u00e1foro impotente en el sur de Francia\" width=\"1200\" height=\"675\"\/><\/source><\/source><\/source><\/source><\/picture><\/div>\n<div class=\"info\">\n<div class=\"caption\">\n<p><span>Los sem\u00e1foros se apagan durante una interrupci\u00f3n de electricidad en Cannes, sur de Francia, s\u00e1bado 24 de mayo de 2025. (AP Photo\/Lewis Joly)<\/span> <span>(Photo AP\/Lewis Joly)<\/span><\/p>\n<\/div>\n<\/div>\n<\/div>\n<p>Los sem\u00e1foros en partes de Cannes y la ciudad de antibes circundante dejaron de funcionar despu\u00e9s de las 10 a.m., lo que condujo a atascos y confusi\u00f3n en los centros de la ciudad. La mayor\u00eda de las tiendas a lo largo de la croisette permanecieron cerradas, y los quioscos de alimentos locales solo aceptaban efectivo. El servicio de trenes en Cannes tambi\u00e9n fue interrumpido.<\/p>\n<p><strong><u>Haga clic aqu\u00ed para obtener la aplicaci\u00f3n Fox News<\/u><\/strong><\/p>\n<p>Las proyecciones en el Cineum, uno de los lugares satelitales del festival, fueron suspendidas brevemente, agreg\u00f3 el festival.<\/p>\n<p>El premio Palma d&#8217;Or, el premio m\u00e1s prestigioso del festival, se otorgar\u00e1 el s\u00e1bado por la noche, con los principales contendientes, incluido el drama familiar de Joachim Trier, \u00abValor sentimental\u00bb, el thriller de venganza de Jafar Panahi \u00abfue solo un accidente\u00bb, \u00abel agente secreto y el agente secreto de Kleber Mendon\u00e7a Filho\u00bb el agente secreto \u00aby el \u00d3rliver Laxe en el desierto\u00bb \u00ab.\u00bb \u00ab.\u00bb \u00ab<\/p>\n<p> <!----> <!----><\/div>\n\n","protected":false},"excerpt":{"rendered":"<p>Un gran apag\u00f3n golpe\u00f3 el sureste de Francia el s\u00e1bado por la ma\u00f1ana, amenazando con poner en peligro las celebraciones finales del Festival de Cine de Cannes, incluida la tan esperada ceremonia de Oro de Palme. La polic\u00eda dijo que abrieron una investigaci\u00f3n sobre posibles incendios provocados. El poder se restaur\u00f3 horas antes de la &hellip;<\/p>\n","protected":false},"author":1,"featured_media":28621,"comment_status":"open","ping_status":"open","sticky":false,"template":"","format":"standard","meta":{"fifu_image_url":"https:\/\/static.foxnews.com\/foxnews.com\/content\/uploads\/2025\/05\/cannes-beachfront.jpg","fifu_image_alt":"","footnotes":""},"categories":[13],"tags":[],"class_list":["post-28619","post","type-post","status-publish","format-standard","has-post-thumbnail","","category-mundo"],"_links":{"self":[{"href":"https:\/\/noticiasveraces.com\/index.php?rest_route=\/wp\/v2\/posts\/28619","targetHints":{"allow":["GET"]}}],"collection":[{"href":"https:\/\/noticiasveraces.com\/index.php?rest_route=\/wp\/v2\/posts"}],"about":[{"href":"https:\/\/noticiasveraces.com\/index.php?rest_route=\/wp\/v2\/types\/post"}],"author":[{"embeddable":true,"href":"https:\/\/noticiasveraces.com\/index.php?rest_route=\/wp\/v2\/users\/1"}],"replies":[{"embeddable":true,"href":"https:\/\/noticiasveraces.com\/index.php?rest_route=%2Fwp%2Fv2%2Fcomments&post=28619"}],"version-history":[{"count":0,"href":"https:\/\/noticiasveraces.com\/index.php?rest_route=\/wp\/v2\/posts\/28619\/revisions"}],"wp:featuredmedia":[{"embeddable":true,"href":"https:\/\/noticiasveraces.com\/index.php?rest_route=\/wp\/v2\/media\/28621"}],"wp:attachment":[{"href":"https:\/\/noticiasveraces.com\/index.php?rest_route=%2Fwp%2Fv2%2Fmedia&parent=28619"}],"wp:term":[{"taxonomy":"category","embeddable":true,"href":"https:\/\/noticiasveraces.com\/index.php?rest_route=%2Fwp%2Fv2%2Fcategories&post=28619"},{"taxonomy":"post_tag","embeddable":true,"href":"https:\/\/noticiasveraces.com\/index.php?rest_route=%2Fwp%2Fv2%2Ftags&post=28619"}],"curies":[{"name":"wp","href":"https:\/\/api.w.org\/{rel}","templated":true}]}}