{"id":28617,"date":"2025-05-24T10:46:01","date_gmt":"2025-05-24T14:46:01","guid":{"rendered":"https:\/\/noticiasveraces.com\/?p=28617"},"modified":"2025-05-24T10:46:01","modified_gmt":"2025-05-24T14:46:01","slug":"trump-amenaza-a-apple-con-25-de-aranceles-sobre-iphones-dw-23-05-2025","status":"publish","type":"post","link":"https:\/\/noticiasveraces.com\/?p=28617","title":{"rendered":"Trump amenaza a Apple con 25 % de aranceles sobre iPhones \u2013 DW \u2013 23\/05\/2025"},"content":{"rendered":"<p> \n<\/p>\n<div>\n<p>El presidente Donald Trump anunci\u00f3 el viernes que Apple pagar\u00eda un arancel del 25% a los iPhones que se vendan en Estados Unidos, pero no se fabriquen en el pa\u00eds.<\/p>\n<p>\u00abHace tiempo que le inform\u00e9 a Tim Cook de Apple que espero que los iPhones que se vendan en EE. UU. se fabriquen y ensamblen en EE. UU., no en India ni en ning\u00fan otro lugar. De lo contrario, Apple tendr\u00e1 que pagar aranceles de al menos el 25 % en EE. UU.\u00bb, escribi\u00f3 en su plataforma Truth Social.<\/p>\n<p>RML (AFP, Reuters)<\/p>\n<\/div>\n\n","protected":false},"excerpt":{"rendered":"<p>El presidente Donald Trump anunci\u00f3 el viernes que Apple pagar\u00eda un arancel del 25% a los iPhones que se vendan en Estados Unidos, pero no se fabriquen en el pa\u00eds. \u00abHace tiempo que le inform\u00e9 a Tim Cook de Apple que espero que los iPhones que se vendan en EE. UU. se fabriquen y ensamblen &hellip;<\/p>\n","protected":false},"author":1,"featured_media":28618,"comment_status":"open","ping_status":"open","sticky":false,"template":"","format":"standard","meta":{"fifu_image_url":"https:\/\/static.dw.com\/image\/72228899_6.jpg","fifu_image_alt":"","footnotes":""},"categories":[13],"tags":[],"class_list":["post-28617","post","type-post","status-publish","format-standard","has-post-thumbnail","","category-mundo"],"_links":{"self":[{"href":"https:\/\/noticiasveraces.com\/index.php?rest_route=\/wp\/v2\/posts\/28617","targetHints":{"allow":["GET"]}}],"collection":[{"href":"https:\/\/noticiasveraces.com\/index.php?rest_route=\/wp\/v2\/posts"}],"about":[{"href":"https:\/\/noticiasveraces.com\/index.php?rest_route=\/wp\/v2\/types\/post"}],"author":[{"embeddable":true,"href":"https:\/\/noticiasveraces.com\/index.php?rest_route=\/wp\/v2\/users\/1"}],"replies":[{"embeddable":true,"href":"https:\/\/noticiasveraces.com\/index.php?rest_route=%2Fwp%2Fv2%2Fcomments&post=28617"}],"version-history":[{"count":0,"href":"https:\/\/noticiasveraces.com\/index.php?rest_route=\/wp\/v2\/posts\/28617\/revisions"}],"wp:featuredmedia":[{"embeddable":true,"href":"https:\/\/noticiasveraces.com\/index.php?rest_route=\/wp\/v2\/media\/28618"}],"wp:attachment":[{"href":"https:\/\/noticiasveraces.com\/index.php?rest_route=%2Fwp%2Fv2%2Fmedia&parent=28617"}],"wp:term":[{"taxonomy":"category","embeddable":true,"href":"https:\/\/noticiasveraces.com\/index.php?rest_route=%2Fwp%2Fv2%2Fcategories&post=28617"},{"taxonomy":"post_tag","embeddable":true,"href":"https:\/\/noticiasveraces.com\/index.php?rest_route=%2Fwp%2Fv2%2Ftags&post=28617"}],"curies":[{"name":"wp","href":"https:\/\/api.w.org\/{rel}","templated":true}]}}