{"id":28597,"date":"2025-05-24T08:44:38","date_gmt":"2025-05-24T12:44:38","guid":{"rendered":"https:\/\/noticiasveraces.com\/?p=28597"},"modified":"2025-05-24T08:44:38","modified_gmt":"2025-05-24T12:44:38","slug":"indagan-intencionalidad-de-masivo-corte-electrico-dw-24-05-2025","status":"publish","type":"post","link":"https:\/\/noticiasveraces.com\/?p=28597","title":{"rendered":"indagan intencionalidad de masivo corte el\u00e9ctrico \u2013 DW \u2013 24\/05\/2025"},"content":{"rendered":"<p> \n<\/p>\n<div>\n<p>Las autoridades francesas investigan el posible car\u00e1cter intencionado de los incidentes sufridos por la red el\u00e9ctrica y que han generado este s\u00e1bado (24.05.2025) un masivo apag\u00f3n en el sureste del pa\u00eds que afecta a unos 160.000 hogares, espec\u00edficamente en torno a Cannes, coincidiendo con la ceremonia de clausura del Festival de cine de la ciudad mediterr\u00e1nea francesa.<\/p>\n<p>Fuentes del Ministerio del Interior indicaron a la emisora France Info que el incendio en una subestaci\u00f3n de la localidad de Bian\u00e7on, durante la madrugada, pudo ser intencionado, por lo que han enviado a una brigada de la gendarmer\u00eda para investigarlo. Ese incidente provoc\u00f3 un primer apag\u00f3n sobre las 2.45 horas de la madrugada, restablecido enseguida gracias a que se buscaron otras redes para encaminar la electricidad, lo que provoc\u00f3 un debilitamiento de la red.<\/p>\n<p>Si bien la red operaba, estaba sometida a una enorme presi\u00f3n. En ese contexto se produjo un segundo apag\u00f3n alrededor de las 10.00 horas, cuando la ca\u00edda de un poste cort\u00f3 una l\u00ednea de alta tensi\u00f3n. Tambi\u00e9n se investiga si varios postes de la luz fueron serrados de forma intencionada en las localidades de Villeneuve-Loubet, Mougins y Cagnes-sur-Mer, en los alrededores de Cannes.<\/p>\n<h2>El festival sigue<\/h2>\n<p>Los organizadores del Festival de Cannes indicaron que tienen equipos electr\u00f3genos que garantizan su desarrollo incluso si prosigue el apag\u00f3n, que las autoridades estiman podr\u00e1 ser superado en el curso de la tarde. Las \u00faltimas proyecciones fueron brevemente interrumpidas durante unos minutos, el tiempo que tard\u00f3 en entrar en funcionamiento la alimentaci\u00f3n secundaria que permite al palacio ser totalmente aut\u00f3nomo.<\/p>\n<p>El apag\u00f3n perturb\u00f3 el tr\u00e1fico ferroviario en la zona, con suspensi\u00f3n de algunos trenes y retrasos en la mayor parte de ellos, adem\u00e1s de problemas en la estaci\u00f3n como el apag\u00f3n de los monitores de informaci\u00f3n. En la ciudad no funcionaban los sem\u00e1foros, lo que gener\u00f3 problemas de tr\u00e1nsito y muchos comerciantes tuvieron que detener su actividad por falta de electricidad.<\/p>\n<p>DZC (EFE, AFP)<\/p>\n<\/div>\n\n","protected":false},"excerpt":{"rendered":"<p>Las autoridades francesas investigan el posible car\u00e1cter intencionado de los incidentes sufridos por la red el\u00e9ctrica y que han generado este s\u00e1bado (24.05.2025) un masivo apag\u00f3n en el sureste del pa\u00eds que afecta a unos 160.000 hogares, espec\u00edficamente en torno a Cannes, coincidiendo con la ceremonia de clausura del Festival de cine de la ciudad &hellip;<\/p>\n","protected":false},"author":1,"featured_media":28598,"comment_status":"open","ping_status":"open","sticky":false,"template":"","format":"standard","meta":{"fifu_image_url":"https:\/\/static.dw.com\/image\/72657787_6.jpg","fifu_image_alt":"","footnotes":""},"categories":[13],"tags":[],"class_list":["post-28597","post","type-post","status-publish","format-standard","has-post-thumbnail","","category-mundo"],"_links":{"self":[{"href":"https:\/\/noticiasveraces.com\/index.php?rest_route=\/wp\/v2\/posts\/28597","targetHints":{"allow":["GET"]}}],"collection":[{"href":"https:\/\/noticiasveraces.com\/index.php?rest_route=\/wp\/v2\/posts"}],"about":[{"href":"https:\/\/noticiasveraces.com\/index.php?rest_route=\/wp\/v2\/types\/post"}],"author":[{"embeddable":true,"href":"https:\/\/noticiasveraces.com\/index.php?rest_route=\/wp\/v2\/users\/1"}],"replies":[{"embeddable":true,"href":"https:\/\/noticiasveraces.com\/index.php?rest_route=%2Fwp%2Fv2%2Fcomments&post=28597"}],"version-history":[{"count":0,"href":"https:\/\/noticiasveraces.com\/index.php?rest_route=\/wp\/v2\/posts\/28597\/revisions"}],"wp:featuredmedia":[{"embeddable":true,"href":"https:\/\/noticiasveraces.com\/index.php?rest_route=\/wp\/v2\/media\/28598"}],"wp:attachment":[{"href":"https:\/\/noticiasveraces.com\/index.php?rest_route=%2Fwp%2Fv2%2Fmedia&parent=28597"}],"wp:term":[{"taxonomy":"category","embeddable":true,"href":"https:\/\/noticiasveraces.com\/index.php?rest_route=%2Fwp%2Fv2%2Fcategories&post=28597"},{"taxonomy":"post_tag","embeddable":true,"href":"https:\/\/noticiasveraces.com\/index.php?rest_route=%2Fwp%2Fv2%2Ftags&post=28597"}],"curies":[{"name":"wp","href":"https:\/\/api.w.org\/{rel}","templated":true}]}}