{"id":28590,"date":"2025-05-24T06:40:49","date_gmt":"2025-05-24T10:40:49","guid":{"rendered":"https:\/\/noticiasveraces.com\/?p=28590"},"modified":"2025-05-24T06:40:49","modified_gmt":"2025-05-24T10:40:49","slug":"siria-celebra-levantamiento-de-sanciones-estadounidenses-dw-24-05-2025","status":"publish","type":"post","link":"https:\/\/noticiasveraces.com\/?p=28590","title":{"rendered":"Siria celebra levantamiento de sanciones estadounidenses \u2013 DW \u2013 24\/05\/2025"},"content":{"rendered":"<p> \n<\/p>\n<div>\n<p>El Gobierno sirio celebr\u00f3 este s\u00e1bado (24.05.2025) la decisi\u00f3n de Estados Unidos de formalizar el levantamiento de sanciones contra Siria, una medida que calific\u00f3 de \u00abun paso positivo en la direcci\u00f3n correcta\u00bb. Poco antes, el secretario de Estado estadounidense, Marco Rubio, hab\u00eda anunciado la formalizaci\u00f3n de la decisi\u00f3n, informada por el presidente Donald Trump hace m\u00e1s de una semana en Arabia Saudita.<\/p>\n<p>El Ministerio de Exteriores sirio acogi\u00f3 \u00abcon satisfacci\u00f3n la decisi\u00f3n emitida por el Gobierno de los EE.UU. de levantar las sanciones impuestas a Siria y a su pueblo durante muchos a\u00f1os\u00bb, seg\u00fan un comunicado del citado departamento. Se trata de \u00abun paso positivo y en la direcci\u00f3n correcta para aliviar el sufrimiento humanitario y econ\u00f3mico\u00bb en el pa\u00eds, a\u00f1adi\u00f3 la nota.<\/p>\n<p>Exteriores sirio insisti\u00f3 en que el Gobierno interino de Damasco \u00abextiende su mano a todos aquellos que desean cooperar, desde el respeto mutuo y sin injerencias en sus asuntos internos\u00bb, y que conf\u00eda \u00aben el di\u00e1logo y la diplomacia para construir relaciones equilibradas que satisfagan los intereses de los pueblos y refuerzan la seguridad y la estabilidad en la regi\u00f3n\u00bb.<\/p>\n<h2>M\u00e1s \u00e9xitos en los pr\u00f3ximos meses<\/h2>\n<p>Por su parte, el jefe de la diplomacia siria, Asaad al Shaibani, prometi\u00f3 al pueblo sirio \u00abnuevos \u00e9xitos en los pr\u00f3ximos meses\u00bb tras las sucesivas decisiones de levantar las sanciones estadounidenses y europeas. \u00abSiria y su pueblo merecen un estatus destacado, un pa\u00eds pr\u00f3spero y una representaci\u00f3n adecuada en el escenario internacional\u00bb, a\u00f1adi\u00f3 Al Shaibani en un mensaje en su cuenta oficial de X (Twitter).<\/p>\n<p>Sobre Siria pesan un gran n\u00famero de castigos internacionales impuestos principalmente durante el mandato de Bashar Al Asad, si bien algunas de ellas fueron suspendidas en los meses siguientes a su ca\u00edda el pasado diciembre, el peso de las\u00a0 sanciones estadounidenses supon\u00eda un gran obst\u00e1culo para la evoluci\u00f3n del pa\u00eds \u00e1rabe, sumido en una grave crisis econ\u00f3mica despu\u00e9s de m\u00e1s de 13 a\u00f1os de guerra civil.<\/p>\n<p>DZC (EFE, AFP)<\/p>\n<\/div>\n\n","protected":false},"excerpt":{"rendered":"<p>El Gobierno sirio celebr\u00f3 este s\u00e1bado (24.05.2025) la decisi\u00f3n de Estados Unidos de formalizar el levantamiento de sanciones contra Siria, una medida que calific\u00f3 de \u00abun paso positivo en la direcci\u00f3n correcta\u00bb. Poco antes, el secretario de Estado estadounidense, Marco Rubio, hab\u00eda anunciado la formalizaci\u00f3n de la decisi\u00f3n, informada por el presidente Donald Trump hace &hellip;<\/p>\n","protected":false},"author":1,"featured_media":28591,"comment_status":"open","ping_status":"open","sticky":false,"template":"","format":"standard","meta":{"fifu_image_url":"https:\/\/static.dw.com\/image\/72553607_6.jpg","fifu_image_alt":"","footnotes":""},"categories":[13],"tags":[],"class_list":["post-28590","post","type-post","status-publish","format-standard","has-post-thumbnail","","category-mundo"],"_links":{"self":[{"href":"https:\/\/noticiasveraces.com\/index.php?rest_route=\/wp\/v2\/posts\/28590","targetHints":{"allow":["GET"]}}],"collection":[{"href":"https:\/\/noticiasveraces.com\/index.php?rest_route=\/wp\/v2\/posts"}],"about":[{"href":"https:\/\/noticiasveraces.com\/index.php?rest_route=\/wp\/v2\/types\/post"}],"author":[{"embeddable":true,"href":"https:\/\/noticiasveraces.com\/index.php?rest_route=\/wp\/v2\/users\/1"}],"replies":[{"embeddable":true,"href":"https:\/\/noticiasveraces.com\/index.php?rest_route=%2Fwp%2Fv2%2Fcomments&post=28590"}],"version-history":[{"count":0,"href":"https:\/\/noticiasveraces.com\/index.php?rest_route=\/wp\/v2\/posts\/28590\/revisions"}],"wp:featuredmedia":[{"embeddable":true,"href":"https:\/\/noticiasveraces.com\/index.php?rest_route=\/wp\/v2\/media\/28591"}],"wp:attachment":[{"href":"https:\/\/noticiasveraces.com\/index.php?rest_route=%2Fwp%2Fv2%2Fmedia&parent=28590"}],"wp:term":[{"taxonomy":"category","embeddable":true,"href":"https:\/\/noticiasveraces.com\/index.php?rest_route=%2Fwp%2Fv2%2Fcategories&post=28590"},{"taxonomy":"post_tag","embeddable":true,"href":"https:\/\/noticiasveraces.com\/index.php?rest_route=%2Fwp%2Fv2%2Ftags&post=28590"}],"curies":[{"name":"wp","href":"https:\/\/api.w.org\/{rel}","templated":true}]}}