{"id":28576,"date":"2025-05-24T04:36:28","date_gmt":"2025-05-24T08:36:28","guid":{"rendered":"https:\/\/noticiasveraces.com\/?p=28576"},"modified":"2025-05-24T04:36:28","modified_gmt":"2025-05-24T08:36:28","slug":"ucrania-y-rusia-comienzan-su-mayor-canje-de-prisioneros-dw-23-05-2025","status":"publish","type":"post","link":"https:\/\/noticiasveraces.com\/?p=28576","title":{"rendered":"Ucrania y Rusia comienzan su mayor canje de prisioneros \u2013 DW \u2013 23\/05\/2025"},"content":{"rendered":"<p> \n<\/p>\n<div>\n<p>El presidente ucraniano, Volodimir Zelenski, confirm\u00f3 el viernes (23.05.2025) que su pa\u00eds repatri\u00f3 a una primera tanda de personas en la fase inicial de un intercambio de prisioneros a gran escala con Rusia, que durar\u00e1 varios d\u00edas. \u00abLa primera fase del acuerdo de intercambio &#8216;1.000 por 1.000&#8217; concluy\u00f3\u00bb con la repatriaci\u00f3n de \u00ab390 personas\u00bb, declar\u00f3 en X. \u00abEsperamos que el intercambio contin\u00fae el s\u00e1bado y el domingo\u00bb, a\u00f1adi\u00f3 Zelenski.<\/p>\n<p>El presidente ucraniano ha agradecido a \u00abtodos los que ayudan y trabajan\u201d para lograr la liberaci\u00f3n de todos los ucranianos cautivos en Rusia, y se ha comprometido a hacer todos los esfuerzos posibles para que estos regresen a su pa\u00eds. Este canje de prisioneros forma parte del intercambio acordado por Mosc\u00fa y Kiev hace una semana en la reuni\u00f3n de Estambul.<\/p>\n<blockquote class=\"tweet embed\" data-id=\"1925915314719523266\"\/>\n<p>\u00abEstamos verificando todos los apellidos, todos los detalles sobre cada persona\u00bb, declar\u00f3 Zelenski, que public\u00f3 varias fotograf\u00edas de los prisioneros liberados con las cabezas rapadas y con banderas ucranianas sobre los hombros.\u00a0 Rusia, por su parte, detallo la cantidad de civiles y militares canjeados. \u00ab270 militares rusos y 120 civiles (&#8230;) fueron devueltos. A cambio, fueron entregados 270 prisioneros de guerra del ej\u00e9rcito ucraniano y 120 civiles\u00bb, inform\u00f3 el Ministerio de Defensa ruso en Telegram. El ministro de Exteriores ruso, Sergei Lavrov, dijo que no se ha acordado todav\u00eda fecha para nuevas conversaciones con Ucrania.<\/p>\n<p>LGC (AFP, EFE)<\/p>\n<\/div>\n\n","protected":false},"excerpt":{"rendered":"<p>El presidente ucraniano, Volodimir Zelenski, confirm\u00f3 el viernes (23.05.2025) que su pa\u00eds repatri\u00f3 a una primera tanda de personas en la fase inicial de un intercambio de prisioneros a gran escala con Rusia, que durar\u00e1 varios d\u00edas. \u00abLa primera fase del acuerdo de intercambio &#8216;1.000 por 1.000&#8217; concluy\u00f3\u00bb con la repatriaci\u00f3n de \u00ab390 personas\u00bb, declar\u00f3 &hellip;<\/p>\n","protected":false},"author":1,"featured_media":28577,"comment_status":"open","ping_status":"open","sticky":false,"template":"","format":"standard","meta":{"fifu_image_url":"https:\/\/static.dw.com\/image\/72651770_6.jpg","fifu_image_alt":"","footnotes":""},"categories":[13],"tags":[],"class_list":["post-28576","post","type-post","status-publish","format-standard","has-post-thumbnail","","category-mundo"],"_links":{"self":[{"href":"https:\/\/noticiasveraces.com\/index.php?rest_route=\/wp\/v2\/posts\/28576","targetHints":{"allow":["GET"]}}],"collection":[{"href":"https:\/\/noticiasveraces.com\/index.php?rest_route=\/wp\/v2\/posts"}],"about":[{"href":"https:\/\/noticiasveraces.com\/index.php?rest_route=\/wp\/v2\/types\/post"}],"author":[{"embeddable":true,"href":"https:\/\/noticiasveraces.com\/index.php?rest_route=\/wp\/v2\/users\/1"}],"replies":[{"embeddable":true,"href":"https:\/\/noticiasveraces.com\/index.php?rest_route=%2Fwp%2Fv2%2Fcomments&post=28576"}],"version-history":[{"count":0,"href":"https:\/\/noticiasveraces.com\/index.php?rest_route=\/wp\/v2\/posts\/28576\/revisions"}],"wp:featuredmedia":[{"embeddable":true,"href":"https:\/\/noticiasveraces.com\/index.php?rest_route=\/wp\/v2\/media\/28577"}],"wp:attachment":[{"href":"https:\/\/noticiasveraces.com\/index.php?rest_route=%2Fwp%2Fv2%2Fmedia&parent=28576"}],"wp:term":[{"taxonomy":"category","embeddable":true,"href":"https:\/\/noticiasveraces.com\/index.php?rest_route=%2Fwp%2Fv2%2Fcategories&post=28576"},{"taxonomy":"post_tag","embeddable":true,"href":"https:\/\/noticiasveraces.com\/index.php?rest_route=%2Fwp%2Fv2%2Ftags&post=28576"}],"curies":[{"name":"wp","href":"https:\/\/api.w.org\/{rel}","templated":true}]}}