{"id":28546,"date":"2025-05-24T00:14:09","date_gmt":"2025-05-24T04:14:09","guid":{"rendered":"https:\/\/noticiasveraces.com\/?p=28546"},"modified":"2025-05-24T00:14:09","modified_gmt":"2025-05-24T04:14:09","slug":"pepe-reina-y-su-insolita-expulsion-en-ultimo-partido-como-futbolista-profesional-serie-a","status":"publish","type":"post","link":"https:\/\/noticiasveraces.com\/?p=28546","title":{"rendered":"Pepe Reina y su ins\u00f3lita expulsi\u00f3n en \u00faltimo partido como futbolista profesional | Serie A"},"content":{"rendered":"<p> \n<br \/><img decoding=\"async\" src=\"https:\/\/www.futbolred.com\/files\/article_graphic\/uploads\/2020\/07\/02\/5efe781857c70.jpeg\" \/><\/p>\n<div id=\"cuerpoArticulo\">\n<p class=\"texto intro\" id=\"pnull-m194-193-195\">La \u00faltima fecha de la Serie A de la temporada 2024\/25 fue decisiva porque decid\u00eda al campe\u00f3n y uno de los equipos que luch\u00f3 por esa posibilidad del scudetto fue Inter de Mil\u00e1n, que se enfrent\u00f3 al modesto Como a quien vencieron 2-0, pero no les alcanz\u00f3 para celebrar tras la victoria del Napoli por el mismo marcador ante el Cagliari.<\/p>\n<p class=\"texto contenido-parrafo-articulo\" id=\"pnull-m206-2-207\">Sin embargo, en ese partido del Como e Inter el resultado pas\u00f3 a un segundo plano, debido a que el portero espa\u00f1ol Pepe Reina protagoniz\u00f3 un ins\u00f3lito error en su \u00faltimo partido como futbolista profesional.<\/p>\n<p>Reina, de 42 a\u00f1os, decidi\u00f3 que su \u00faltimo juego como jugador activo fuera con Como en la definici\u00f3n contra Inter, pero todo termin\u00f3 opacado por una fuerte falta que le cometi\u00f3 a Medhi Taremi y que luego de la revisi\u00f3n del VAR y del juez Davide Massa en el monitor, se confirm\u00f3 la tarjeta roja.<\/p>\n<p>El colegiado italiano tomaron la decisi\u00f3n de dejar a Como sin su experimentado arquero justo cuando el reloj marcaba los 45 minutos.<\/p>\n<p class=\"texto contenido-parrafo-articulo\" id=\"pnull-m367-5-368\">De esta manera, Pepe Reina dej\u00f3 el f\u00fatbol profesional tras 952 partidos disputados en su carrera, logrando t\u00edtulos importantes para su palmar\u00e9s como lo fue una Copa del Mundo, dos Eurocopas, una Bundesliga, una Supercopa de Europa, una FA Cup, una Copa de Italia, una Copa de la Liga, una Supercopa de Inglaterra y dos Copas Sieger.<\/p>\n<\/p><\/div>\n\n","protected":false},"excerpt":{"rendered":"<p>La \u00faltima fecha de la Serie A de la temporada 2024\/25 fue decisiva porque decid\u00eda al campe\u00f3n y uno de los equipos que luch\u00f3 por esa posibilidad del scudetto fue Inter de Mil\u00e1n, que se enfrent\u00f3 al modesto Como a quien vencieron 2-0, pero no les alcanz\u00f3 para celebrar tras la victoria del Napoli por &hellip;<\/p>\n","protected":false},"author":1,"featured_media":28548,"comment_status":"open","ping_status":"open","sticky":false,"template":"","format":"standard","meta":{"fifu_image_url":"https:\/\/www.futbolred.com\/files\/og_thumbnail\/uploads\/2020\/07\/02\/5efe781857c70.jpeg","fifu_image_alt":"","footnotes":""},"categories":[6],"tags":[],"class_list":["post-28546","post","type-post","status-publish","format-standard","has-post-thumbnail","","category-deportes"],"_links":{"self":[{"href":"https:\/\/noticiasveraces.com\/index.php?rest_route=\/wp\/v2\/posts\/28546","targetHints":{"allow":["GET"]}}],"collection":[{"href":"https:\/\/noticiasveraces.com\/index.php?rest_route=\/wp\/v2\/posts"}],"about":[{"href":"https:\/\/noticiasveraces.com\/index.php?rest_route=\/wp\/v2\/types\/post"}],"author":[{"embeddable":true,"href":"https:\/\/noticiasveraces.com\/index.php?rest_route=\/wp\/v2\/users\/1"}],"replies":[{"embeddable":true,"href":"https:\/\/noticiasveraces.com\/index.php?rest_route=%2Fwp%2Fv2%2Fcomments&post=28546"}],"version-history":[{"count":0,"href":"https:\/\/noticiasveraces.com\/index.php?rest_route=\/wp\/v2\/posts\/28546\/revisions"}],"wp:featuredmedia":[{"embeddable":true,"href":"https:\/\/noticiasveraces.com\/index.php?rest_route=\/wp\/v2\/media\/28548"}],"wp:attachment":[{"href":"https:\/\/noticiasveraces.com\/index.php?rest_route=%2Fwp%2Fv2%2Fmedia&parent=28546"}],"wp:term":[{"taxonomy":"category","embeddable":true,"href":"https:\/\/noticiasveraces.com\/index.php?rest_route=%2Fwp%2Fv2%2Fcategories&post=28546"},{"taxonomy":"post_tag","embeddable":true,"href":"https:\/\/noticiasveraces.com\/index.php?rest_route=%2Fwp%2Fv2%2Ftags&post=28546"}],"curies":[{"name":"wp","href":"https:\/\/api.w.org\/{rel}","templated":true}]}}