{"id":28499,"date":"2025-05-23T17:31:30","date_gmt":"2025-05-23T21:31:30","guid":{"rendered":"https:\/\/noticiasveraces.com\/?p=28499"},"modified":"2025-05-23T17:31:30","modified_gmt":"2025-05-23T21:31:30","slug":"las-familias-toman-las-calles-en-busca-de-seguridad-alrededor-de-los-colegios-nos-hemos-acostumbrado-a-estar-alerta-clima-y-medio-ambiente","status":"publish","type":"post","link":"https:\/\/noticiasveraces.com\/?p=28499","title":{"rendered":"Las familias toman las calles en busca de seguridad alrededor de los colegios: \u201cNos hemos acostumbrado a estar alerta\u201d | Clima y Medio Ambiente"},"content":{"rendered":"<p> \n<\/p>\n<div data-dtm-region=\"articulo_cuerpo\">\n<p class=\"\">Ni\u00f1os corriendo. Risas fuertes. Peque\u00f1os pint\u00e1ndose la cara con las mismas tizas con las que embadurnan el suelo. Padres conversando. Ni\u00f1os jugando a la cuerda, a la pelota y con agua. Todo esto en el asfalto, por donde los coches pasaban hasta las 16:00, la hora de salida de los colegios. Est\u00e1 cortada dos horas por la protesta. Ni los mismos chicos se lo creen: \u201cAnda, que no hay coches, no van a pasar\u201d, le dice una madre a su hijo de unos tres a\u00f1os en la puerta del colegio Rep\u00fablica de Venezuela, en Usera, Madrid. Como parte de la campa\u00f1a europea <i>Calle para ni\u00f1os, <\/i>varios colegios de Espa\u00f1a han cortado el tr\u00e1fico en las calles escolares con la intenci\u00f3n de que estas sean espacios seguros para los menores, sin coches y con menos contaminaci\u00f3n y ruido. Seg\u00fan la organizaci\u00f3n, se esperaba que cerca de 80 colegios del pa\u00eds participasen en la jornada, con casi 550 eventos de este tipo en toda Europa.<\/p>\n<p class=\"\">Desde hace cinco a\u00f1os familias y organizaciones ecol\u00f3gicas lo demandan. Lo hac\u00edan a trav\u00e9s de la Revuelta escolar quienes cortaban las calles frente a los colegios un viernes al mes en diferentes ciudades de Espa\u00f1a. Esta vez, las actividades han estado enmarcadas en la campa\u00f1a <i>Calle para ni\u00f1os<\/i>organizada por entidades como la red europea Clean Cities o Ecologistas en Acci\u00f3n, y llevada a cabo por diversas asociaciones de familias del alumnado.<\/p>\n<p class=\"\">Ana V\u00e1zquez, quien es parte de la AFA en el colegio Rep\u00fablica de Venezuela y tiene otro hijo en la escuela infantil Zof\u00edo \u2015ubicados a pocos metros de distancia\u2015, dice: \u201cEventos como el de hoy, en los que vivimos por un d\u00eda la calzada como un espacio propio para la infancia, tienen como finalidad hacernos tomar conciencia de que habitamos trazados urbanos dise\u00f1ados y pensados para los coches\u201d. <\/p>\n<figure class=\"a_m a_m-h \"><span class=\"_db a_m_w _pr lb_btn\"><img alt=\"Familias del colegio Rep\u00fablica de Venezuela en Usera.\" decoding=\"auto\" class=\"_re lazyload a_m-h\" height=\"276\" srcset=\"https:\/\/imagenes.elpais.com\/resizer\/v2\/7M33GV5Z35CPHLCNKV3CMZP63A.jpg?auth=5b1b807cb78c05694ff4cac59bd3a60a053376c4b159757155abbe5e598366d3&amp;width=414 414w,https:\/\/imagenes.elpais.com\/resizer\/v2\/7M33GV5Z35CPHLCNKV3CMZP63A.jpg?auth=5b1b807cb78c05694ff4cac59bd3a60a053376c4b159757155abbe5e598366d3&amp;width=828 640w,https:\/\/imagenes.elpais.com\/resizer\/v2\/7M33GV5Z35CPHLCNKV3CMZP63A.jpg?auth=5b1b807cb78c05694ff4cac59bd3a60a053376c4b159757155abbe5e598366d3&amp;width=980 1000w,https:\/\/imagenes.elpais.com\/resizer\/v2\/7M33GV5Z35CPHLCNKV3CMZP63A.jpg?auth=5b1b807cb78c05694ff4cac59bd3a60a053376c4b159757155abbe5e598366d3&amp;width=1960 1960w\" width=\"414\" sizes=\"auto, (min-width:1199px) 1155px,(min-width:1001px) calc(100vw - 44px),(min-width:768px) 767px, 100vw\" src=\"https:\/\/imagenes.elpais.com\/resizer\/v2\/7M33GV5Z35CPHLCNKV3CMZP63A.jpg?auth=5b1b807cb78c05694ff4cac59bd3a60a053376c4b159757155abbe5e598366d3&amp;width=414\" loading=\"lazy\"\/><svg aria-hidden=\"true\" class=\"icon_multimedia_ampliar | _pa a_m_i a_m_i-a _dn\" viewbox=\"0 0 40 40\"><use xlink:href=\"#svg-ampliar\"\/><\/svg><\/span><figcaption class=\"a_m_p\" aria-hidden=\"true\"><span>Familias del colegio Rep\u00fablica de Venezuela en Usera.<\/span><span class=\"a_m_m\">Francesca Raffo<\/span><\/figcaption><\/figure>\n<p class=\"\">As\u00ed, explica que los objetivos son claros: seguridad en entornos escolares y calidad de aire. El domingo 11 de mayo esta comunidad educativa qued\u00f3 marcada cuando un coche atropell\u00f3 al peque\u00f1o Ian de seis a\u00f1os, quien muri\u00f3 al d\u00eda siguiente. <\/p>\n<p class=\"\">Los padres no quieren soluciones a medias, demandan calles escolares peatonalizadas. Nerea Ram\u00edrez dice junto a V\u00e1zquez que \u201cla campa\u00f1a persigue que se quite el tr\u00e1fico de las puertas de los colegios\u201d. Y a\u00f1ade que no por poner una se\u00f1al de \u201ccalle escolar\u201d, donde la m\u00e1xima velocidad es de 20 kil\u00f3metros por hora, se hacen espacios seguros: \u201cAqu\u00ed est\u00e1 puesta y se ha matado a un ni\u00f1o\u201d, sostiene.<\/p>\n<p class=\"\">La campa\u00f1a <i>Calle para ni\u00f1os<\/i> tambi\u00e9n lleg\u00f3 al colegio Miguel de Unamuno en Arganzuela. Ah\u00ed la Polic\u00eda cerr\u00f3 las dos calles colindantes al colegio. Los ni\u00f1os jugaban y corr\u00edan fascinados. \u201cEs un cambio brutal para la comunidad entera\u201d, dice Alejandro Cencerrado, padre de un alumno del colegio. Este centro, que tiene unos 700 alumnos, fue uno de los que el Ayuntamiento remodel\u00f3 para convertirlo en calle escolar. Sin embargo, para los padres de familia estas medidas no han sido, en absoluto, suficientes. <\/p>\n<p class=\"\">Antes de la jornada la AFA del colegio entreg\u00f3 un folleto informativo a los otros padres, que explica qu\u00e9 calles podr\u00edan peatonalizarse y por qu\u00e9 quieren esta medida: \u201cTrabajamos para conseguir que nuestros hijos tengan la libertad para jugar libres y seguros al salir del colegio, sin el miedo continuo de los coches. Nos hemos acostumbrado a tener que estar alerta y pensamos que no deber\u00eda ser as\u00ed\u201d.<\/p>\n<figure class=\"a_m a_m-h \"><span class=\"_db a_m_w _pr lb_btn\"><img alt=\"Familias del colegio Miguel de Unamuno en Arganzuela.\" decoding=\"auto\" class=\"_re lazyload a_m-h\" height=\"276\" srcset=\"https:\/\/imagenes.elpais.com\/resizer\/v2\/GISBGGFMFBDJNLO6KM5WVWBXHY.jpg?auth=746f264d742274da6f0c6ca523707792588a7d3bd4bcc0ea554c1debe930655a&amp;width=414 414w,https:\/\/imagenes.elpais.com\/resizer\/v2\/GISBGGFMFBDJNLO6KM5WVWBXHY.jpg?auth=746f264d742274da6f0c6ca523707792588a7d3bd4bcc0ea554c1debe930655a&amp;width=828 640w,https:\/\/imagenes.elpais.com\/resizer\/v2\/GISBGGFMFBDJNLO6KM5WVWBXHY.jpg?auth=746f264d742274da6f0c6ca523707792588a7d3bd4bcc0ea554c1debe930655a&amp;width=980 1000w,https:\/\/imagenes.elpais.com\/resizer\/v2\/GISBGGFMFBDJNLO6KM5WVWBXHY.jpg?auth=746f264d742274da6f0c6ca523707792588a7d3bd4bcc0ea554c1debe930655a&amp;width=1960 1960w\" width=\"414\" sizes=\"auto, (min-width:1199px) 1155px,(min-width:1001px) calc(100vw - 44px),(min-width:768px) 767px, 100vw\" src=\"https:\/\/imagenes.elpais.com\/resizer\/v2\/GISBGGFMFBDJNLO6KM5WVWBXHY.jpg?auth=746f264d742274da6f0c6ca523707792588a7d3bd4bcc0ea554c1debe930655a&amp;width=414\" loading=\"lazy\"\/><svg aria-hidden=\"true\" class=\"icon_multimedia_ampliar | _pa a_m_i a_m_i-a _dn\" viewbox=\"0 0 40 40\"><use xlink:href=\"#svg-ampliar\"\/><\/svg><\/span><figcaption class=\"a_m_p\" aria-hidden=\"true\"><span>Familias del colegio Miguel de Unamuno en Arganzuela.<\/span><span class=\"a_m_m\">Francesca Raffo<\/span><\/figcaption><\/figure>\n<p class=\"\">Alejandro comenta sobre la actividad del viernes: \u201cNuestra idea al cortar la calle es que las familias vean lo bien que se est\u00e1 cuando dejan de pasar coches\u201d. Esta es la s\u00e9ptima edici\u00f3n de <i>Calle para ni\u00f1os<\/i>que se realiza desde el 2022 en Espa\u00f1a, indica Carmen Duce, coordinadora de la campa\u00f1a en Espa\u00f1a. Con esta buscan que \u201cse pueda fomentar la movilidad aut\u00f3noma de los ni\u00f1os, que puedan recuperar la calle y la manera de ir al colegio de hace unas cuantas d\u00e9cadas, cuando se iba caminando. Desgraciadamente, los espacios p\u00fablicos se han llenado de coches\u201d, dice. <\/p>\n<h3 class=\"\">Zonas sin riesgo<\/h3>\n<p class=\"\">Seg\u00fan indican desde <i>Calle para ni\u00f1os<\/i>la jornada de este viernes se ha realizado en ciudades como Madrid, Barcelona, Valladolid, Valencia y Logro\u00f1o, entre otras. A trav\u00e9s de las diferentes actividades, las familias han pedido a los ayuntamientos medidas claras que garanticen de forma eficaz las limitaciones del tr\u00e1fico, el control real de la velocidad y medidas urbanas que protejan a los menores frente a la contaminaci\u00f3n y el peligro vial.<\/p>\n<p class=\"\">Seg\u00fan un estudio de Ecologistas en Acci\u00f3n en 174 centros educativos, el 99% de los entornos escolares en Espa\u00f1a superan los niveles de di\u00f3xido de nitr\u00f3geno recomendados por la Organizaci\u00f3n Mundial de la Salud (OMS). Adem\u00e1s, los coches generan problemas de ruido y falta de espacio p\u00fablico. <\/p>\n<p class=\"\">Aunque los atropellos no son el \u00fanico peligro relacionado con los coches en zonas escolares, durante los \u00faltimos a\u00f1os s\u00ed que han desencadenado las protestas. As\u00ed fue en 2019 cuando un motorista atropell\u00f3 y mat\u00f3 a Hugo de tan solo cinco a\u00f1os cuando sal\u00eda del colegio.<\/p>\n<figure class=\"a_m a_m-h \"><span class=\"_db a_m_w _pr lb_btn\"><img alt=\"Familias del colegio Miguel de Unamuno en Arganzuela.\" decoding=\"auto\" class=\"_re lazyload a_m-h\" height=\"277\" srcset=\"https:\/\/imagenes.elpais.com\/resizer\/v2\/6O5G33VJABDSPIZQ73SQ665BFE.jpg?auth=42209ea83d8b424afe35787b56907755096d57ebe4b3c41bc6b0f46b5b47d8de&amp;width=414 414w,https:\/\/imagenes.elpais.com\/resizer\/v2\/6O5G33VJABDSPIZQ73SQ665BFE.jpg?auth=42209ea83d8b424afe35787b56907755096d57ebe4b3c41bc6b0f46b5b47d8de&amp;width=828 640w,https:\/\/imagenes.elpais.com\/resizer\/v2\/6O5G33VJABDSPIZQ73SQ665BFE.jpg?auth=42209ea83d8b424afe35787b56907755096d57ebe4b3c41bc6b0f46b5b47d8de&amp;width=980 1000w,https:\/\/imagenes.elpais.com\/resizer\/v2\/6O5G33VJABDSPIZQ73SQ665BFE.jpg?auth=42209ea83d8b424afe35787b56907755096d57ebe4b3c41bc6b0f46b5b47d8de&amp;width=1960 1960w\" width=\"414\" sizes=\"auto, (min-width:1199px) 1155px,(min-width:1001px) calc(100vw - 44px),(min-width:768px) 767px, 100vw\" src=\"https:\/\/imagenes.elpais.com\/resizer\/v2\/6O5G33VJABDSPIZQ73SQ665BFE.jpg?auth=42209ea83d8b424afe35787b56907755096d57ebe4b3c41bc6b0f46b5b47d8de&amp;width=414\" loading=\"lazy\"\/><svg aria-hidden=\"true\" class=\"icon_multimedia_ampliar | _pa a_m_i a_m_i-a _dn\" viewbox=\"0 0 40 40\"><use xlink:href=\"#svg-ampliar\"\/><\/svg><\/span><figcaption class=\"a_m_p\" aria-hidden=\"true\"><span>Familias del colegio Miguel de Unamuno en Arganzuela.<\/span><span class=\"a_m_m\">Francesca Raffo<\/span><\/figcaption><\/figure>\n<p class=\"\">Lo mismo en 2021 cuando Mar\u00eda, de 6 a\u00f1os, fue atropellada en Madrid. Este viernes, especialmente en el colegio Rep\u00fablica de Venezuela de Madrid, las familias han recordado al peque\u00f1o Ian, de seis a\u00f1os.<\/p>\n<p class=\"\">Seg\u00fan una encuesta (a 500 menores) de la ONG Educo, quienes trabajan por el bienestar de la infancia, m\u00e1s de la mitad de los chicos creen que el entorno en el que se estudia no est\u00e1 dise\u00f1ado para promover su bienestar, ni est\u00e1 adaptado a las necesidades de todas las personas. Y una de las cosas que destacaban era la necesidad de m\u00e1s espacios luminosos y al aire libre<\/p>\n<\/div>\n\n","protected":false},"excerpt":{"rendered":"<p>Ni\u00f1os corriendo. Risas fuertes. Peque\u00f1os pint\u00e1ndose la cara con las mismas tizas con las que embadurnan el suelo. Padres conversando. Ni\u00f1os jugando a la cuerda, a la pelota y con agua. Todo esto en el asfalto, por donde los coches pasaban hasta las 16:00, la hora de salida de los colegios. Est\u00e1 cortada dos horas &hellip;<\/p>\n","protected":false},"author":1,"featured_media":28500,"comment_status":"open","ping_status":"open","sticky":false,"template":"","format":"standard","meta":{"fifu_image_url":"https:\/\/imagenes.elpais.com\/resizer\/v2\/QRYCZCJLAZAUDAJSPP3YFSR5JQ.jpg?auth=6b068801dba9998cca003542bdddb05988a1c99984698949135d77a464bcc000&width=1200","fifu_image_alt":"","footnotes":""},"categories":[11],"tags":[],"class_list":["post-28499","post","type-post","status-publish","format-standard","has-post-thumbnail","","category-viaje"],"_links":{"self":[{"href":"https:\/\/noticiasveraces.com\/index.php?rest_route=\/wp\/v2\/posts\/28499","targetHints":{"allow":["GET"]}}],"collection":[{"href":"https:\/\/noticiasveraces.com\/index.php?rest_route=\/wp\/v2\/posts"}],"about":[{"href":"https:\/\/noticiasveraces.com\/index.php?rest_route=\/wp\/v2\/types\/post"}],"author":[{"embeddable":true,"href":"https:\/\/noticiasveraces.com\/index.php?rest_route=\/wp\/v2\/users\/1"}],"replies":[{"embeddable":true,"href":"https:\/\/noticiasveraces.com\/index.php?rest_route=%2Fwp%2Fv2%2Fcomments&post=28499"}],"version-history":[{"count":0,"href":"https:\/\/noticiasveraces.com\/index.php?rest_route=\/wp\/v2\/posts\/28499\/revisions"}],"wp:featuredmedia":[{"embeddable":true,"href":"https:\/\/noticiasveraces.com\/index.php?rest_route=\/wp\/v2\/media\/28500"}],"wp:attachment":[{"href":"https:\/\/noticiasveraces.com\/index.php?rest_route=%2Fwp%2Fv2%2Fmedia&parent=28499"}],"wp:term":[{"taxonomy":"category","embeddable":true,"href":"https:\/\/noticiasveraces.com\/index.php?rest_route=%2Fwp%2Fv2%2Fcategories&post=28499"},{"taxonomy":"post_tag","embeddable":true,"href":"https:\/\/noticiasveraces.com\/index.php?rest_route=%2Fwp%2Fv2%2Ftags&post=28499"}],"curies":[{"name":"wp","href":"https:\/\/api.w.org\/{rel}","templated":true}]}}