{"id":28492,"date":"2025-05-23T15:10:17","date_gmt":"2025-05-23T19:10:17","guid":{"rendered":"https:\/\/noticiasveraces.com\/?p=28492"},"modified":"2025-05-23T15:10:17","modified_gmt":"2025-05-23T19:10:17","slug":"el-museo-fenix-de-rotterdam-y-las-emociones-de-la-migracion-dw-23-05-2025","status":"publish","type":"post","link":"https:\/\/noticiasveraces.com\/?p=28492","title":{"rendered":"El museo F\u00e9nix de Rotterdam y las emociones de la migraci\u00f3n \u2013 DW \u2013 23\/05\/2025"},"content":{"rendered":"<p> \n<\/p>\n<div>\n<p>Las grandes emociones que acompa\u00f1an al fen\u00f3meno de la migraci\u00f3n\u00a0son coraje, esperanza, confianza, pero tambi\u00e9n la nostalgia, el miedo y el dolor por la despedida. En el nuevo museo de arte F\u00e9nix, que abri\u00f3 sus puertas en Rotterdam a mediados de mayo, todas ellas encuentran espacio y expresi\u00f3n.<\/p>\n<p>Especialmente llamativa es una estructura en forma de espiral, que reluce de forma espectacular sobre el tejado. Se trata de una escalera de acero inoxidable que serpentea por el centro del edificio como una doble h\u00e9lice retorcida y que, por su aspecto, recibe el nombre de \u00abtornado\u00bb. Un mirador corona\u00a0el intrincado \u00abtornado\u00bb en el tejado, que ofrece una vista espectacular sobre el r\u00edo Maas y la ciudad de Rotterdam.<\/p>\n<h2>El \u00abtornado\u00bb evoca el movimiento<\/h2>\n<p>Los visitantes pueden elegir entre distintas rutas para ascender. Seg\u00fan el arquitecto chino Ma Yansong, su dise\u00f1o es una met\u00e1fora de la migraci\u00f3n y el movimiento. \u00abEsencialmente, hemos creado un viaje lineal que te lleva arriba y abajo\u00bb, dice Yansong. Est\u00e1 pensado para toparse con otros visitantes en las escaleras, una especie de lugar de encuentro para desconocidos que forma parte del concepto.<\/p>\n<figure class=\"placeholder-image master_landscape big\"><img data-format=\"MASTER_LANDSCAPE\" data-id=\"72645658\" data-url=\"https:\/\/static.dw.com\/image\/72645658_${formatId}.jpg\" data-aspect-ratio=\"16\/9\" alt=\"Mirador en lo alto de un edificio. A la izquierda edificios de una ciudad.\" style=\"padding-bottom: 56.25%; height: 0; max-height: 0;\"\/><figcaption class=\"img-caption\">Desde el espectacular mirador que corona la estructura en espiral que atraviesa el edificio del museo F\u00e9nix, hay una fant\u00e1stica vista de Rotterdam y el r\u00edo Maas.<small class=\"copyright\">Imagen: Lucia Schulten<\/small><\/figcaption><\/figure>\n<p>Por otro lado, la orientaci\u00f3n vertical del \u00abtornado\u00bb contrasta deliberadamente con la horizontalidad del edificio que alberga el museo. El edificio est\u00e1 ubicado en un antiguo almac\u00e9n de la compa\u00f1\u00eda naviera Holland-America Line de 1923, un lugar altamente simb\u00f3lico. Desde finales del siglo XIX, varios millones de personas emigraron desde Europa hasta Norteam\u00e9rica desde los muelles circundantes.<\/p>\n<h2>Arte en el antiguo almac\u00e9n inundado de luz<\/h2>\n<p>Al entrar en el antiguo almac\u00e9n, nos encontramos en un moderno museo inundado de luz, con varias exposiciones centradas en el tema de la migraci\u00f3n. Un tema que tiene una gran carga pol\u00edtica y que se asocia con muchos estereotipos.<\/p>\n<p>Aqu\u00ed, sin embargo, la atenci\u00f3n se centra en otra cosa, dice la directora del museo, Anne Kremers. \u00abLa migraci\u00f3n forma parte de nuestra naturaleza humana. Mientras existamos como seres humanos, nos movemos, nos desplazamos, y siempre ser\u00e1 as\u00ed\u00bb, explica a DW. El museo quiere mostrar que la migraci\u00f3n es \u00abatemporal y universal, pero, sobre todo, muy personal\u00bb. Muchos de los artistas expuestos han incorporado sus experiencias personales a sus obras.<\/p>\n<h2>Experiencias personales<\/h2>\n<p>Por ejemplo, la artista surcoreana Kimsooja, que vivi\u00f3 una infancia llena de mudanzas por ser hija de un soldado. Su obra \u00abBottari-Truck- Migrateurs\u00bb, de 2007, es un colorido testimonio de aquella experiencia. Varias docenas de bultos de colores se apilan en un viejo cami\u00f3n de cajas abiertas, sujetas con telas, que se utilizan tradicionalmente en Corea para transportar objetos. <\/p>\n<figure class=\"placeholder-image master_landscape big\"><img data-format=\"MASTER_LANDSCAPE\" data-id=\"72645432\" data-url=\"https:\/\/static.dw.com\/image\/72645432_${formatId}.jpg\" data-aspect-ratio=\"16\/9\" alt=\"Auto con remolque cargado de sacos de colores.\" style=\"padding-bottom: 56.25%; height: 0; max-height: 0;\"\/><figcaption class=\"img-caption\">La obra \u00abBottari-Truck- Migrateurs\u00bb (2007), evoca la infancia de la artista surcoreana Kimsooja, llena de mudanzas por ser hija de un militar.<small class=\"copyright\">Imagen: Lucia Schulten<\/small><\/figcaption><\/figure>\n<p>Los cerca de 150 objetos expuestos en la muestra \u00abTodas las direcciones\u00bb abordan el tema de la migraci\u00f3n de diversas maneras. Adem\u00e1s de objetos de tem\u00e1tica muy viva, como un barco donado por la aduana del puerto de Lampedusa, hay obras con una referencia m\u00e1s sutil a la migraci\u00f3n.<\/p>\n<p>Hay tanto arte contempor\u00e1neo, como piezas hist\u00f3ricas. Por ejemplo, el museo expone un retrato de Desiderius Erasmus -oriundo de Rotterdam y cosmopolita por excelencia- realizado por el pintor del siglo XVI Hans Holbein el Joven. Se trata de una obra hasta hace poco desconocida. <\/p>\n<figure class=\"placeholder-image master_landscape big\"><img data-format=\"MASTER_LANDSCAPE\" data-id=\"72645622\" data-url=\"https:\/\/static.dw.com\/image\/72645622_${formatId}.jpg\" data-aspect-ratio=\"16\/9\" alt=\"Figuras que representan los pasajeros de un autob\u00fas.\" style=\"padding-bottom: 56.25%; height: 0; max-height: 0;\"\/><figcaption class=\"img-caption\">El visitante puede subirse a este autob\u00fas neoyorquino y compartir espacio con los pasajeros: \u00abThe Bus\u00bb, una obra de 1995 del artista estadounidense Red Grooms. <small class=\"copyright\">Imagen: Lucia Schulten<\/small><\/figcaption><\/figure>\n<p>Llama especialmente la atenci\u00f3n\u00a0\u00abThe Bus\u00bb, de 1995, obra del artista estadounidense Red Grooms. El visitante puede subirse a un autob\u00fas neoyorquino para unirse a varios pasajeros de aspecto exc\u00e9ntricos concebidos en la est\u00e9tica <em>arte pop<\/em>.<\/p>\n<h2>Un laberinto de maletas que narra historias reales<\/h2>\n<p>El Museo F\u00e9nix ha reunido unas dos mil maletas. Abdelkader Benali, que trabaja como conservador en el Museo Fenix y es escritor, subraya a DW la importancia de las maletas para los emigrantes. Detr\u00e1s de cada una hay una historia de migraci\u00f3n personal, a menudo desgarradora: \u00abNormalmente se trata de buscar un futuro mejor, lleno de esperanza y optimismo. Pero tambi\u00e9n del sacrificio de abandonar a tu familia, dejar atr\u00e1s a tus seres queridos, decir adi\u00f3s y quiz\u00e1s no volver nunca m\u00e1s\u00bb, dice Benali.<\/p>\n<p>Una de las maletas m\u00e1s antiguas pertenec\u00eda a Willemine, que se traslad\u00f3 a China en 1898 tras casarse. Pero, cuando su matrimonio fracas\u00f3, regres\u00f3 a Holanda con sus cuatro hijos en el ferrocarril transiberiano en 1911. Su nieto don\u00f3 la maleta al museo. La maleta simboliza la fuerza y la independencia de Willemine, que tambi\u00e9n particip\u00f3 en el movimiento feminista.<\/p>\n<p><span data-slot-id=\"Article_InContent-1\" class=\"rich-text-ad\"\/><\/p>\n<h2>Grandes emociones capturadas para la eternidad<\/h2>\n<p>El lado emocional de la emigraci\u00f3n tambi\u00e9n se documenta en la exposici\u00f3n fotogr\u00e1fica \u00abLa familia de los emigrantes\u00bb. Se exhiben fotograf\u00edas procedentes de 55 pa\u00edses, que tratan sobre despedidas, llegadas, viajes y amor.<\/p>\n<p>Seg\u00fan el museo, las fotos proceden de archivos, museos, bases de datos, as\u00ed como de redes sociales y peri\u00f3dicos. Con su emotivo enfoque del tema de la migraci\u00f3n, el Museo F\u00e9nix crea una perspectiva fresca sobre uno de los temas m\u00e1s polarizantes de nuestro tiempo. Ofrece espacio para los sentimientos, las ideas y las experiencias. y, al centrarse en las personas, fomenta la empat\u00eda sin ser pedag\u00f3gico. La arquitectura y el arte se expresan por s\u00ed mismos.<\/p>\n<p>(MS\/CP)<\/p>\n<\/div>\n\n","protected":false},"excerpt":{"rendered":"<p>Las grandes emociones que acompa\u00f1an al fen\u00f3meno de la migraci\u00f3n\u00a0son coraje, esperanza, confianza, pero tambi\u00e9n la nostalgia, el miedo y el dolor por la despedida. En el nuevo museo de arte F\u00e9nix, que abri\u00f3 sus puertas en Rotterdam a mediados de mayo, todas ellas encuentran espacio y expresi\u00f3n. Especialmente llamativa es una estructura en forma &hellip;<\/p>\n","protected":false},"author":1,"featured_media":28493,"comment_status":"open","ping_status":"open","sticky":false,"template":"","format":"standard","meta":{"fifu_image_url":"https:\/\/static.dw.com\/image\/72645871_6.jpg","fifu_image_alt":"","footnotes":""},"categories":[13],"tags":[],"class_list":["post-28492","post","type-post","status-publish","format-standard","has-post-thumbnail","","category-mundo"],"_links":{"self":[{"href":"https:\/\/noticiasveraces.com\/index.php?rest_route=\/wp\/v2\/posts\/28492","targetHints":{"allow":["GET"]}}],"collection":[{"href":"https:\/\/noticiasveraces.com\/index.php?rest_route=\/wp\/v2\/posts"}],"about":[{"href":"https:\/\/noticiasveraces.com\/index.php?rest_route=\/wp\/v2\/types\/post"}],"author":[{"embeddable":true,"href":"https:\/\/noticiasveraces.com\/index.php?rest_route=\/wp\/v2\/users\/1"}],"replies":[{"embeddable":true,"href":"https:\/\/noticiasveraces.com\/index.php?rest_route=%2Fwp%2Fv2%2Fcomments&post=28492"}],"version-history":[{"count":0,"href":"https:\/\/noticiasveraces.com\/index.php?rest_route=\/wp\/v2\/posts\/28492\/revisions"}],"wp:featuredmedia":[{"embeddable":true,"href":"https:\/\/noticiasveraces.com\/index.php?rest_route=\/wp\/v2\/media\/28493"}],"wp:attachment":[{"href":"https:\/\/noticiasveraces.com\/index.php?rest_route=%2Fwp%2Fv2%2Fmedia&parent=28492"}],"wp:term":[{"taxonomy":"category","embeddable":true,"href":"https:\/\/noticiasveraces.com\/index.php?rest_route=%2Fwp%2Fv2%2Fcategories&post=28492"},{"taxonomy":"post_tag","embeddable":true,"href":"https:\/\/noticiasveraces.com\/index.php?rest_route=%2Fwp%2Fv2%2Ftags&post=28492"}],"curies":[{"name":"wp","href":"https:\/\/api.w.org\/{rel}","templated":true}]}}