{"id":28480,"date":"2025-05-23T12:05:24","date_gmt":"2025-05-23T16:05:24","guid":{"rendered":"https:\/\/noticiasveraces.com\/?p=28480"},"modified":"2025-05-23T12:05:24","modified_gmt":"2025-05-23T16:05:24","slug":"muere-el-fotografo-brasileno-sebastiao-salgado-a-los-81-anos","status":"publish","type":"post","link":"https:\/\/noticiasveraces.com\/?p=28480","title":{"rendered":"Muere el fot\u00f3grafo brasile\u00f1o Sebasti\u00e3o Salgado a los 81 a\u00f1os"},"content":{"rendered":"<p> \n<br \/>Muere el fot\u00f3grafo brasile\u00f1o Sebasti\u00e3o Salgado a los 81 a\u00f1os<br \/>\n<br \/>\n","protected":false},"excerpt":{"rendered":"<p>Muere el fot\u00f3grafo brasile\u00f1o Sebasti\u00e3o Salgado a los 81 a\u00f1os<\/p>\n","protected":false},"author":1,"featured_media":28481,"comment_status":"open","ping_status":"open","sticky":false,"template":"","format":"standard","meta":{"fifu_image_url":"https:\/\/static.dw.com\/image\/69105338_6.jpg","fifu_image_alt":"","footnotes":""},"categories":[13],"tags":[],"class_list":["post-28480","post","type-post","status-publish","format-standard","has-post-thumbnail","","category-mundo"],"_links":{"self":[{"href":"https:\/\/noticiasveraces.com\/index.php?rest_route=\/wp\/v2\/posts\/28480","targetHints":{"allow":["GET"]}}],"collection":[{"href":"https:\/\/noticiasveraces.com\/index.php?rest_route=\/wp\/v2\/posts"}],"about":[{"href":"https:\/\/noticiasveraces.com\/index.php?rest_route=\/wp\/v2\/types\/post"}],"author":[{"embeddable":true,"href":"https:\/\/noticiasveraces.com\/index.php?rest_route=\/wp\/v2\/users\/1"}],"replies":[{"embeddable":true,"href":"https:\/\/noticiasveraces.com\/index.php?rest_route=%2Fwp%2Fv2%2Fcomments&post=28480"}],"version-history":[{"count":0,"href":"https:\/\/noticiasveraces.com\/index.php?rest_route=\/wp\/v2\/posts\/28480\/revisions"}],"wp:featuredmedia":[{"embeddable":true,"href":"https:\/\/noticiasveraces.com\/index.php?rest_route=\/wp\/v2\/media\/28481"}],"wp:attachment":[{"href":"https:\/\/noticiasveraces.com\/index.php?rest_route=%2Fwp%2Fv2%2Fmedia&parent=28480"}],"wp:term":[{"taxonomy":"category","embeddable":true,"href":"https:\/\/noticiasveraces.com\/index.php?rest_route=%2Fwp%2Fv2%2Fcategories&post=28480"},{"taxonomy":"post_tag","embeddable":true,"href":"https:\/\/noticiasveraces.com\/index.php?rest_route=%2Fwp%2Fv2%2Ftags&post=28480"}],"curies":[{"name":"wp","href":"https:\/\/api.w.org\/{rel}","templated":true}]}}