{"id":28475,"date":"2025-05-23T11:03:22","date_gmt":"2025-05-23T15:03:22","guid":{"rendered":"https:\/\/noticiasveraces.com\/?p=28475"},"modified":"2025-05-23T11:03:22","modified_gmt":"2025-05-23T15:03:22","slug":"netanyahu-le-dice-a-los-lideres-occidentales-que-estan-en-el-lado-equivocado-de-la-historia-sobre-gaza","status":"publish","type":"post","link":"https:\/\/noticiasveraces.com\/?p=28475","title":{"rendered":"Netanyahu le dice a los l\u00edderes occidentales que est\u00e1n en el \u00ablado equivocado de la historia\u00bb sobre Gaza"},"content":{"rendered":"<p> \n<\/p>\n<div>\n<p class=\"speakable\">El primer ministro israel\u00ed, Benjamin Netanyahu, no se detuvo en sus cr\u00edticas al primer ministro del Reino Unido, Keir Starmer, al presidente franc\u00e9s Emmanuel Macron y al primer ministro canadiense Mark Carney. <\/p>\n<p class=\"speakable\">La condena del l\u00edder israel\u00ed se produce despu\u00e9s de que el Reino Unido, Francia y Canad\u00e1 emitieron una declaraci\u00f3n conjunta que exige que Israel termine su campa\u00f1a militar en Gaza.<\/p>\n<p>En una declaraci\u00f3n de video publicada el jueves, Netanyahu dijo que Hamas no quiere un estado palestino; M\u00e1s bien, el grupo terrorista quiere la destrucci\u00f3n del estado de Israel. \u00c9l cuestion\u00f3 c\u00f3mo esta \u00abverdad simple evade a los l\u00edderes de Francia, Gran Breta\u00f1a, Canad\u00e1 y otros\u00bb. Netanyahu acus\u00f3 al Reino Unido, Francia y Canad\u00e1 de dar a Hamas \u00abel premio final\u00bb en su insistencia en el establecimiento de un estado palestino.<\/p>\n<div class=\"image-ct inline\">\n<div class=\"m\"><picture><source media=\"(max-width: 767px)\" srcset=\"https:\/\/a57.foxnews.com\/static.foxnews.com\/foxnews.com\/content\/uploads\/2025\/04\/343\/192\/benjamin-netanyahu.jpg?ve=1&amp;tl=1, https:\/\/a57.foxnews.com\/static.foxnews.com\/foxnews.com\/content\/uploads\/2025\/04\/686\/384\/benjamin-netanyahu.jpg?ve=1&amp;tl=1 2x\" height=\"192\" width=\"343\"><source media=\"(min-width: 768px) and (max-width: 1023px)\" srcset=\"https:\/\/a57.foxnews.com\/static.foxnews.com\/foxnews.com\/content\/uploads\/2025\/04\/672\/378\/benjamin-netanyahu.jpg?ve=1&amp;tl=1, https:\/\/a57.foxnews.com\/static.foxnews.com\/foxnews.com\/content\/uploads\/2025\/04\/1344\/756\/benjamin-netanyahu.jpg?ve=1&amp;tl=1 2x\" height=\"378\" width=\"672\"><source media=\"(min-width: 1024px) and (max-width: 1279px)\" srcset=\"https:\/\/a57.foxnews.com\/static.foxnews.com\/foxnews.com\/content\/uploads\/2025\/04\/931\/523\/benjamin-netanyahu.jpg?ve=1&amp;tl=1, https:\/\/a57.foxnews.com\/static.foxnews.com\/foxnews.com\/content\/uploads\/2025\/04\/1862\/1046\/benjamin-netanyahu.jpg?ve=1&amp;tl=1 2x\" height=\"523\" width=\"931\"><source media=\"(min-width: 1280px)\" srcset=\"https:\/\/a57.foxnews.com\/static.foxnews.com\/foxnews.com\/content\/uploads\/2025\/04\/720\/405\/benjamin-netanyahu.jpg?ve=1&amp;tl=1, https:\/\/a57.foxnews.com\/static.foxnews.com\/foxnews.com\/content\/uploads\/2025\/04\/1440\/810\/benjamin-netanyahu.jpg?ve=1&amp;tl=1 2x\" height=\"405\" width=\"720\"><img loading=\"lazy\" decoding=\"async\" src=\"https:\/\/a57.foxnews.com\/static.foxnews.com\/foxnews.com\/content\/uploads\/2025\/04\/1200\/675\/benjamin-netanyahu.jpg?ve=1&amp;tl=1\" alt=\"Israel Primer Ministro Benjamin Netanyahu\" width=\"1200\" height=\"675\"\/><\/source><\/source><\/source><\/source><\/picture><\/div>\n<div class=\"info\">\n<div class=\"caption\">\n<p><span>En esta imagen hecha de un video publicado por la oficina de prensa del gobierno israel\u00ed, el primer ministro Benjamin Netanyahu da una declaraci\u00f3n el martes 18 de marzo de 2025 en Tel Aviv, Israel.<\/span> <span>(Oficina de prensa del gobierno israel\u00ed a trav\u00e9s de AP)<\/span><\/p>\n<\/div>\n<\/div>\n<\/div>\n<p><strong>Israel regresa al Reino Unido por conversaciones comerciales suspendidas, rechaza la &#8216;presi\u00f3n externa&#8217;<\/strong><\/p>\n<p>\u00abBueno, durante 18 a\u00f1os tuvimos un estado palestino de facto. Se llama Gaza. \u00bfY qu\u00e9 obtuvimos? Paz?<\/p>\n<p>Hamas emiti\u00f3 una declaraci\u00f3n agradeciendo al Reino Unido, Francia y Canad\u00e1 por \u00abrechazar la pol\u00edtica de asedio y hambre perseguida por el gobierno de ocupaci\u00f3n contra nuestra gente en la Franja de Gaza, y los planes sionistas dirigidos al genocidio y el desplazamiento\u00bb, seg\u00fan el Jerusal\u00e9n Post.<\/p>\n<p>La organizaci\u00f3n terrorista tambi\u00e9n inst\u00f3 a los pa\u00edses \u00e1rabes e isl\u00e1micos, la Uni\u00f3n Europea y otros \u00aba tomar medidas urgentes y adoptar posiciones firmes y medidas concretas para detener la agresi\u00f3n sionista b\u00e1rbara\u00bb, entre otras cosas.<\/p>\n<div class=\"image-ct inline\">\n<div class=\"m\"><picture><source media=\"(max-width: 767px)\" srcset=\"https:\/\/a57.foxnews.com\/static.foxnews.com\/foxnews.com\/content\/uploads\/2025\/01\/343\/192\/hamas-in-gaza-2.jpeg?ve=1&amp;tl=1, https:\/\/a57.foxnews.com\/static.foxnews.com\/foxnews.com\/content\/uploads\/2025\/01\/686\/384\/hamas-in-gaza-2.jpeg?ve=1&amp;tl=1 2x\" height=\"192\" width=\"343\"><source media=\"(min-width: 768px) and (max-width: 1023px)\" srcset=\"https:\/\/a57.foxnews.com\/static.foxnews.com\/foxnews.com\/content\/uploads\/2025\/01\/672\/378\/hamas-in-gaza-2.jpeg?ve=1&amp;tl=1, https:\/\/a57.foxnews.com\/static.foxnews.com\/foxnews.com\/content\/uploads\/2025\/01\/1344\/756\/hamas-in-gaza-2.jpeg?ve=1&amp;tl=1 2x\" height=\"378\" width=\"672\"><source media=\"(min-width: 1024px) and (max-width: 1279px)\" srcset=\"https:\/\/a57.foxnews.com\/static.foxnews.com\/foxnews.com\/content\/uploads\/2025\/01\/931\/523\/hamas-in-gaza-2.jpeg?ve=1&amp;tl=1, https:\/\/a57.foxnews.com\/static.foxnews.com\/foxnews.com\/content\/uploads\/2025\/01\/1862\/1046\/hamas-in-gaza-2.jpeg?ve=1&amp;tl=1 2x\" height=\"523\" width=\"931\"><source media=\"(min-width: 1280px)\" srcset=\"https:\/\/a57.foxnews.com\/static.foxnews.com\/foxnews.com\/content\/uploads\/2025\/01\/720\/405\/hamas-in-gaza-2.jpeg?ve=1&amp;tl=1, https:\/\/a57.foxnews.com\/static.foxnews.com\/foxnews.com\/content\/uploads\/2025\/01\/1440\/810\/hamas-in-gaza-2.jpeg?ve=1&amp;tl=1 2x\" height=\"405\" width=\"720\"><img loading=\"lazy\" decoding=\"async\" src=\"https:\/\/a57.foxnews.com\/static.foxnews.com\/foxnews.com\/content\/uploads\/2025\/01\/1200\/675\/hamas-in-gaza-2.jpeg?ve=1&amp;tl=1\" alt=\"Terroristas de Hamas\" width=\"1200\" height=\"675\"\/><\/source><\/source><\/source><\/source><\/picture><\/div>\n<div class=\"info\">\n<div class=\"caption\">\n<p><span>Los terroristas de Hamas emergen de las sombras mientras rodean veh\u00edculos de la Cruz Roja. Seg\u00fan los informes, un hombre palestino fue asesinado por terroristas de Hamas despu\u00e9s de protestar contra el grupo. <\/span> <span>(TPS IL)<\/span><\/p>\n<\/div>\n<\/div>\n<\/div>\n<p><strong><u>El embajador israel\u00ed se arremende en la declaraci\u00f3n oficial de la ONU, Condemns UK, Francia, Canad\u00e1.<\/u><\/strong><\/p>\n<p>\u00abLe digo al presidente Macron, al primer ministro Carney y al primer ministro Starmer: cuando los asesinos en masa, los violadores, los asesinos de beb\u00e9s y los secuestradores gracias, est\u00e1s en el lado equivocado de la justicia\u00bb, dijo Netanyahu en una declaraci\u00f3n de video el jueves. \u00abEst\u00e1s en el lado equivocado de la humanidad y est\u00e1s en el lado equivocado de la historia\u00bb.<\/p>\n<p>Netanyahu continu\u00f3 diciendo que, mientras Starmer, Macron y Carney pueden pensar que est\u00e1n \u00abavanzando la paz\u00bb, en realidad est\u00e1n \u00abenvalentonando a Hamas para continuar luchando para siempre\u00bb.<\/p>\n<p>En respuesta a una solicitud de comentarios digitales de Fox News sobre la declaraci\u00f3n de Netanyahu, la oficina de Starmer se\u00f1al\u00f3 el puesto del Primer Ministro en X condenando los asesinatos de dos empleados de la embajada israel\u00ed en Washington, DC<\/p>\n<div class=\"image-ct inline\">\n<div class=\"m\"><picture><source media=\"(max-width: 767px)\" srcset=\"https:\/\/a57.foxnews.com\/static.foxnews.com\/foxnews.com\/content\/uploads\/2025\/05\/343\/192\/dc-shooting-5.png?ve=1&amp;tl=1, https:\/\/a57.foxnews.com\/static.foxnews.com\/foxnews.com\/content\/uploads\/2025\/05\/686\/384\/dc-shooting-5.png?ve=1&amp;tl=1 2x\" height=\"192\" width=\"343\"><source media=\"(min-width: 768px) and (max-width: 1023px)\" srcset=\"https:\/\/a57.foxnews.com\/static.foxnews.com\/foxnews.com\/content\/uploads\/2025\/05\/672\/378\/dc-shooting-5.png?ve=1&amp;tl=1, https:\/\/a57.foxnews.com\/static.foxnews.com\/foxnews.com\/content\/uploads\/2025\/05\/1344\/756\/dc-shooting-5.png?ve=1&amp;tl=1 2x\" height=\"378\" width=\"672\"><source media=\"(min-width: 1024px) and (max-width: 1279px)\" srcset=\"https:\/\/a57.foxnews.com\/static.foxnews.com\/foxnews.com\/content\/uploads\/2025\/05\/931\/523\/dc-shooting-5.png?ve=1&amp;tl=1, https:\/\/a57.foxnews.com\/static.foxnews.com\/foxnews.com\/content\/uploads\/2025\/05\/1862\/1046\/dc-shooting-5.png?ve=1&amp;tl=1 2x\" height=\"523\" width=\"931\"><source media=\"(min-width: 1280px)\" srcset=\"https:\/\/a57.foxnews.com\/static.foxnews.com\/foxnews.com\/content\/uploads\/2025\/05\/720\/405\/dc-shooting-5.png?ve=1&amp;tl=1, https:\/\/a57.foxnews.com\/static.foxnews.com\/foxnews.com\/content\/uploads\/2025\/05\/1440\/810\/dc-shooting-5.png?ve=1&amp;tl=1 2x\" height=\"405\" width=\"720\"><img loading=\"lazy\" decoding=\"async\" src=\"https:\/\/a57.foxnews.com\/static.foxnews.com\/foxnews.com\/content\/uploads\/2025\/05\/1200\/675\/dc-shooting-5.png?ve=1&amp;tl=1\" alt=\"Disparo de DC\" width=\"1200\" height=\"675\"\/><\/source><\/source><\/source><\/source><\/picture><\/div>\n<div class=\"info\">\n<div class=\"caption\">\n<p><span>Los oficiales de polic\u00eda trabajan en el sitio donde, seg\u00fan el Secretario de Seguridad Nacional de EE. UU., Dos empleados de la embajada israel\u00ed fueron asesinados a tiros cerca del Museo Jud\u00edo Capital en Washington, DC, el 21 de mayo de 2025.<\/span> <span>(Reuters\/Jonathan Ernst)<\/span><\/p>\n<\/div>\n<\/div>\n<\/div>\n<p><strong>Dos diplom\u00e1ticos israel\u00edes disparados, matados durante el evento en Capital Jewish Museum en Washington, DC<\/strong><\/p>\n<p>\u00abCondeno a fondo el ataque antisemita fuera del Museo Jud\u00edo de la Capital en Washington DC. El antisemitismo es un mal que debemos eliminar donde sea que aparezca. Mis pensamientos est\u00e1n con sus colegas, familiares y seres queridos, y, como siempre, consigo en solidaridad con la comunidad jud\u00eda\u00bb.<\/p>\n<p>Netanyahu tambi\u00e9n habl\u00f3 sobre los empleados de la embajada asesinada, diciendo que los dos \u00abno fueron las v\u00edctimas de un crimen aleatorio. El terrorista que los mat\u00f3 cruelmente lo hizo por una raz\u00f3n y una raz\u00f3n sola, quer\u00eda matar a los jud\u00edos\u00bb.<\/p>\n<p><strong><u>Haga clic aqu\u00ed para obtener la aplicaci\u00f3n Fox News<\/u><\/strong><\/p>\n<p>Yaron Lischinsky y Sarah Milgrim fueron asesinados el mi\u00e9rcoles por la noche fuera de un evento en el Museo Jud\u00edo Capital de DC. Los dos se conocieron en la embajada, se enamoraron y se supon\u00eda que viajar\u00edan a Israel la pr\u00f3xima semana, donde Lischinsky plane\u00f3 proponer.<\/p>\n<p>La oficina del primer ministro Mark Carney no respondi\u00f3 de inmediato a una solicitud de comentarios de Fox News. Fox News Digital est\u00e1 tratando de ponerse en contacto con la oficina del presidente Emmanuel Macron.<\/p>\n<p> <!----> <\/p>\n<div class=\"article-meta\">\n<div class=\"author-bio\">\n<p>Rachel Wolf es una escritora de noticias de Fox News Digital y Fox Business.<\/p>\n<\/div>\n<\/div>\n<\/div>\n\n","protected":false},"excerpt":{"rendered":"<p>El primer ministro israel\u00ed, Benjamin Netanyahu, no se detuvo en sus cr\u00edticas al primer ministro del Reino Unido, Keir Starmer, al presidente franc\u00e9s Emmanuel Macron y al primer ministro canadiense Mark Carney. La condena del l\u00edder israel\u00ed se produce despu\u00e9s de que el Reino Unido, Francia y Canad\u00e1 emitieron una declaraci\u00f3n conjunta que exige que &hellip;<\/p>\n","protected":false},"author":1,"featured_media":28477,"comment_status":"open","ping_status":"open","sticky":false,"template":"","format":"standard","meta":{"fifu_image_url":"https:\/\/static.foxnews.com\/foxnews.com\/content\/uploads\/2025\/05\/starmer-netanyahu-macron-carney.jpg","fifu_image_alt":"","footnotes":""},"categories":[13],"tags":[],"class_list":["post-28475","post","type-post","status-publish","format-standard","has-post-thumbnail","","category-mundo"],"_links":{"self":[{"href":"https:\/\/noticiasveraces.com\/index.php?rest_route=\/wp\/v2\/posts\/28475","targetHints":{"allow":["GET"]}}],"collection":[{"href":"https:\/\/noticiasveraces.com\/index.php?rest_route=\/wp\/v2\/posts"}],"about":[{"href":"https:\/\/noticiasveraces.com\/index.php?rest_route=\/wp\/v2\/types\/post"}],"author":[{"embeddable":true,"href":"https:\/\/noticiasveraces.com\/index.php?rest_route=\/wp\/v2\/users\/1"}],"replies":[{"embeddable":true,"href":"https:\/\/noticiasveraces.com\/index.php?rest_route=%2Fwp%2Fv2%2Fcomments&post=28475"}],"version-history":[{"count":0,"href":"https:\/\/noticiasveraces.com\/index.php?rest_route=\/wp\/v2\/posts\/28475\/revisions"}],"wp:featuredmedia":[{"embeddable":true,"href":"https:\/\/noticiasveraces.com\/index.php?rest_route=\/wp\/v2\/media\/28477"}],"wp:attachment":[{"href":"https:\/\/noticiasveraces.com\/index.php?rest_route=%2Fwp%2Fv2%2Fmedia&parent=28475"}],"wp:term":[{"taxonomy":"category","embeddable":true,"href":"https:\/\/noticiasveraces.com\/index.php?rest_route=%2Fwp%2Fv2%2Fcategories&post=28475"},{"taxonomy":"post_tag","embeddable":true,"href":"https:\/\/noticiasveraces.com\/index.php?rest_route=%2Fwp%2Fv2%2Ftags&post=28475"}],"curies":[{"name":"wp","href":"https:\/\/api.w.org\/{rel}","templated":true}]}}