{"id":28460,"date":"2025-05-23T09:56:32","date_gmt":"2025-05-23T13:56:32","guid":{"rendered":"https:\/\/noticiasveraces.com\/?p=28460"},"modified":"2025-05-23T09:56:32","modified_gmt":"2025-05-23T13:56:32","slug":"el-riesgo-de-enfermedad-de-alzheimer-vinculado-a-llagas-en-frio-virus-similares-en-un-nuevo-estudio","status":"publish","type":"post","link":"https:\/\/noticiasveraces.com\/?p=28460","title":{"rendered":"El riesgo de enfermedad de Alzheimer vinculado a llagas en fr\u00edo, virus similares en un nuevo estudio"},"content":{"rendered":"<p> \n<\/p>\n<div>\n<p class=\"speakable\">Las llagas en fr\u00edo pueden desempe\u00f1ar un papel en el desarrollo de la enfermedad de Alzheimer, seg\u00fan un nuevo estudio publicado en BMJ Open.<\/p>\n<p class=\"speakable\">Los investigadores examinaron 344,628 \u00abpares de casos y controles\u00bb. Las parejas se combinaron en edad, sexo, regi\u00f3n geogr\u00e1fica y n\u00famero de visitas a la salud, pero uno ten\u00eda la enfermedad de Alzheimer y no lo hizo.<\/p>\n<p>De los grupos estudiados, 1.507 personas con Alzheimer tambi\u00e9n ten\u00edan el virus herpes simple tipo 1 (HSV-1), que es la causa m\u00e1s com\u00fan de llagas en fr\u00edo. Solo 823 personas en el grupo de control ten\u00edan HSV-1.<\/p>\n<p><strong><u>Primer an\u00e1lisis de sangre para el diagn\u00f3stico de Alzheimer despejado por la FDA<\/u><\/strong><\/p>\n<p>Entre estas 2,330 personas, el 40% us\u00f3 medicaci\u00f3n anti-herp\u00e9tica despu\u00e9s de su diagn\u00f3stico.<\/p>\n<p>Aquellos que fueron tratados por el virus ten\u00edan un 17% menos de probabilidades de desarrollar la enfermedad de Alzheimer que aquellos que no usaron los tratamientos, seg\u00fan el estudio.<\/p>\n<div class=\"image-ct inline\">\n<div class=\"m\"><picture><source media=\"(max-width: 767px)\" srcset=\"https:\/\/a57.foxnews.com\/static.foxnews.com\/foxnews.com\/content\/uploads\/2025\/05\/343\/192\/gettyimages-2015277770.jpg?ve=1&amp;tl=1, https:\/\/a57.foxnews.com\/static.foxnews.com\/foxnews.com\/content\/uploads\/2025\/05\/686\/384\/gettyimages-2015277770.jpg?ve=1&amp;tl=1 2x\" height=\"192\" width=\"343\"><source media=\"(min-width: 768px) and (max-width: 1023px)\" srcset=\"https:\/\/a57.foxnews.com\/static.foxnews.com\/foxnews.com\/content\/uploads\/2025\/05\/672\/378\/gettyimages-2015277770.jpg?ve=1&amp;tl=1, https:\/\/a57.foxnews.com\/static.foxnews.com\/foxnews.com\/content\/uploads\/2025\/05\/1344\/756\/gettyimages-2015277770.jpg?ve=1&amp;tl=1 2x\" height=\"378\" width=\"672\"><source media=\"(min-width: 1024px) and (max-width: 1279px)\" srcset=\"https:\/\/a57.foxnews.com\/static.foxnews.com\/foxnews.com\/content\/uploads\/2025\/05\/931\/523\/gettyimages-2015277770.jpg?ve=1&amp;tl=1, https:\/\/a57.foxnews.com\/static.foxnews.com\/foxnews.com\/content\/uploads\/2025\/05\/1862\/1046\/gettyimages-2015277770.jpg?ve=1&amp;tl=1 2x\" height=\"523\" width=\"931\"><source media=\"(min-width: 1280px)\" srcset=\"https:\/\/a57.foxnews.com\/static.foxnews.com\/foxnews.com\/content\/uploads\/2025\/05\/720\/405\/gettyimages-2015277770.jpg?ve=1&amp;tl=1, https:\/\/a57.foxnews.com\/static.foxnews.com\/foxnews.com\/content\/uploads\/2025\/05\/1440\/810\/gettyimages-2015277770.jpg?ve=1&amp;tl=1 2x\" height=\"405\" width=\"720\"><img loading=\"lazy\" decoding=\"async\" src=\"https:\/\/a57.foxnews.com\/static.foxnews.com\/foxnews.com\/content\/uploads\/2025\/05\/1200\/675\/gettyimages-2015277770.jpg?ve=1&amp;tl=1\" alt=\"Hombre con dolor fr\u00edo (solo boca en la boca) aplicando crema a sus labios.\" width=\"1200\" height=\"675\"\/><\/source><\/source><\/source><\/source><\/picture><\/div>\n<div class=\"info\">\n<div class=\"caption\">\n<p><span>El an\u00e1lisis pone \u00abun \u00e9nfasis a\u00fan mayor en la vista de la prevenci\u00f3n de los virus del herpes como una prioridad de salud p\u00fablica\u00bb, dijeron los investigadores en un comunicado de prensa.<\/span> <span>(Istock)<\/span><\/p>\n<\/div>\n<\/div>\n<\/div>\n<p>Se sabe que el riesgo de desarrollar esta forma de demencia aumenta con la edad. Sin embargo, la posibilidad de un diagn\u00f3stico de HSV-1 fue un 80% mayor en los diagnosticados con Alzheimer, seg\u00fan la investigaci\u00f3n.<\/p>\n<p>Con menos frecuencia, las llagas en fr\u00edo pueden ser causadas por el virus del herpes simple tipo 2 (HSV-2).<\/p>\n<p><strong><u>La enfermedad de Alzheimer podr\u00eda ser evitada por el medicamento antiviral que ya est\u00e1 en el mercado<\/u><\/strong><\/p>\n<p>El an\u00e1lisis pone \u00abun \u00e9nfasis a\u00fan mayor en la vista de la prevenci\u00f3n de los virus del herpes como una prioridad de salud p\u00fablica\u00bb, dijeron los investigadores en un comunicado de prensa.<\/p>\n<p>En general, las mujeres constituyeron el 65% de los casos de Alzheimer. Su edad promedio era de 73 a\u00f1os, y tend\u00edan a tener condiciones m\u00e1s coexistentes, que eran factores de riesgo.<\/p>\n<div class=\"image-ct inline\">\n<div class=\"m\"><picture><source media=\"(max-width: 767px)\" srcset=\"https:\/\/a57.foxnews.com\/static.foxnews.com\/foxnews.com\/content\/uploads\/2025\/05\/343\/192\/gettyimages-1811481565.jpg?ve=1&amp;tl=1, https:\/\/a57.foxnews.com\/static.foxnews.com\/foxnews.com\/content\/uploads\/2025\/05\/686\/384\/gettyimages-1811481565.jpg?ve=1&amp;tl=1 2x\" height=\"192\" width=\"343\"><source media=\"(min-width: 768px) and (max-width: 1023px)\" srcset=\"https:\/\/a57.foxnews.com\/static.foxnews.com\/foxnews.com\/content\/uploads\/2025\/05\/672\/378\/gettyimages-1811481565.jpg?ve=1&amp;tl=1, https:\/\/a57.foxnews.com\/static.foxnews.com\/foxnews.com\/content\/uploads\/2025\/05\/1344\/756\/gettyimages-1811481565.jpg?ve=1&amp;tl=1 2x\" height=\"378\" width=\"672\"><source media=\"(min-width: 1024px) and (max-width: 1279px)\" srcset=\"https:\/\/a57.foxnews.com\/static.foxnews.com\/foxnews.com\/content\/uploads\/2025\/05\/931\/523\/gettyimages-1811481565.jpg?ve=1&amp;tl=1, https:\/\/a57.foxnews.com\/static.foxnews.com\/foxnews.com\/content\/uploads\/2025\/05\/1862\/1046\/gettyimages-1811481565.jpg?ve=1&amp;tl=1 2x\" height=\"523\" width=\"931\"><source media=\"(min-width: 1280px)\" srcset=\"https:\/\/a57.foxnews.com\/static.foxnews.com\/foxnews.com\/content\/uploads\/2025\/05\/720\/405\/gettyimages-1811481565.jpg?ve=1&amp;tl=1, https:\/\/a57.foxnews.com\/static.foxnews.com\/foxnews.com\/content\/uploads\/2025\/05\/1440\/810\/gettyimages-1811481565.jpg?ve=1&amp;tl=1 2x\" height=\"405\" width=\"720\"><img loading=\"lazy\" decoding=\"async\" src=\"https:\/\/a57.foxnews.com\/static.foxnews.com\/foxnews.com\/content\/uploads\/2025\/05\/1200\/675\/gettyimages-1811481565.jpg?ve=1&amp;tl=1\" alt=\"Retrato de un hombre mayor con su cuidador en el fondo\" width=\"1200\" height=\"675\"\/><\/source><\/source><\/source><\/source><\/picture><\/div>\n<div class=\"info\">\n<div class=\"caption\">\n<p><span>De los grupos estudiados, 1.507 personas con Alzheimer tambi\u00e9n ten\u00edan HSV-1, pero solo 823 personas en el grupo de control ten\u00edan HSV-1.<\/span> <span>(Istock)<\/span><\/p>\n<\/div>\n<\/div>\n<\/div>\n<p>El estudio tambi\u00e9n observ\u00f3 el papel potencial de otros virus del herpes, algunos de los cuales se asociaron con un riesgo elevado de enfermedad de Alzheimer.<\/p>\n<p><strong><u>Haga clic aqu\u00ed para obtener la aplicaci\u00f3n Fox News<\/u><\/strong><\/p>\n<p>La conexi\u00f3n espec\u00edfica entre virus como HSV-1 y el mayor riesgo de demencia no est\u00e1 clara, se\u00f1alaron los investigadores.<\/p>\n<p><strong><u>Haga clic aqu\u00ed para registrarse en nuestro bolet\u00edn de salud<\/u><\/strong><\/p>\n<p>\u00abSin embargo, los estudios han demostrado que las alteraciones inflamatorias en el cerebro causadas por la infecci\u00f3n por HSV son fundamentales en [Alzheimer\u2019s disease] Desarrollo \u00ab, dijeron en el comunicado.<\/p>\n<p>El tratamiento con terapia antiviral parece reducir el riesgo de Alzheimer \u00ab, lo que sugiere que el tratamiento con HSV-1 puede ser protector\u00bb, dice el estudio.<\/p>\n<div class=\"image-ct inline\">\n<div class=\"m\"><picture><source media=\"(max-width: 767px)\" srcset=\"https:\/\/a57.foxnews.com\/static.foxnews.com\/foxnews.com\/content\/uploads\/2025\/05\/343\/192\/gettyimages-1327942112-1.jpg?ve=1&amp;tl=1, https:\/\/a57.foxnews.com\/static.foxnews.com\/foxnews.com\/content\/uploads\/2025\/05\/686\/384\/gettyimages-1327942112-1.jpg?ve=1&amp;tl=1 2x\" height=\"192\" width=\"343\"><source media=\"(min-width: 768px) and (max-width: 1023px)\" srcset=\"https:\/\/a57.foxnews.com\/static.foxnews.com\/foxnews.com\/content\/uploads\/2025\/05\/672\/378\/gettyimages-1327942112-1.jpg?ve=1&amp;tl=1, https:\/\/a57.foxnews.com\/static.foxnews.com\/foxnews.com\/content\/uploads\/2025\/05\/1344\/756\/gettyimages-1327942112-1.jpg?ve=1&amp;tl=1 2x\" height=\"378\" width=\"672\"><source media=\"(min-width: 1024px) and (max-width: 1279px)\" srcset=\"https:\/\/a57.foxnews.com\/static.foxnews.com\/foxnews.com\/content\/uploads\/2025\/05\/931\/523\/gettyimages-1327942112-1.jpg?ve=1&amp;tl=1, https:\/\/a57.foxnews.com\/static.foxnews.com\/foxnews.com\/content\/uploads\/2025\/05\/1862\/1046\/gettyimages-1327942112-1.jpg?ve=1&amp;tl=1 2x\" height=\"523\" width=\"931\"><source media=\"(min-width: 1280px)\" srcset=\"https:\/\/a57.foxnews.com\/static.foxnews.com\/foxnews.com\/content\/uploads\/2025\/05\/720\/405\/gettyimages-1327942112-1.jpg?ve=1&amp;tl=1, https:\/\/a57.foxnews.com\/static.foxnews.com\/foxnews.com\/content\/uploads\/2025\/05\/1440\/810\/gettyimages-1327942112-1.jpg?ve=1&amp;tl=1 2x\" height=\"405\" width=\"720\"><img loading=\"lazy\" decoding=\"async\" src=\"https:\/\/a57.foxnews.com\/static.foxnews.com\/foxnews.com\/content\/uploads\/2025\/05\/1200\/675\/gettyimages-1327942112-1.jpg?ve=1&amp;tl=1\" alt=\"Mujer con fr\u00eda, disparo de su boca.\" width=\"1200\" height=\"675\"\/><\/source><\/source><\/source><\/source><\/picture><\/div>\n<div class=\"info\">\n<div class=\"caption\">\n<p><span>C\u00f3mo exactamente HSV-1 y virus similares podr\u00edan aumentar el riesgo de demencia no est\u00e1 claro, se\u00f1alan los investigadores.<\/span> <span>(Istock)<\/span><\/p>\n<\/div>\n<\/div>\n<\/div>\n<p>\u00abNo hay cura para las llagas en fr\u00edo, pero el tratamiento puede ayudar a controlar los brotes\u00bb, seg\u00fan Mayo Clinic.<\/p>\n<p>\u00abLa medicina o las cremas antivirales recetadas puede ayudar a las llagas a sanar m\u00e1s r\u00e1pidamente. Y pueden hacer que los brotes futuros ocurran con menos frecuencia y ser m\u00e1s cortos y menos graves\u00bb.<\/p>\n<h2>Limitaciones potenciales<\/h2>\n<p>Hubo algunas limitaciones en el estudio, reconocieron los investigadores.<\/p>\n<p>\u00abDebido al historial de datos limitado, las infecciones de HSV-1 antes de la entrada de la base de datos del paciente no se incluyeron en el an\u00e1lisis, y es posible que exista cierta superposici\u00f3n entre los diagn\u00f3sticos de HSV-1 y HSV-2\u00bb, se\u00f1alaron los investigadores.<\/p>\n<div class=\"image-ct inline\">\n<div class=\"m\"><picture><source media=\"(max-width: 767px)\" srcset=\"https:\/\/a57.foxnews.com\/static.foxnews.com\/foxnews.com\/content\/uploads\/2025\/05\/343\/192\/cokldsore.jpg?ve=1&amp;tl=1, https:\/\/a57.foxnews.com\/static.foxnews.com\/foxnews.com\/content\/uploads\/2025\/05\/686\/384\/cokldsore.jpg?ve=1&amp;tl=1 2x\" height=\"192\" width=\"343\"><source media=\"(min-width: 768px) and (max-width: 1023px)\" srcset=\"https:\/\/a57.foxnews.com\/static.foxnews.com\/foxnews.com\/content\/uploads\/2025\/05\/672\/378\/cokldsore.jpg?ve=1&amp;tl=1, https:\/\/a57.foxnews.com\/static.foxnews.com\/foxnews.com\/content\/uploads\/2025\/05\/1344\/756\/cokldsore.jpg?ve=1&amp;tl=1 2x\" height=\"378\" width=\"672\"><source media=\"(min-width: 1024px) and (max-width: 1279px)\" srcset=\"https:\/\/a57.foxnews.com\/static.foxnews.com\/foxnews.com\/content\/uploads\/2025\/05\/931\/523\/cokldsore.jpg?ve=1&amp;tl=1, https:\/\/a57.foxnews.com\/static.foxnews.com\/foxnews.com\/content\/uploads\/2025\/05\/1862\/1046\/cokldsore.jpg?ve=1&amp;tl=1 2x\" height=\"523\" width=\"931\"><source media=\"(min-width: 1280px)\" srcset=\"https:\/\/a57.foxnews.com\/static.foxnews.com\/foxnews.com\/content\/uploads\/2025\/05\/720\/405\/cokldsore.jpg?ve=1&amp;tl=1, https:\/\/a57.foxnews.com\/static.foxnews.com\/foxnews.com\/content\/uploads\/2025\/05\/1440\/810\/cokldsore.jpg?ve=1&amp;tl=1 2x\" height=\"405\" width=\"720\"><img loading=\"lazy\" decoding=\"async\" src=\"https:\/\/a57.foxnews.com\/static.foxnews.com\/foxnews.com\/content\/uploads\/2025\/05\/1200\/675\/cokldsore.jpg?ve=1&amp;tl=1\" alt=\"De lado a lado de las manos mayores sobre una fotograf\u00eda, y un dolorido dolorido de cerca\" width=\"1200\" height=\"675\"\/><\/source><\/source><\/source><\/source><\/picture><\/div>\n<div class=\"info\">\n<div class=\"caption\">\n<p><span>Si bien se estima que dos tercios de las personas menores de 50 a\u00f1os est\u00e1n infectados con HSV-1, los datos sobre infecciones sintom\u00e1ticas son limitados \u00ab, ya que las manifestaciones pueden ser leves o desapercibidas\u00bb, dijeron los investigadores.<\/span> <span>(Istock)<\/span><\/p>\n<\/div>\n<\/div>\n<\/div>\n<p>\u00abAdem\u00e1s, muchas personas con infecci\u00f3n por HSV-1 son asintom\u00e1ticas, y otras pueden no buscar atenci\u00f3n m\u00e9dica durante las recurrencias y, por lo tanto, no se diagnostican y registran cl\u00ednicamente en la base de datos\u00bb.<\/p>\n<p>Si bien se estima que dos tercios de las personas menores de 50 a\u00f1os est\u00e1n infectados con HSV-1, los datos sobre infecciones sintom\u00e1ticas son limitados \u00ab, ya que las manifestaciones pueden ser leves o desapercibidas\u00bb, agregaron los investigadores.<\/p>\n<p><i><strong><u>Para m\u00e1s art\u00edculos de salud, visite <\/u><\/strong><\/i><i><strong><u>www.foxnews.com\/Health<\/u><\/strong><\/i><\/p>\n<p>Un diagn\u00f3stico sub-diagn\u00f3stico de la enfermedad de Alzheimer tambi\u00e9n podr\u00eda sesgar los resultados.<\/p>\n<p>Fox News Digital se comunic\u00f3 con los investigadores y otros m\u00e9dicos para hacer comentarios.<\/p>\n<p> <!----> <\/p>\n<div class=\"article-meta\">\n<div class=\"author-bio\">\n<p>Khloe Quill es asistente de producci\u00f3n de estilo de vida con Fox News Digital. Ella y el equipo de estilo de vida cubren una variedad de temas de historias que incluyen comida y bebida, viajes y salud. <\/p>\n<\/div>\n<\/div>\n<\/div>\n\n","protected":false},"excerpt":{"rendered":"<p>Las llagas en fr\u00edo pueden desempe\u00f1ar un papel en el desarrollo de la enfermedad de Alzheimer, seg\u00fan un nuevo estudio publicado en BMJ Open. Los investigadores examinaron 344,628 \u00abpares de casos y controles\u00bb. Las parejas se combinaron en edad, sexo, regi\u00f3n geogr\u00e1fica y n\u00famero de visitas a la salud, pero uno ten\u00eda la enfermedad de &hellip;<\/p>\n","protected":false},"author":1,"featured_media":28462,"comment_status":"open","ping_status":"open","sticky":false,"template":"","format":"standard","meta":{"fifu_image_url":"https:\/\/a57.foxnews.com\/static.foxnews.com\/foxnews.com\/content\/uploads\/2025\/05\/1200\/675\/gettyimages-2015277770.jpg?ve=1&tl=1","fifu_image_alt":"","footnotes":""},"categories":[8],"tags":[],"class_list":["post-28460","post","type-post","status-publish","format-standard","has-post-thumbnail","","category-salud"],"_links":{"self":[{"href":"https:\/\/noticiasveraces.com\/index.php?rest_route=\/wp\/v2\/posts\/28460","targetHints":{"allow":["GET"]}}],"collection":[{"href":"https:\/\/noticiasveraces.com\/index.php?rest_route=\/wp\/v2\/posts"}],"about":[{"href":"https:\/\/noticiasveraces.com\/index.php?rest_route=\/wp\/v2\/types\/post"}],"author":[{"embeddable":true,"href":"https:\/\/noticiasveraces.com\/index.php?rest_route=\/wp\/v2\/users\/1"}],"replies":[{"embeddable":true,"href":"https:\/\/noticiasveraces.com\/index.php?rest_route=%2Fwp%2Fv2%2Fcomments&post=28460"}],"version-history":[{"count":0,"href":"https:\/\/noticiasveraces.com\/index.php?rest_route=\/wp\/v2\/posts\/28460\/revisions"}],"wp:featuredmedia":[{"embeddable":true,"href":"https:\/\/noticiasveraces.com\/index.php?rest_route=\/wp\/v2\/media\/28462"}],"wp:attachment":[{"href":"https:\/\/noticiasveraces.com\/index.php?rest_route=%2Fwp%2Fv2%2Fmedia&parent=28460"}],"wp:term":[{"taxonomy":"category","embeddable":true,"href":"https:\/\/noticiasveraces.com\/index.php?rest_route=%2Fwp%2Fv2%2Fcategories&post=28460"},{"taxonomy":"post_tag","embeddable":true,"href":"https:\/\/noticiasveraces.com\/index.php?rest_route=%2Fwp%2Fv2%2Ftags&post=28460"}],"curies":[{"name":"wp","href":"https:\/\/api.w.org\/{rel}","templated":true}]}}