{"id":28455,"date":"2025-05-23T08:47:55","date_gmt":"2025-05-23T12:47:55","guid":{"rendered":"https:\/\/noticiasveraces.com\/?p=28455"},"modified":"2025-05-23T08:47:55","modified_gmt":"2025-05-23T12:47:55","slug":"fotografa-mexicana-princesa-de-asturias-de-las-artes-2025-dw-23-05-2025","status":"publish","type":"post","link":"https:\/\/noticiasveraces.com\/?p=28455","title":{"rendered":"Fot\u00f3grafa mexicana, Princesa de Asturias de las Artes 2025 \u2013 DW \u2013 23\/05\/2025"},"content":{"rendered":"<p> \n<\/p>\n<div>\n<p>La fot\u00f3grafa mexicana Graciela Iturbide, uno de los grandes nombres de la fotograf\u00eda art\u00edstica de inspiraci\u00f3n social y cultural, ha sido galardonada este viernes con el Premio Princesa de Asturias de las Artes 2025.<\/p>\n<p>Los expertos destacaron en su decisi\u00f3n \u00abla mirada innovadora y dotada de una extraordinaria profundidad art\u00edstica\u00bb de Graciela\u00a0Iturbide, cuyas im\u00e1genes cargadas de simbolismo \u00abno solo muestran lo que ve, sino tambi\u00e9n lo que siente\u00bb, seg\u00fan el acta que acompa\u00f1\u00f3 el fallo del premio convocado por la Fundaci\u00f3n Princesa de Asturias.<\/p>\n<figure class=\"placeholder-image master_landscape big\"><img data-format=\"MASTER_LANDSCAPE\" data-id=\"66964755\" data-url=\"https:\/\/static.dw.com\/image\/66964755_${formatId}.jpg\" data-aspect-ratio=\"16\/9\" alt=\"Fot\u00f3grafa mexicana, Graciela Iturbide, frente a una de sus fotos.\" style=\"padding-bottom: 56.25%; height: 0; max-height: 0;\"\/><figcaption class=\"img-caption\">Fot\u00f3grafa mexicana, Graciela Iturbide, considerada uno de los grandes nombres de la fotograf\u00eda art\u00edstica de inspiraci\u00f3n social y cultural.<small class=\"copyright\">Imagen: Alejandro Acosta\/Zuma\/IMAGO<\/small><\/figcaption><\/figure>\n<h2>Casi siempre en blanco y negro<\/h2>\n<p>Considerada una de las m\u00e1s importantes e influyentes fot\u00f3grafas de Am\u00e9rica Latina, Iturbide (Ciudad de M\u00e9xico, 1942) concibe su trabajo como una manera de conocer, explorar e investigar culturas con obras, casi siempre en blanco y negro, que muestran la fragilidad de las tradiciones ancestrales y su dif\u00edcil subsistencia, la interacci\u00f3n entre naturaleza y cultura o la dimensi\u00f3n simb\u00f3lica de paisaje y objetos encontrados al azar.<\/p>\n<p>A lo largo de m\u00e1s de medio siglo de trayectoria ha retratado a pueblos ind\u00edgenas de M\u00e9xico, Panam\u00e1, Madagascar o Cuba y ha creado una obra intensa y singular, fundamental para comprender la evoluci\u00f3n de la fotograf\u00eda en M\u00e9xico y en el resto de Am\u00e9rica Latina.<\/p>\n<figure class=\"placeholder-image master_landscape big\"><img data-format=\"MASTER_LANDSCAPE\" data-id=\"66964673\" data-url=\"https:\/\/static.dw.com\/image\/66964673_${formatId}.jpg\" data-aspect-ratio=\"16\/9\" alt=\"Exposici\u00f3n de Graciela Iturbide en la Fundaci\u00f3n Cartier para el Arte Contempor\u00e1neo, en Par\u00eds.\" style=\"padding-bottom: 56.25%; height: 0; max-height: 0;\"\/><figcaption class=\"img-caption\">Iturbide ha expuesto sus fotograf\u00edas en el Centro Georges Pompidou de Par\u00eds, Barbican Art Gallery de Londres, el Museo de la Fotograf\u00eda de Hokkaido (Jap\u00f3n) o el Museo de Arte Moderno de San Francisco.<small class=\"copyright\">Imagen: Yvergniaux J\/Andia\/IMAGO<\/small><\/figcaption><\/figure>\n<h2>Princesa de Asturias de las Artes, otro reconocimiento<\/h2>\n<p>Reconocida por trabajos como el que llev\u00f3 a cabo en 1979 con los indios Seris del desierto de Sonora o la serie en la que reproduce el ba\u00f1o de Frida Kahlo en Coyoac\u00e1n, Iturbide ha expuesto sus fotograf\u00edas en el Centro Georges Pompidou de Par\u00eds, Barbican Art Gallery de Londres, el Museo de la Fotograf\u00eda de Hokkaido (Jap\u00f3n) o el Museo de Arte Moderno de San Francisco.<\/p>\n<p>El Premio Princesa de Asturias de las Artes, que el a\u00f1o pasado recay\u00f3 en el cantautor espa\u00f1ol Joan Manuel Serrat, est\u00e1 destinado a distinguir \u00abla labor de creaci\u00f3n, cultivo y perfeccionamiento de la arquitectura, la cinematograf\u00eda, la danza, la escultura, la fotograf\u00eda, la m\u00fasica, la pintura, el teatro y otras manifestaciones art\u00edsticas\u00bb.<\/p>\n<p>RML (AFP, Efe)<\/p>\n<\/div>\n\n","protected":false},"excerpt":{"rendered":"<p>La fot\u00f3grafa mexicana Graciela Iturbide, uno de los grandes nombres de la fotograf\u00eda art\u00edstica de inspiraci\u00f3n social y cultural, ha sido galardonada este viernes con el Premio Princesa de Asturias de las Artes 2025. Los expertos destacaron en su decisi\u00f3n \u00abla mirada innovadora y dotada de una extraordinaria profundidad art\u00edstica\u00bb de Graciela\u00a0Iturbide, cuyas im\u00e1genes cargadas &hellip;<\/p>\n","protected":false},"author":1,"featured_media":28456,"comment_status":"open","ping_status":"open","sticky":false,"template":"","format":"standard","meta":{"fifu_image_url":"https:\/\/static.dw.com\/image\/66964731_6.jpg","fifu_image_alt":"","footnotes":""},"categories":[13],"tags":[],"class_list":["post-28455","post","type-post","status-publish","format-standard","has-post-thumbnail","","category-mundo"],"_links":{"self":[{"href":"https:\/\/noticiasveraces.com\/index.php?rest_route=\/wp\/v2\/posts\/28455","targetHints":{"allow":["GET"]}}],"collection":[{"href":"https:\/\/noticiasveraces.com\/index.php?rest_route=\/wp\/v2\/posts"}],"about":[{"href":"https:\/\/noticiasveraces.com\/index.php?rest_route=\/wp\/v2\/types\/post"}],"author":[{"embeddable":true,"href":"https:\/\/noticiasveraces.com\/index.php?rest_route=\/wp\/v2\/users\/1"}],"replies":[{"embeddable":true,"href":"https:\/\/noticiasveraces.com\/index.php?rest_route=%2Fwp%2Fv2%2Fcomments&post=28455"}],"version-history":[{"count":0,"href":"https:\/\/noticiasveraces.com\/index.php?rest_route=\/wp\/v2\/posts\/28455\/revisions"}],"wp:featuredmedia":[{"embeddable":true,"href":"https:\/\/noticiasveraces.com\/index.php?rest_route=\/wp\/v2\/media\/28456"}],"wp:attachment":[{"href":"https:\/\/noticiasveraces.com\/index.php?rest_route=%2Fwp%2Fv2%2Fmedia&parent=28455"}],"wp:term":[{"taxonomy":"category","embeddable":true,"href":"https:\/\/noticiasveraces.com\/index.php?rest_route=%2Fwp%2Fv2%2Fcategories&post=28455"},{"taxonomy":"post_tag","embeddable":true,"href":"https:\/\/noticiasveraces.com\/index.php?rest_route=%2Fwp%2Fv2%2Ftags&post=28455"}],"curies":[{"name":"wp","href":"https:\/\/api.w.org\/{rel}","templated":true}]}}