{"id":28452,"date":"2025-05-23T07:46:41","date_gmt":"2025-05-23T11:46:41","guid":{"rendered":"https:\/\/noticiasveraces.com\/?p=28452"},"modified":"2025-05-23T07:46:41","modified_gmt":"2025-05-23T11:46:41","slug":"mayor-rusia-ukraine-prisoner-swap-esta-ocurriendo-anuncia-el-funcionario","status":"publish","type":"post","link":"https:\/\/noticiasveraces.com\/?p=28452","title":{"rendered":"Mayor Rusia-Ukraine Prisoner Swap est\u00e1 ocurriendo, anuncia el funcionario"},"content":{"rendered":"<p> \n<\/p>\n<div>\n<p class=\"speakable\">Un importante intercambio de prisioneros entre Rusia y Ucrania est\u00e1 en marcha, dijo el viernes un alto funcionario ucraniano.<\/p>\n<p class=\"speakable\">El intercambio a\u00fan no ha terminado, dijo el funcionario a Associated Press, a pesar de que el presidente Donald Trump declar\u00f3 el viernes que Rusia y Ucrania completaron un \u00abintercambio de prisioneros importantes\u00bb. <\/p>\n<p>Los anuncios se producen despu\u00e9s de que los funcionarios rusos y ucranianos participaron en conversaciones directas en Turqu\u00eda el viernes pasado por primera vez desde los primeros d\u00edas de la guerra, acordando liberar a alrededor de 1,000 prisioneros de guerra. <\/p>\n<p>\u00abUn intercambio de prisioneros importantes se complet\u00f3 entre Rusia y Ucrania. En vigencia en vigencia\u00bb, escribi\u00f3 Trump en Truth Social. \u00abFelicitaciones a ambas partes por esta negociaci\u00f3n. \u00bfEsto podr\u00eda conducir a algo grande?\u00bb <\/p>\n<p><strong>\u00bfVance comentar\u00e1 sobre EE. UU. Alentar a Ucrania alentar\u00e1 a Putin a hundir las conversaciones de paz nacientes?<\/strong><strong> <\/strong><\/p>\n<div class=\"image-ct inline\">\n<div class=\"m\"><picture><source media=\"(max-width: 767px)\" srcset=\"https:\/\/a57.foxnews.com\/static.foxnews.com\/foxnews.com\/content\/uploads\/2025\/05\/343\/192\/putin-and-zelenskyy.png?ve=1&amp;tl=1, https:\/\/a57.foxnews.com\/static.foxnews.com\/foxnews.com\/content\/uploads\/2025\/05\/686\/384\/putin-and-zelenskyy.png?ve=1&amp;tl=1 2x\" height=\"192\" width=\"343\"><source media=\"(min-width: 768px) and (max-width: 1023px)\" srcset=\"https:\/\/a57.foxnews.com\/static.foxnews.com\/foxnews.com\/content\/uploads\/2025\/05\/672\/378\/putin-and-zelenskyy.png?ve=1&amp;tl=1, https:\/\/a57.foxnews.com\/static.foxnews.com\/foxnews.com\/content\/uploads\/2025\/05\/1344\/756\/putin-and-zelenskyy.png?ve=1&amp;tl=1 2x\" height=\"378\" width=\"672\"><source media=\"(min-width: 1024px) and (max-width: 1279px)\" srcset=\"https:\/\/a57.foxnews.com\/static.foxnews.com\/foxnews.com\/content\/uploads\/2025\/05\/931\/523\/putin-and-zelenskyy.png?ve=1&amp;tl=1, https:\/\/a57.foxnews.com\/static.foxnews.com\/foxnews.com\/content\/uploads\/2025\/05\/1862\/1046\/putin-and-zelenskyy.png?ve=1&amp;tl=1 2x\" height=\"523\" width=\"931\"><source media=\"(min-width: 1280px)\" srcset=\"https:\/\/a57.foxnews.com\/static.foxnews.com\/foxnews.com\/content\/uploads\/2025\/05\/720\/405\/putin-and-zelenskyy.png?ve=1&amp;tl=1, https:\/\/a57.foxnews.com\/static.foxnews.com\/foxnews.com\/content\/uploads\/2025\/05\/1440\/810\/putin-and-zelenskyy.png?ve=1&amp;tl=1 2x\" height=\"405\" width=\"720\"><img loading=\"lazy\" decoding=\"async\" src=\"https:\/\/a57.foxnews.com\/static.foxnews.com\/foxnews.com\/content\/uploads\/2025\/05\/1200\/675\/putin-and-zelenskyy.png?ve=1&amp;tl=1\" alt=\"Putin de Rusia y Zelenskyy de Ucrania\" width=\"1200\" height=\"675\"\/><\/source><\/source><\/source><\/source><\/picture><\/div>\n<div class=\"info\">\n<div class=\"caption\">\n<p><span>El presidente ruso Vladimir Putin y el presidente de Ucrania, Volodymyr Zelenskyy.<\/span> <span>(Vyacheslav Prokofyev\/Sputnik\/Kremlin Pool Photo\/Efrem Lukatsky\/AP)<\/span><\/p>\n<\/div>\n<\/div>\n<\/div>\n<p>El jueves, el presidente ucraniano, Volodymyr Zelenskyy, escribi\u00f3 en X que \u00abcelebr\u00e9 una reuni\u00f3n sobre la preparaci\u00f3n para un intercambio\u00bb y \u00abel acuerdo de liberar a 1,000 de nuestra gente del cautiverio ruso fue quiz\u00e1s el \u00fanico resultado tangible de la reuni\u00f3n en Turqu\u00eda\u00bb. <\/p>\n<p>Trump recibi\u00f3 una llamada telef\u00f3nica con el presidente ruso Vladimir Putin el lunes. Despu\u00e9s de la conversaci\u00f3n, Trump dijo: \u00abCreo que fue muy bien\u00bb. <\/p>\n<p>\u00abRusia y Ucrania comenzar\u00e1n inmediatamente las negociaciones hacia un alto el fuego y, lo que es m\u00e1s importante, el fin de la guerra. Las condiciones para eso se negociar\u00e1n entre las dos partes, como solo puede ser, porque conocen detalles de una negociaci\u00f3n que nadie m\u00e1s estar\u00eda al tanto\u00bb, dijo Trump. \u00abEl tono y el esp\u00edritu de la conversaci\u00f3n fueron excelentes. Si no fuera, lo dir\u00eda ahora, en lugar de m\u00e1s tarde\u00bb. <\/p>\n<p><strong>Putin visita la regi\u00f3n de Kursk por primera vez desde que arrancaron las fuerzas ucranianas del territorio<\/strong><strong> <\/strong><\/p>\n<div class=\"image-ct inline\">\n<div class=\"m\"><picture><source media=\"(max-width: 767px)\" srcset=\"https:\/\/a57.foxnews.com\/static.foxnews.com\/foxnews.com\/content\/uploads\/2025\/05\/343\/192\/trump-and-putin.png?ve=1&amp;tl=1, https:\/\/a57.foxnews.com\/static.foxnews.com\/foxnews.com\/content\/uploads\/2025\/05\/686\/384\/trump-and-putin.png?ve=1&amp;tl=1 2x\" height=\"192\" width=\"343\"><source media=\"(min-width: 768px) and (max-width: 1023px)\" srcset=\"https:\/\/a57.foxnews.com\/static.foxnews.com\/foxnews.com\/content\/uploads\/2025\/05\/672\/378\/trump-and-putin.png?ve=1&amp;tl=1, https:\/\/a57.foxnews.com\/static.foxnews.com\/foxnews.com\/content\/uploads\/2025\/05\/1344\/756\/trump-and-putin.png?ve=1&amp;tl=1 2x\" height=\"378\" width=\"672\"><source media=\"(min-width: 1024px) and (max-width: 1279px)\" srcset=\"https:\/\/a57.foxnews.com\/static.foxnews.com\/foxnews.com\/content\/uploads\/2025\/05\/931\/523\/trump-and-putin.png?ve=1&amp;tl=1, https:\/\/a57.foxnews.com\/static.foxnews.com\/foxnews.com\/content\/uploads\/2025\/05\/1862\/1046\/trump-and-putin.png?ve=1&amp;tl=1 2x\" height=\"523\" width=\"931\"><source media=\"(min-width: 1280px)\" srcset=\"https:\/\/a57.foxnews.com\/static.foxnews.com\/foxnews.com\/content\/uploads\/2025\/05\/720\/405\/trump-and-putin.png?ve=1&amp;tl=1, https:\/\/a57.foxnews.com\/static.foxnews.com\/foxnews.com\/content\/uploads\/2025\/05\/1440\/810\/trump-and-putin.png?ve=1&amp;tl=1 2x\" height=\"405\" width=\"720\"><img loading=\"lazy\" decoding=\"async\" src=\"https:\/\/a57.foxnews.com\/static.foxnews.com\/foxnews.com\/content\/uploads\/2025\/05\/1200\/675\/trump-and-putin.png?ve=1&amp;tl=1\" alt=\"Donald Trump y Vladimir Putin\" width=\"1200\" height=\"675\"\/><\/source><\/source><\/source><\/source><\/picture><\/div>\n<div class=\"info\">\n<div class=\"caption\">\n<p><span>El presidente Donald Trump y el presidente ruso Vladimir Putin hablaron por tel\u00e9fono el lunes 19 de mayo.<\/span> <span>(Foto por contribuyente\/Getty Images | Fot\u00f3grafo: Bonnie Cash\/Upi\/Bloomberg a trav\u00e9s de Getty Images | Fox News Digital)<\/span><\/p>\n<\/div>\n<\/div>\n<\/div>\n<p>Putin, en una declaraci\u00f3n despu\u00e9s de la llamada, tambi\u00e9n se\u00f1al\u00f3 que \u00abes posible un alto el fuego con Ucrania\u00bb pero se\u00f1al\u00f3 que \u00abRusia y Ucrania deben encontrar compromisos que se adapten a ambos lados\u00bb. <\/p>\n<p>El Kremlin luego dijo el jueves que ambas partes no ten\u00edan charlas de paz directas programadas. <\/p>\n<div class=\"image-ct inline\">\n<div class=\"m\"><picture><source media=\"(max-width: 767px)\" srcset=\"https:\/\/a57.foxnews.com\/static.foxnews.com\/foxnews.com\/content\/uploads\/2025\/05\/343\/192\/8a6f3368-russian-soldiers.jpg?ve=1&amp;tl=1, https:\/\/a57.foxnews.com\/static.foxnews.com\/foxnews.com\/content\/uploads\/2025\/05\/686\/384\/8a6f3368-russian-soldiers.jpg?ve=1&amp;tl=1 2x\" height=\"192\" width=\"343\"><source media=\"(min-width: 768px) and (max-width: 1023px)\" srcset=\"https:\/\/a57.foxnews.com\/static.foxnews.com\/foxnews.com\/content\/uploads\/2025\/05\/672\/378\/8a6f3368-russian-soldiers.jpg?ve=1&amp;tl=1, https:\/\/a57.foxnews.com\/static.foxnews.com\/foxnews.com\/content\/uploads\/2025\/05\/1344\/756\/8a6f3368-russian-soldiers.jpg?ve=1&amp;tl=1 2x\" height=\"378\" width=\"672\"><source media=\"(min-width: 1024px) and (max-width: 1279px)\" srcset=\"https:\/\/a57.foxnews.com\/static.foxnews.com\/foxnews.com\/content\/uploads\/2025\/05\/931\/523\/8a6f3368-russian-soldiers.jpg?ve=1&amp;tl=1, https:\/\/a57.foxnews.com\/static.foxnews.com\/foxnews.com\/content\/uploads\/2025\/05\/1862\/1046\/8a6f3368-russian-soldiers.jpg?ve=1&amp;tl=1 2x\" height=\"523\" width=\"931\"><source media=\"(min-width: 1280px)\" srcset=\"https:\/\/a57.foxnews.com\/static.foxnews.com\/foxnews.com\/content\/uploads\/2025\/05\/720\/405\/8a6f3368-russian-soldiers.jpg?ve=1&amp;tl=1, https:\/\/a57.foxnews.com\/static.foxnews.com\/foxnews.com\/content\/uploads\/2025\/05\/1440\/810\/8a6f3368-russian-soldiers.jpg?ve=1&amp;tl=1 2x\" height=\"405\" width=\"720\"><img loading=\"lazy\" decoding=\"async\" src=\"https:\/\/a57.foxnews.com\/static.foxnews.com\/foxnews.com\/content\/uploads\/2025\/05\/1200\/675\/8a6f3368-russian-soldiers.jpg?ve=1&amp;tl=1\" alt=\"Los soldados rusos se preparan para disparar en Ucrania\" width=\"1200\" height=\"675\"\/><\/source><\/source><\/source><\/source><\/picture><\/div>\n<div class=\"info\">\n<div class=\"caption\">\n<p><span>En esta foto tomada de un video distribuido por el Servicio de Prensa del Ministerio de Defensa de Rusia el jueves 15 de mayo, los soldados del ej\u00e9rcito ruso preparan un ob\u00fas de 152 mm Giatsint-B para disparar contra las posiciones ucranianas en Ucrania. <\/span> <span>(Servicio de prensa del Ministerio de Defensa de Rusia a trav\u00e9s de AP)<\/span><\/p>\n<\/div>\n<\/div>\n<\/div>\n<p><strong>Haga clic aqu\u00ed para obtener la aplicaci\u00f3n Fox News<\/strong><strong> <\/strong><\/p>\n<p>\u00abNo hay un acuerdo concreto sobre las pr\u00f3ximas reuniones\u00bb, dijo el portavoz de Kremlin, Dmitry Peskov, seg\u00fan Associated Press. \u00abA\u00fan no se han acordado\u00bb. <\/p>\n<p><i>Morgan Phillips de Fox News Digital contribuy\u00f3 a este informe. <\/i><\/p>\n<p> <!----> <\/p>\n<div class=\"article-meta\">\n<div class=\"author-bio\">\n<p>Greg Norman es reportero de Fox News Digital.<\/p>\n<\/div>\n<\/div>\n<\/div>\n\n","protected":false},"excerpt":{"rendered":"<p>Un importante intercambio de prisioneros entre Rusia y Ucrania est\u00e1 en marcha, dijo el viernes un alto funcionario ucraniano. El intercambio a\u00fan no ha terminado, dijo el funcionario a Associated Press, a pesar de que el presidente Donald Trump declar\u00f3 el viernes que Rusia y Ucrania completaron un \u00abintercambio de prisioneros importantes\u00bb. Los anuncios se &hellip;<\/p>\n","protected":false},"author":1,"featured_media":28454,"comment_status":"open","ping_status":"open","sticky":false,"template":"","format":"standard","meta":{"fifu_image_url":"https:\/\/static.foxnews.com\/foxnews.com\/content\/uploads\/2025\/05\/putin-and-zelenskyy-2.png","fifu_image_alt":"","footnotes":""},"categories":[13],"tags":[],"class_list":["post-28452","post","type-post","status-publish","format-standard","has-post-thumbnail","","category-mundo"],"_links":{"self":[{"href":"https:\/\/noticiasveraces.com\/index.php?rest_route=\/wp\/v2\/posts\/28452","targetHints":{"allow":["GET"]}}],"collection":[{"href":"https:\/\/noticiasveraces.com\/index.php?rest_route=\/wp\/v2\/posts"}],"about":[{"href":"https:\/\/noticiasveraces.com\/index.php?rest_route=\/wp\/v2\/types\/post"}],"author":[{"embeddable":true,"href":"https:\/\/noticiasveraces.com\/index.php?rest_route=\/wp\/v2\/users\/1"}],"replies":[{"embeddable":true,"href":"https:\/\/noticiasveraces.com\/index.php?rest_route=%2Fwp%2Fv2%2Fcomments&post=28452"}],"version-history":[{"count":0,"href":"https:\/\/noticiasveraces.com\/index.php?rest_route=\/wp\/v2\/posts\/28452\/revisions"}],"wp:featuredmedia":[{"embeddable":true,"href":"https:\/\/noticiasveraces.com\/index.php?rest_route=\/wp\/v2\/media\/28454"}],"wp:attachment":[{"href":"https:\/\/noticiasveraces.com\/index.php?rest_route=%2Fwp%2Fv2%2Fmedia&parent=28452"}],"wp:term":[{"taxonomy":"category","embeddable":true,"href":"https:\/\/noticiasveraces.com\/index.php?rest_route=%2Fwp%2Fv2%2Fcategories&post=28452"},{"taxonomy":"post_tag","embeddable":true,"href":"https:\/\/noticiasveraces.com\/index.php?rest_route=%2Fwp%2Fv2%2Ftags&post=28452"}],"curies":[{"name":"wp","href":"https:\/\/api.w.org\/{rel}","templated":true}]}}