{"id":28444,"date":"2025-05-23T06:10:51","date_gmt":"2025-05-23T10:10:51","guid":{"rendered":"https:\/\/noticiasveraces.com\/?p=28444"},"modified":"2025-05-23T06:10:51","modified_gmt":"2025-05-23T10:10:51","slug":"daniel-munoz-confeso-todos-los-equipos-en-los-que-fue-rechazado-hoy-brilla-en-crystal-palace-colombianos-en-el-exterior","status":"publish","type":"post","link":"https:\/\/noticiasveraces.com\/?p=28444","title":{"rendered":"Daniel Mu\u00f1oz confes\u00f3 todos los equipos en los que fue rechazado: hoy brilla en Crystal Palace | Colombianos en el Exterior"},"content":{"rendered":"<p> \n<\/p>\n<div id=\"cuerpoArticulo\">\n<p class=\"texto intro\" id=\"p246616-m1722-1721-1723\"><b>Daniel Mu\u00f1oz<\/b> es uno de los futbolistas colombianos de mayor cotizaci\u00f3n y destacada temporada en Europa en este 2024\/2025. <b>El lateral derecho acaba de hacer historia con el Crystal Palace, pues se coron\u00f3 campe\u00f3n de la FA Cup<\/b>el primer gran t\u00edtulo del equipo londinense, y su influencia en el equipo es manifiesta.<\/p>\n<p>Es por eso que Mu\u00f1oz, titular indiscutible en la Selecci\u00f3n Colombia, <b>suena como uno de los jugadores a moverse en el mercado de fichajes<\/b>pues grandes equipos de Inglaterra estar\u00edan interesado en ficharlo. <\/p>\n<p>Crystal Palace estar\u00eda dispuesto a negociar a Mu\u00f1oz por una cifra cercana a los <b>30 millones de euros<\/b>.<\/p>\n<div id=\"p246616-m1734-1-1735\" class=\"\">\n<blockquote class=\"twitter-tweet\" data-media-max-width=\"560\">\n<p lang=\"es\" dir=\"ltr\">El partido de Daniel Mu\u00f1oz en la final de FA Cup vs Manchester City. Un video que deben pasar en todas las escuelas de f\u00fatbol del mundo. <a href=\"https:\/\/t.co\/IN0WbQpAxj\">pic.twitter.com\/in0wbqpaxj<\/a><\/p>\n<p>\u2014 Pablo Giralt (@giraltpablo) <a href=\"https:\/\/twitter.com\/giraltpablo\/status\/1924869606675497427?ref_src=twsrc%5Etfw\">20 de mayo de 2025<\/a><\/p><\/blockquote><\/div>\n<p class=\"texto contenido-parrafo-articulo\" id=\"p246616-m1740-2-1741\">Este lunes 26 de mayo, Mu\u00f1oz Mej\u00eda cumplir\u00e1 29 a\u00f1os. Y no puede creer todo lo que ha logrado en una carrera que apenas lleva 8 a\u00f1os, pues <b>debut\u00f3 a los 21 en \u00c1guilas Doradas<\/b>. En ese momento <b>se ganaba dos salarios m\u00ednimos<\/b>y apenas superaba el mill\u00f3n de pesos mensuales; <b>hoy, sus ingresos anuales son de aproximadamente 2.73 millones de euros<\/b>.<\/p>\n<p class=\"texto contenido-parrafo-articulo\" id=\"p246616-m1784-5-1785\"><b>Daniel tambi\u00e9n se sorprende<\/b> al ver que su insistencia dio frutos, pues <b>desde los 16 a\u00f1os busc\u00f3 una oportunidad que parec\u00eda esquiva<\/b>. Incluso, \u00e9l <b>dudo de llegar a ser futbolista profesional y hasta pens\u00f3 irse a Estados Unidos a trabajar<\/b> y a buscarse un futuro, como miles de inmigrantes que quisieron cumplir el \u2018sue\u00f1o americano\u2019.<\/p>\n<p><b>Daniel Mu\u00f1oz revel\u00f3 que se prob\u00f3 en m\u00e1s de 7 equipos de varios continentes<\/b>y que parec\u00eda que la vida no le iba a permitir ser futbolista profesional. En una chala \u00edntima con <i>\u2018La M\u00e1quina 287\u2019<\/i>en su p\u00e1gina de YouTube, el lateral confes\u00f3 su traves\u00eda buscando una oportunidad.<\/p>\n<p>\u00ab<b>A los 16 a\u00f1os<\/b> ve\u00eda que los compa\u00f1eros con los que empec\u00e9 [en Arcos Zaragoza]se iban a los equipos profesionales o estaban en selecci\u00f3n Antioquia o Colombia. <b>Yo estaba quedado, no iba a ninguna selecci\u00f3n; solo a la de futsal, pero de f\u00fatbol  nunca recib\u00ed un llamado<\/b>\u201d, record\u00f3 Mu\u00f1oz.<\/p>\n<div class=\"fotografia caja-articulo\" id=\"p246616-m1790-6-1791\">\n<div class=\"imagen-cuerpo-bk\">\n<figure itemscope=\"\" itemtype=\"https:\/\/schema.org\/ImageObject\" itemprop=\"image\" id=\"m1795-1794-1796\" class=\"foto-galeria-articulo imagen-articulo foto-texto-articulo-galeria\"><img decoding=\"async\" alt=\"Daniel M\u00fa\u00f1oz\" src=\"data:image\/png;base64,iVBORw0KGgoAAAANSUhEUgAAAAEAAAABCAQAAAC1HAwCAAAAC0lEQVR42mP8\/x0AAvsB+DlKarAAAAAASUVORK5CYII=\" style=\" display: inline;\" data-original=\"\/files\/article_content\/files\/crop\/uploads\/2019\/06\/26\/5d137c60923df.r_1747982539187.79-0-1146-800.jpeg\"\/><meta itemprop=\"width\" content=\"600\"\/><meta itemprop=\"height\" content=\"450\"\/> <meta itemprop=\"url\" content=\"https:\/\/www.futbolred.com\/files\/article_content\/files\/crop\/uploads\/2019\/06\/26\/5d137c60923df.r_1747982539187.79-0-1146-800.jpeg\"\/><\/figure>\n<\/div>\n<div class=\"figcaption-cuerpo-bk credito-image-bk\"><figcaption class=\"foto-info\">\n<div class=\"titulo-foto-bk\">\n<p id=\"m1802-1-1803\" class=\"titulo pie-de-foto\">Daniel M\u00fa\u00f1oz, en \u00c1guilas Doradas.<\/p>\n<\/div>\n<p class=\"credito\">\n                            <span class=\"linea pre_credito\">Foto:<\/span><\/p>\n<p>                        <span id=\"m1808-2-1809\" class=\"autor\">Socket de Twitter: @aguiladoradad<\/span><\/p>\n<\/figcaption><\/div>\n<\/p><\/div>\n<p class=\"texto contenido-parrafo-articulo\" id=\"p246616-m1816-7-1817\">El nacido en Amalfi, Antioquia, <b>decidi\u00f3 irse a M\u00e9xico<\/b>seducido por un agente. \u201cTuve una prueba en <b>Atlas<\/b> y luego en <b>Cruz Azul<\/b>; en Cruz Azul me fue muy bien, pero era menor de edad y me tocaba esperarme un a\u00f1o para firmar contrato. <b>All\u00e1 conoc\u00ed a Amaranto Perea<\/b>que me ayud\u00f3 mucho; tambi\u00e9n con <b>Te\u00f3filo Guti\u00e9rrez<\/b>ellos me trataron muy bien\u201d.<\/p>\n<p>Daniel no se qued\u00f3 en M\u00e9xico, pero tampoco baj\u00f3 los brazos. Esas pruebas en los primeros dos equipos lo motivaron para seguir rodando por el mundo: \u201c<b>Estuve en el Primavera de Udinese [Italia]<\/b>; all\u00e1 me ayud\u00f3 <b>Luis Muriel<\/b>.  Tambi\u00e9n fui a <b>Espa\u00f1a, al Rayo Majadahonda<\/b>que en ese momento estaba en Tercera y no pod\u00eda hacer contratos profesionales\u201d.<\/p>\n<p class=\"texto contenido-parrafo-articulo\" id=\"p246616-m1854-9-1855\">\u00ab<b>Me devolv\u00ed a Colombia muy frustrado. Yo solo quer\u00eda una oportunidad<\/b>. Ten\u00eda ya 18 a\u00f1os y le dije a mi mam\u00e1 que me iba a trabajar a Estados Unidos, pero <b>me negaron la visa<\/b>\u201d, relat\u00f3 el lateral cafetero.<\/p>\n<p>Adem\u00e1s de los dos equipos mexicanos y los dos en Europa, Mu\u00f1oz se fue a <b>F\u00fatbol total<\/b>un equipo de Liga de Antioquia; ah\u00ed jug\u00f3 Primera C y Sub-20. Estuvo cerca de ir a <b>Independiente Medell\u00edn<\/b>pero pudo m\u00e1s su amor por <b>Atl\u00e9tico Nacional<\/b>del que siempre ha sido hincha; all\u00e1 se prob\u00f3, pero se arrepinti\u00f3 y no volvi\u00f3.<\/p>\n<div class=\"fotografia caja-articulo\" id=\"p246616-m1860-10-1861\">\n<div class=\"imagen-cuerpo-bk\">\n<figure itemscope=\"\" itemtype=\"https:\/\/schema.org\/ImageObject\" itemprop=\"image\" id=\"m1865-1864-1866\" class=\"foto-galeria-articulo imagen-articulo foto-texto-articulo-galeria\"><img decoding=\"async\" alt=\"Daniel Mu\u00f1oz\" src=\"data:image\/png;base64,iVBORw0KGgoAAAANSUhEUgAAAAEAAAABCAQAAAC1HAwCAAAAC0lEQVR42mP8\/x0AAvsB+DlKarAAAAAASUVORK5CYII=\" style=\" display: inline;\" data-original=\"\/files\/article_content\/uploads\/2019\/08\/25\/5d6364bda5cd1.jpeg\"\/><meta itemprop=\"width\" content=\"600\"\/><meta itemprop=\"height\" content=\"450\"\/> <meta itemprop=\"url\" content=\"https:\/\/www.futbolred.com\/files\/article_content\/uploads\/2019\/08\/25\/5d6364bda5cd1.jpeg\"\/><\/figure>\n<\/div>\n<div class=\"figcaption-cuerpo-bk credito-image-bk\"><figcaption class=\"foto-info\">\n<div class=\"titulo-foto-bk\">\n<p id=\"m1872-1-1873\" class=\"titulo pie-de-foto\">Daniel Mu\u00f1oz, en Atl\u00e9tico Nacional.<\/p>\n<\/div>\n<p class=\"credito\">\n                            <span class=\"linea pre_credito\">Foto:<\/span><\/p>\n<p>                        <span id=\"m1878-2-1879\" class=\"autor\">Jaiver Nieto\/CEET<\/span><\/p>\n<\/figcaption><\/div>\n<\/p><\/div>\n<p class=\"texto contenido-parrafo-articulo\" id=\"p246616-m1886-11-1887\">En Colombia pas\u00f3 por <b>Atl\u00e9tico Huila, Deportes Tolima, Equidad<\/b>. En Brasil se prob\u00f3 en <b>Corintios<\/b>\u2026 en todos fue rechazado.<\/p>\n<p>Finalmente, a los 21 a\u00f1os encontr\u00f3 la oportunidad en <b>\u00c1guilas Doradas<\/b>; <b>Pedro Sarmiento<\/b> fue el entrenador que le dio la oportunidad de llegar al equipo profesional, y luego <b>N\u00e9stor Otero<\/b> confirm\u00f3 esa confianza.<\/p>\n<p>Luego cumpli\u00f3 el sue\u00f1o de jugar en el equipo de sus amores, <b>Atl\u00e9tico Nacional<\/b>para luego saltar a Europa: primero el <b>Genk de B\u00e9lgica<\/b> y ahora al <b>Palacio de cristal<\/b> de Inglaterra. <\/p>\n<p>Ahora, el jugador que fue rechazado en m\u00e1s de siete equipos, es uno de los jugadores m\u00e1s apetecidos en su posici\u00f3n, y podr\u00eda dar otro salto en su carrera.<\/p>\n<p class=\"texto contenido-parrafo-articulo\" id=\"p246616-m1898-13-1899\"><b><i>Vea la nota completa con Daniel Mu\u00f1oz:<\/i><\/b><\/p>\n<p><a href=\"https:\/\/www.youtube.com\/watch?v=8rc3wap_27k\">https:\/\/www.youtube.com\/watch?v=8rc3wap_27k<\/a><\/p>\n<\/p><\/div>\n<p><script async src=\"https:\/\/platform.twitter.com\/widgets.js\" charset=\"utf-8\"><\/script><br \/>\n<br \/>\n","protected":false},"excerpt":{"rendered":"<p>Daniel Mu\u00f1oz es uno de los futbolistas colombianos de mayor cotizaci\u00f3n y destacada temporada en Europa en este 2024\/2025. El lateral derecho acaba de hacer historia con el Crystal Palace, pues se coron\u00f3 campe\u00f3n de la FA Cupel primer gran t\u00edtulo del equipo londinense, y su influencia en el equipo es manifiesta. Es por eso &hellip;<\/p>\n","protected":false},"author":1,"featured_media":28445,"comment_status":"open","ping_status":"open","sticky":false,"template":"","format":"standard","meta":{"fifu_image_url":"https:\/\/www.futbolred.com\/files\/og_thumbnail\/uploads\/2025\/02\/22\/67ba1220c4d65.jpeg","fifu_image_alt":"","footnotes":""},"categories":[6],"tags":[],"class_list":["post-28444","post","type-post","status-publish","format-standard","has-post-thumbnail","","category-deportes"],"_links":{"self":[{"href":"https:\/\/noticiasveraces.com\/index.php?rest_route=\/wp\/v2\/posts\/28444","targetHints":{"allow":["GET"]}}],"collection":[{"href":"https:\/\/noticiasveraces.com\/index.php?rest_route=\/wp\/v2\/posts"}],"about":[{"href":"https:\/\/noticiasveraces.com\/index.php?rest_route=\/wp\/v2\/types\/post"}],"author":[{"embeddable":true,"href":"https:\/\/noticiasveraces.com\/index.php?rest_route=\/wp\/v2\/users\/1"}],"replies":[{"embeddable":true,"href":"https:\/\/noticiasveraces.com\/index.php?rest_route=%2Fwp%2Fv2%2Fcomments&post=28444"}],"version-history":[{"count":0,"href":"https:\/\/noticiasveraces.com\/index.php?rest_route=\/wp\/v2\/posts\/28444\/revisions"}],"wp:featuredmedia":[{"embeddable":true,"href":"https:\/\/noticiasveraces.com\/index.php?rest_route=\/wp\/v2\/media\/28445"}],"wp:attachment":[{"href":"https:\/\/noticiasveraces.com\/index.php?rest_route=%2Fwp%2Fv2%2Fmedia&parent=28444"}],"wp:term":[{"taxonomy":"category","embeddable":true,"href":"https:\/\/noticiasveraces.com\/index.php?rest_route=%2Fwp%2Fv2%2Fcategories&post=28444"},{"taxonomy":"post_tag","embeddable":true,"href":"https:\/\/noticiasveraces.com\/index.php?rest_route=%2Fwp%2Fv2%2Ftags&post=28444"}],"curies":[{"name":"wp","href":"https:\/\/api.w.org\/{rel}","templated":true}]}}