{"id":28431,"date":"2025-05-23T04:38:21","date_gmt":"2025-05-23T08:38:21","guid":{"rendered":"https:\/\/noticiasveraces.com\/?p=28431"},"modified":"2025-05-23T04:38:21","modified_gmt":"2025-05-23T08:38:21","slug":"columbia-acusada-de-no-proteger-a-estudiantes-judios-dw-23-05-2025","status":"publish","type":"post","link":"https:\/\/noticiasveraces.com\/?p=28431","title":{"rendered":"Columbia acusada de no proteger a estudiantes jud\u00edos \u2013 DW \u2013 23\/05\/2025"},"content":{"rendered":"<p> \n<\/p>\n<div>\n<p>En un comunicado, la Oficina de Derechos Civiles del Departamento de Salud y Servicios Humanos de EE. UU. acus\u00f3 a la Universidad de Columbia, uno de los centros universitarios m\u00e1s prestigiosos del pa\u00eds, de violar el Titulo VI de la Ley de Derechos Civiles de 1964, que proh\u00edbe la discriminaci\u00f3n por motivos de raza, color y origen nacional en programas y actividades que reciben fondos federales.<\/p>\n<h2>Gobierno de Trump: Columbia \u00abha fallado en la protecci\u00f3n de los estudiantes jud\u00edos\u00bb<\/h2>\n<p>La Oficina de Derechos Civiles (OCR) asegura que la Universidad de Columbia \u00abha fallado continuamente en la protecci\u00f3n de los estudiantes jud\u00edos\u00bb, citando \u00abextensos hallazgos de una investigaci\u00f3n\u00bb\u00a0realizada desde el 7 de octubre de 2023 hasta la fecha, cuando se produjo el ataque terrorista de Ham\u00e1s contra Israel y el inicio de la guerra por el Ej\u00e9rcito israel\u00ed en Gaza.<\/p>\n<p>\u00abLos hallazgos documentan cuidadosamente el ambiente hostil que los estudiantes jud\u00edos de la Universidad de Columbia han tenido que soportar durante m\u00e1s de 19 meses, lo que ha afectado a su educaci\u00f3n, seguridad y bienestar\u00bb, declar\u00f3 Anthony Archeval, director interino de la Oficina de Derechos Civiles del HHS citado en el comunicado.<\/p>\n<blockquote class=\"tweet embed\" data-id=\"1925712966621540784\"\/>\n<p>\u00abAlentamos a la Universidad de Columbia a colaborar con nosotros para llegar a un acuerdo que refleje cambios significativos que realmente protejan a los estudiantes jud\u00edos\u00bb, subraya.<\/p>\n<p>La OCR estima que el centro universitario no logr\u00f3 establecer mecanismos efectivos de denuncia contra el antisemitismo hasta el verano de 2024, no cumpli\u00f3 debidamente con sus propias pol\u00edticas y procedimientos al responder a las quejas de estudiantes jud\u00edos y no investig\u00f3 ni sancion\u00f3 debidamente el vandalismo en sus aulas, que incluye la reiterada representaci\u00f3n de esv\u00e1sticas y otras im\u00e1genes de odio universalmente reconocidas, entre otras cosas.<\/p>\n<h2>Parte de iniciativa m\u00e1s amplia contra el antisemitismo<\/h2>\n<p>Seg\u00fan la OCR, esta advertencia forma parte de una iniciativa m\u00e1s amplia del Grupo de Trabajo Conjunto multiinstitucional de la Administraci\u00f3n para combatir el antisemitismo.<\/p>\n<p>Durante el a\u00f1o pasado, manifestantes propalestinos en la Universidad de Columbia iniciaron una ola de manifestaciones que se propag\u00f3 a los campus universitarios de todo el pa\u00eds y que culmin\u00f3 en campamentos y arrestos masivos.<\/p>\n<p>El aviso de la administraci\u00f3n se produce horas despu\u00e9s de que la universidad neoyorquina celebrara uno de los actos de graduaci\u00f3n de sus estudiantes que se vieron perturbados por las protestas de un centenar de activistas que manifestaron a sus puertas en apoyo a Palestina, con la quema de diplomas por parte de antiguos alumnos de la instituci\u00f3n.<\/p>\n<p><span data-slot-id=\"Article_InContent-1\" class=\"rich-text-ad\"\/><\/p>\n<h2>Gobierno de Trump contra Columbia y Harvard<\/h2>\n<p>La Universidad de Columbia se encuentra en negociaciones para recuperar los fondos federales que Trump le cancel\u00f3 tras acusarla de tolerancia con el antisemitismo y exigir realizar cambios a la hora de cumplir ciertos requisitos que en un principio aceptaron, como la contrataci\u00f3n de agentes de seguridad en el campus, la prohibici\u00f3n de las mascarillas o la supervisi\u00f3n externa de sus programas de estudios palestinos.<\/p>\n<p>Este aviso, se produce un d\u00eda despu\u00e9s del asesinato en Washington de dos empleados de la embajada de Israel en Estados Unidos. <\/p>\n<p>Y\u00a0coincide tambi\u00e9n con el anuncio del Gobierno de prohibir a otra prestigiosa universidad, la de Harvard, matricular en adelante a estudiantes extranjeros, en una grave escalada en el conflicto que los enfrenta desde hace varios meses.<\/p>\n<p>En aparente paradoja, estas medidas coinciden asimismo con la cruzada de la administraci\u00f3n\u00a0Trump contra los programas de diversidad en universidades, as empresas y oficinas del Gobierno.<\/p>\n<p>RML (EFE, CNN)<\/p>\n<\/div>\n\n","protected":false},"excerpt":{"rendered":"<p>En un comunicado, la Oficina de Derechos Civiles del Departamento de Salud y Servicios Humanos de EE. UU. acus\u00f3 a la Universidad de Columbia, uno de los centros universitarios m\u00e1s prestigiosos del pa\u00eds, de violar el Titulo VI de la Ley de Derechos Civiles de 1964, que proh\u00edbe la discriminaci\u00f3n por motivos de raza, color &hellip;<\/p>\n","protected":false},"author":1,"featured_media":28432,"comment_status":"open","ping_status":"open","sticky":false,"template":"","format":"standard","meta":{"fifu_image_url":"https:\/\/static.dw.com\/image\/72291538_6.jpg","fifu_image_alt":"","footnotes":""},"categories":[13],"tags":[],"class_list":["post-28431","post","type-post","status-publish","format-standard","has-post-thumbnail","","category-mundo"],"_links":{"self":[{"href":"https:\/\/noticiasveraces.com\/index.php?rest_route=\/wp\/v2\/posts\/28431","targetHints":{"allow":["GET"]}}],"collection":[{"href":"https:\/\/noticiasveraces.com\/index.php?rest_route=\/wp\/v2\/posts"}],"about":[{"href":"https:\/\/noticiasveraces.com\/index.php?rest_route=\/wp\/v2\/types\/post"}],"author":[{"embeddable":true,"href":"https:\/\/noticiasveraces.com\/index.php?rest_route=\/wp\/v2\/users\/1"}],"replies":[{"embeddable":true,"href":"https:\/\/noticiasveraces.com\/index.php?rest_route=%2Fwp%2Fv2%2Fcomments&post=28431"}],"version-history":[{"count":0,"href":"https:\/\/noticiasveraces.com\/index.php?rest_route=\/wp\/v2\/posts\/28431\/revisions"}],"wp:featuredmedia":[{"embeddable":true,"href":"https:\/\/noticiasveraces.com\/index.php?rest_route=\/wp\/v2\/media\/28432"}],"wp:attachment":[{"href":"https:\/\/noticiasveraces.com\/index.php?rest_route=%2Fwp%2Fv2%2Fmedia&parent=28431"}],"wp:term":[{"taxonomy":"category","embeddable":true,"href":"https:\/\/noticiasveraces.com\/index.php?rest_route=%2Fwp%2Fv2%2Fcategories&post=28431"},{"taxonomy":"post_tag","embeddable":true,"href":"https:\/\/noticiasveraces.com\/index.php?rest_route=%2Fwp%2Fv2%2Ftags&post=28431"}],"curies":[{"name":"wp","href":"https:\/\/api.w.org\/{rel}","templated":true}]}}