{"id":28413,"date":"2025-05-23T01:55:28","date_gmt":"2025-05-23T05:55:28","guid":{"rendered":"https:\/\/noticiasveraces.com\/?p=28413"},"modified":"2025-05-23T01:55:28","modified_gmt":"2025-05-23T05:55:28","slug":"el-programa-de-wyoming-combina-a-los-veteranos-con-mustangs-salvajes-para-el-viaje-de-curacion-mutua","status":"publish","type":"post","link":"https:\/\/noticiasveraces.com\/?p=28413","title":{"rendered":"El programa de Wyoming combina a los veteranos con Mustangs salvajes para el viaje de curaci\u00f3n mutua"},"content":{"rendered":"<p> \n<\/p>\n<div>\n<p class=\"speakable\"><span class=\"dateline\">Jay EM, Wyo. &#8211; <\/span>Si bien Memorial Day es un momento para el recuerdo, tambi\u00e9n puede ser un per\u00edodo dif\u00edcil para muchos veteranos, particularmente aquellos que luchan con la salud mental.<\/p>\n<p class=\"speakable\">Un programa en Wyoming est\u00e1 ayudando a abordar esos desaf\u00edos emparejando a los veteranos con Mustangs salvajes en un enfoque \u00fanico para la curaci\u00f3n.<\/p>\n<p><strong><u>D\u00eda de los Veteranos: Dennis Quaid, Trace Adkins entre las estrellas de Hollywood en honor a nuestros militares<\/u><\/strong><\/p>\n<div class=\"image-ct inline\">\n<div class=\"m\"><picture><source media=\"(max-width: 767px)\" srcset=\"https:\/\/a57.foxnews.com\/static.foxnews.com\/foxnews.com\/content\/uploads\/2025\/05\/343\/192\/94dff7a9-screenshot-2025-05-22-at-7.18.26\u202fpm-e1747969078234.png?ve=1&amp;tl=1, https:\/\/a57.foxnews.com\/static.foxnews.com\/foxnews.com\/content\/uploads\/2025\/05\/686\/384\/94dff7a9-screenshot-2025-05-22-at-7.18.26\u202fpm-e1747969078234.png?ve=1&amp;tl=1 2x\" height=\"192\" width=\"343\"><source media=\"(min-width: 768px) and (max-width: 1023px)\" srcset=\"https:\/\/a57.foxnews.com\/static.foxnews.com\/foxnews.com\/content\/uploads\/2025\/05\/672\/378\/94dff7a9-screenshot-2025-05-22-at-7.18.26\u202fpm-e1747969078234.png?ve=1&amp;tl=1, https:\/\/a57.foxnews.com\/static.foxnews.com\/foxnews.com\/content\/uploads\/2025\/05\/1344\/756\/94dff7a9-screenshot-2025-05-22-at-7.18.26\u202fpm-e1747969078234.png?ve=1&amp;tl=1 2x\" height=\"378\" width=\"672\"><source media=\"(min-width: 1024px) and (max-width: 1279px)\" srcset=\"https:\/\/a57.foxnews.com\/static.foxnews.com\/foxnews.com\/content\/uploads\/2025\/05\/931\/523\/94dff7a9-screenshot-2025-05-22-at-7.18.26\u202fpm-e1747969078234.png?ve=1&amp;tl=1, https:\/\/a57.foxnews.com\/static.foxnews.com\/foxnews.com\/content\/uploads\/2025\/05\/1862\/1046\/94dff7a9-screenshot-2025-05-22-at-7.18.26\u202fpm-e1747969078234.png?ve=1&amp;tl=1 2x\" height=\"523\" width=\"931\"><source media=\"(min-width: 1280px)\" srcset=\"https:\/\/a57.foxnews.com\/static.foxnews.com\/foxnews.com\/content\/uploads\/2025\/05\/720\/405\/94dff7a9-screenshot-2025-05-22-at-7.18.26\u202fpm-e1747969078234.png?ve=1&amp;tl=1, https:\/\/a57.foxnews.com\/static.foxnews.com\/foxnews.com\/content\/uploads\/2025\/05\/1440\/810\/94dff7a9-screenshot-2025-05-22-at-7.18.26\u202fpm-e1747969078234.png?ve=1&amp;tl=1 2x\" height=\"405\" width=\"720\"><img loading=\"lazy\" decoding=\"async\" src=\"https:\/\/a57.foxnews.com\/static.foxnews.com\/foxnews.com\/content\/uploads\/2025\/05\/1200\/675\/94dff7a9-screenshot-2025-05-22-at-7.18.26\u202fpm-e1747969078234.png?ve=1&amp;tl=1\" alt=\"Salud mental veterana\" width=\"1200\" height=\"675\"\/><\/source><\/source><\/source><\/source><\/picture><\/div>\n<div class=\"info\">\n<div class=\"caption\">\n<p><span>Operation ReSunt tiene lugar en Wyoming. <\/span> <span>(Kennedy Hayes\/Fox News)<\/span><\/p>\n<\/div>\n<\/div>\n<\/div>\n<p>Seg\u00fan los datos del Departamento de Asuntos de Veteranos de los Estados Unidos de 2001 a 2022, es m\u00e1s probable que los veteranos sean diagnosticados con TEPT, depresi\u00f3n y ansiedad que los civiles. Cada a\u00f1o, aproximadamente 6,000 veteranos mueren por suicidio.<\/p>\n<p>En alg\u00fan momento de sus vidas, 7 de cada 100 veteranos (o 7%) experimentar\u00e1n TEPT, seg\u00fan el Departamento de Asuntos de Veteranos de los Estados Unidos.<\/p>\n<p>En el peque\u00f1o pueblo de <u>Jay EM, Wyoming<\/u>una organizaci\u00f3n sin fines de lucro llamada Operation ReDount Corporation ofrece una forma de terapia equina que sirve no solo a veteranos y socorristas, sino tambi\u00e9n a los Mustangs, muchos de los cuales provienen de entornos traum\u00e1ticos.<\/p>\n<p>Karen Alexander, cofundadora de Operation ReSunt, dice que algunos Mustangs tambi\u00e9n experimentan trauma y ansiedad, lo que hace que el programa sea una forma de curaci\u00f3n rec\u00edproca. <\/p>\n<p>\u00abEstos son Mustangs que pasaron por tres adopciones y no fueron aceptados o no adoptados\u00bb, dijo Alexander. \u00abCuando los Mustangs llegan por primera vez, tienen mucho miedo de los humanos. Es realmente bueno ver cu\u00e1ndo ese animal finalmente dice, puedo confiar en ti\u00bb.<\/p>\n<p><strong><u>Trump Suprises Veterano de la Segunda Guerra Mundial de 104 a\u00f1os con un mensaje de cumplea\u00f1os despu\u00e9s de la invitaci\u00f3n viral de Tiktok <\/u><\/strong><\/p>\n<p>El veterano Sean Walker es uno de los participantes de este a\u00f1o en Operation Moverunt. \u00c9l dice que unirse al programa y conocer a su caballo, apodado Spirit, fue necesario despu\u00e9s de servir en el ej\u00e9rcito.<\/p>\n<p>Walker, quien complet\u00f3 dos giras en Irak y una en Bosnia con la Guardia Nacional de Kansas, dice solo unas pocas semanas con su caballo, Spirit, ya ha tenido un impacto significativo.<\/p>\n<div class=\"image-ct inline\">\n<div class=\"m\"><picture><source media=\"(max-width: 767px)\" srcset=\"https:\/\/a57.foxnews.com\/static.foxnews.com\/foxnews.com\/content\/uploads\/2025\/05\/343\/192\/06de0455-screenshot-2025-05-22-at-7.17.31\u202fpm-e1747969064986.png?ve=1&amp;tl=1, https:\/\/a57.foxnews.com\/static.foxnews.com\/foxnews.com\/content\/uploads\/2025\/05\/686\/384\/06de0455-screenshot-2025-05-22-at-7.17.31\u202fpm-e1747969064986.png?ve=1&amp;tl=1 2x\" height=\"192\" width=\"343\"><source media=\"(min-width: 768px) and (max-width: 1023px)\" srcset=\"https:\/\/a57.foxnews.com\/static.foxnews.com\/foxnews.com\/content\/uploads\/2025\/05\/672\/378\/06de0455-screenshot-2025-05-22-at-7.17.31\u202fpm-e1747969064986.png?ve=1&amp;tl=1, https:\/\/a57.foxnews.com\/static.foxnews.com\/foxnews.com\/content\/uploads\/2025\/05\/1344\/756\/06de0455-screenshot-2025-05-22-at-7.17.31\u202fpm-e1747969064986.png?ve=1&amp;tl=1 2x\" height=\"378\" width=\"672\"><source media=\"(min-width: 1024px) and (max-width: 1279px)\" srcset=\"https:\/\/a57.foxnews.com\/static.foxnews.com\/foxnews.com\/content\/uploads\/2025\/05\/931\/523\/06de0455-screenshot-2025-05-22-at-7.17.31\u202fpm-e1747969064986.png?ve=1&amp;tl=1, https:\/\/a57.foxnews.com\/static.foxnews.com\/foxnews.com\/content\/uploads\/2025\/05\/1862\/1046\/06de0455-screenshot-2025-05-22-at-7.17.31\u202fpm-e1747969064986.png?ve=1&amp;tl=1 2x\" height=\"523\" width=\"931\"><source media=\"(min-width: 1280px)\" srcset=\"https:\/\/a57.foxnews.com\/static.foxnews.com\/foxnews.com\/content\/uploads\/2025\/05\/720\/405\/06de0455-screenshot-2025-05-22-at-7.17.31\u202fpm-e1747969064986.png?ve=1&amp;tl=1, https:\/\/a57.foxnews.com\/static.foxnews.com\/foxnews.com\/content\/uploads\/2025\/05\/1440\/810\/06de0455-screenshot-2025-05-22-at-7.17.31\u202fpm-e1747969064986.png?ve=1&amp;tl=1 2x\" height=\"405\" width=\"720\"><img loading=\"lazy\" decoding=\"async\" src=\"https:\/\/a57.foxnews.com\/static.foxnews.com\/foxnews.com\/content\/uploads\/2025\/05\/1200\/675\/06de0455-screenshot-2025-05-22-at-7.17.31\u202fpm-e1747969064986.png?ve=1&amp;tl=1\" alt=\"Nombres veteranos esp\u00edritu de caballo\" width=\"1200\" height=\"675\"\/><\/source><\/source><\/source><\/source><\/picture><\/div>\n<div class=\"info\">\n<div class=\"caption\">\n<p><span>Seg\u00fan los datos del Departamento de Asuntos de Veteranos de los Estados Unidos de 2001 a 2022, es m\u00e1s probable que los veteranos sean diagnosticados con TEPT, depresi\u00f3n y ansiedad que los civiles. <\/span> <span>(Kennedy Hayes\/ Fox News)<\/span><\/p>\n<\/div>\n<\/div>\n<\/div>\n<p>\u00abLo llamamos viento espiritual duradero\u00bb, dijo Walker. \u00abMe ha ense\u00f1ado probablemente m\u00e1s de lo que podr\u00eda haberle ense\u00f1ado\u00bb.<\/p>\n<p>Despu\u00e9s de retirarse del ej\u00e9rcito, Walker dijo que reintegrarse en la vida civil fue dif\u00edcil. Al igual que muchos otros veteranos, experiment\u00f3 desaf\u00edos de salud mental.<\/p>\n<p>El programa recientemente agreg\u00f3 una nueva caba\u00f1a roja a los participantes de la casa durante el curso de seis semanas. Fue construido en honor del sargento del Cuerpo de Marines. BJ Shepperson, quien sirvi\u00f3 dos despliegues y luch\u00f3 con la transici\u00f3n de regreso a la vida civil en Wyoming.<\/p>\n<p>Shepperson dijo que a su hermano BJ amaba a los caballos y realmente habr\u00eda apreciado lo que este programa est\u00e1 haciendo para ayudar a otros veteranos. <\/p>\n<div class=\"image-ct inline\">\n<div class=\"m\"><picture><source media=\"(max-width: 767px)\" srcset=\"https:\/\/a57.foxnews.com\/static.foxnews.com\/foxnews.com\/content\/uploads\/2025\/05\/343\/192\/4f91608f-screenshot-2025-05-22-at-7.18.44\u202fpm-e1747969048737.png?ve=1&amp;tl=1, https:\/\/a57.foxnews.com\/static.foxnews.com\/foxnews.com\/content\/uploads\/2025\/05\/686\/384\/4f91608f-screenshot-2025-05-22-at-7.18.44\u202fpm-e1747969048737.png?ve=1&amp;tl=1 2x\" height=\"192\" width=\"343\"><source media=\"(min-width: 768px) and (max-width: 1023px)\" srcset=\"https:\/\/a57.foxnews.com\/static.foxnews.com\/foxnews.com\/content\/uploads\/2025\/05\/672\/378\/4f91608f-screenshot-2025-05-22-at-7.18.44\u202fpm-e1747969048737.png?ve=1&amp;tl=1, https:\/\/a57.foxnews.com\/static.foxnews.com\/foxnews.com\/content\/uploads\/2025\/05\/1344\/756\/4f91608f-screenshot-2025-05-22-at-7.18.44\u202fpm-e1747969048737.png?ve=1&amp;tl=1 2x\" height=\"378\" width=\"672\"><source media=\"(min-width: 1024px) and (max-width: 1279px)\" srcset=\"https:\/\/a57.foxnews.com\/static.foxnews.com\/foxnews.com\/content\/uploads\/2025\/05\/931\/523\/4f91608f-screenshot-2025-05-22-at-7.18.44\u202fpm-e1747969048737.png?ve=1&amp;tl=1, https:\/\/a57.foxnews.com\/static.foxnews.com\/foxnews.com\/content\/uploads\/2025\/05\/1862\/1046\/4f91608f-screenshot-2025-05-22-at-7.18.44\u202fpm-e1747969048737.png?ve=1&amp;tl=1 2x\" height=\"523\" width=\"931\"><source media=\"(min-width: 1280px)\" srcset=\"https:\/\/a57.foxnews.com\/static.foxnews.com\/foxnews.com\/content\/uploads\/2025\/05\/720\/405\/4f91608f-screenshot-2025-05-22-at-7.18.44\u202fpm-e1747969048737.png?ve=1&amp;tl=1, https:\/\/a57.foxnews.com\/static.foxnews.com\/foxnews.com\/content\/uploads\/2025\/05\/1440\/810\/4f91608f-screenshot-2025-05-22-at-7.18.44\u202fpm-e1747969048737.png?ve=1&amp;tl=1 2x\" height=\"405\" width=\"720\"><img loading=\"lazy\" decoding=\"async\" src=\"https:\/\/a57.foxnews.com\/static.foxnews.com\/foxnews.com\/content\/uploads\/2025\/05\/1200\/675\/4f91608f-screenshot-2025-05-22-at-7.18.44\u202fpm-e1747969048737.png?ve=1&amp;tl=1\" alt=\"Los caballos ayudan a los veteranos a sanar\" width=\"1200\" height=\"675\"\/><\/source><\/source><\/source><\/source><\/picture><\/div>\n<div class=\"info\">\n<div class=\"caption\">\n<p><span>El TEPT es un poco m\u00e1s com\u00fan entre los veteranos que los civiles. En alg\u00fan momento de su vida, 7 de cada 100 veteranos (o 7%) tendr\u00e1n TEPT. <\/span> <span>(Kennedy Hayes\/ Fox News)<\/span><\/p>\n<\/div>\n<\/div>\n<\/div>\n<p>\u00abDespu\u00e9s de dos despliegues y regresar a Wyoming, tuvo dificultades para reajustar\u00bb, dijo su hermano, Baxter Shepperson.<\/p>\n<p><strong><u>Veterano en la misi\u00f3n para combatir el suicidio en la comunidad militar<\/u><\/strong><\/p>\n<p>Los l\u00edderes del programa dicen que est\u00e1n trabajando para construir m\u00e1s caba\u00f1as, permitiendo a los veteranos y socorristas adicionales pasar la noche durante el programa mientras experimentan el v\u00ednculo terap\u00e9utico con un caballo.<\/p>\n<p>\u00abEs como cuando encontraste una conexi\u00f3n que has perdido\u00bb, dijo Walker. \u00abTe permite tener esa reconexi\u00f3n y el esp\u00edritu han sido eso\u00bb.<\/p>\n<p>Operation ReSunt permite a los veteranos y socorristas mantener el caballo salvaje despu\u00e9s de completar el curso de seis semanas. La organizaci\u00f3n sin fines de lucro contiene sesiones tanto en primavera como en oto\u00f1o.<\/p>\n<p><strong><u>Haga clic aqu\u00ed para obtener la aplicaci\u00f3n Fox News<\/u><\/strong><\/p>\n<p>El equipo de Operation Moverunt ahora est\u00e1 trabajando para construir una instalaci\u00f3n interior para que puedan ofrecer el programa durante todo el a\u00f1o, incluso durante los duros meses de invierno de Wyoming.<\/p>\n<p> <!----> <\/p>\n<div class=\"article-meta\">\n<div class=\"author-bio\">\n<p>Kennedy Hayes se uni\u00f3 a Fox News en 2023 como reportero multimedia con sede en Denver.<\/p>\n<\/div>\n<\/div>\n<\/div>\n\n","protected":false},"excerpt":{"rendered":"<p>Jay EM, Wyo. &#8211; Si bien Memorial Day es un momento para el recuerdo, tambi\u00e9n puede ser un per\u00edodo dif\u00edcil para muchos veteranos, particularmente aquellos que luchan con la salud mental. Un programa en Wyoming est\u00e1 ayudando a abordar esos desaf\u00edos emparejando a los veteranos con Mustangs salvajes en un enfoque \u00fanico para la curaci\u00f3n. &hellip;<\/p>\n","protected":false},"author":1,"featured_media":28415,"comment_status":"open","ping_status":"open","sticky":false,"template":"","format":"standard","meta":{"fifu_image_url":"https:\/\/a57.foxnews.com\/static.foxnews.com\/foxnews.com\/content\/uploads\/2025\/05\/1200\/675\/94dff7a9-screenshot-2025-05-22-at-7.18.26\u202fpm-e1747969078234.png?ve=1&tl=1","fifu_image_alt":"","footnotes":""},"categories":[8],"tags":[],"class_list":["post-28413","post","type-post","status-publish","format-standard","has-post-thumbnail","","category-salud"],"_links":{"self":[{"href":"https:\/\/noticiasveraces.com\/index.php?rest_route=\/wp\/v2\/posts\/28413","targetHints":{"allow":["GET"]}}],"collection":[{"href":"https:\/\/noticiasveraces.com\/index.php?rest_route=\/wp\/v2\/posts"}],"about":[{"href":"https:\/\/noticiasveraces.com\/index.php?rest_route=\/wp\/v2\/types\/post"}],"author":[{"embeddable":true,"href":"https:\/\/noticiasveraces.com\/index.php?rest_route=\/wp\/v2\/users\/1"}],"replies":[{"embeddable":true,"href":"https:\/\/noticiasveraces.com\/index.php?rest_route=%2Fwp%2Fv2%2Fcomments&post=28413"}],"version-history":[{"count":0,"href":"https:\/\/noticiasveraces.com\/index.php?rest_route=\/wp\/v2\/posts\/28413\/revisions"}],"wp:featuredmedia":[{"embeddable":true,"href":"https:\/\/noticiasveraces.com\/index.php?rest_route=\/wp\/v2\/media\/28415"}],"wp:attachment":[{"href":"https:\/\/noticiasveraces.com\/index.php?rest_route=%2Fwp%2Fv2%2Fmedia&parent=28413"}],"wp:term":[{"taxonomy":"category","embeddable":true,"href":"https:\/\/noticiasveraces.com\/index.php?rest_route=%2Fwp%2Fv2%2Fcategories&post=28413"},{"taxonomy":"post_tag","embeddable":true,"href":"https:\/\/noticiasveraces.com\/index.php?rest_route=%2Fwp%2Fv2%2Ftags&post=28413"}],"curies":[{"name":"wp","href":"https:\/\/api.w.org\/{rel}","templated":true}]}}