{"id":28409,"date":"2025-05-23T01:35:15","date_gmt":"2025-05-23T05:35:15","guid":{"rendered":"https:\/\/noticiasveraces.com\/?p=28409"},"modified":"2025-05-23T01:35:15","modified_gmt":"2025-05-23T05:35:15","slug":"a-trump-parece-impresionarle-el-cargo-de-papa-dw-22-05-2025","status":"publish","type":"post","link":"https:\/\/noticiasveraces.com\/?p=28409","title":{"rendered":"\u00abA Trump parece impresionarle el cargo de papa\u00bb \u2013 DW \u2013 22\/05\/2025"},"content":{"rendered":"<p> \n<\/p>\n<div>\n<p>El te\u00f3logo alem\u00e1n Benjamin Dahlke (43), de Eichst\u00e4tt (Baviera),\u00a0es considerado en Estados Unidos un destacado experto en la Iglesia cat\u00f3lica. En entrevista con Deutsche Welle, analiza, entre otros temas, la religiosidad de Donald Trump y J. D. Vance. Tambi\u00e9n comenta la propuesta de involucrar al Vaticano como mediador ante la guerra de Rusia contra Ucrania. <\/p>\n<p><strong><em>DW: \u00bfContaba usted con la elecci\u00f3n de un papa de Estados Unidos?<\/em><\/strong><\/p>\n<p><strong>Benjamin Dahlke<\/strong>: Sinceramente, no. Le\u00ed sobre cardenales de Estados Unidos y me top\u00e9 con el nombre\u00a0Prevost. Pero se sab\u00eda poco de \u00e9l. Surgi\u00f3 de la nada. As\u00ed que casi nadie lo ten\u00eda en mente. S\u00f3lo conozco a un te\u00f3logo que estaba firmemente convencido, de antemano, de que Prevost ser\u00eda elegido. Lo razon\u00f3 con l\u00f3gica. Desafortunadamente, no le hice caso. De lo contrario, podr\u00eda haber ganado mucho dinero en la casa de apuestas.<\/p>\n<p><strong><em>Usted ya realiz\u00f3 investigaciones centradas en la teolog\u00eda cat\u00f3lica\u00a0durante varias estancias en Estados Unidos.\u00a0\u00bfCu\u00e1l es la mayor diferencia entre la teolog\u00eda y el catolicismo en Estados Unidos y en Alemania?<\/em><\/strong><\/p>\n<p>Al igual que la sociedad estadounidense, la teolog\u00eda y la Iglesia en Estados Unidos se dividen en dos bandos opuestos: progresistas y conservadores. Por un lado, se defiende una teolog\u00eda de la liberaci\u00f3n pol\u00edticamente comprometida, mientras que, por el otro, se estudia al pensador medieval Tom\u00e1s de Aquino.<\/p>\n<p>Por un lado, los creyentes defienden a los inmigrantes y las minor\u00edas; por el otro, practican la liturgia y estudian el catecismo. Dentro de una misma Iglesia, existen diferentes formas de catolicismo. Esto tambi\u00e9n ocurre cada vez m\u00e1s en Alemania. Y ambos bandos siguen estando relativamente cerca. El ambiente es bastante sombr\u00edo. En Estados Unidos, experimento m\u00e1s optimismo y energ\u00eda.<\/p>\n<p><strong><em>\u00bfPuede explicar el fen\u00f3meno de J. D. Vance, quien no es el \u00fanico converso famoso\u00a0en Estados Unidos?<\/em><\/strong><\/p>\n<p>Vance creci\u00f3 bajo condiciones dif\u00edciles. Las drogas eran un problema. En su\u00a0casa ve\u00edan a predicadores evang\u00e9licos por televisi\u00f3n. Posteriormente se alej\u00f3 del cristianismo. Sin embargo y debido a su relaci\u00f3n con su actual esposa, comenz\u00f3 un proceso de b\u00fasqueda:\u00a0\u00bfc\u00f3mo pod\u00eda ser una buena persona? Su objetivo era trabajar sobre s\u00ed mismo. Vance lleg\u00f3 a la conclusi\u00f3n de que el catolicismo lo ayud\u00f3 a convertirse en una buena persona. Los sacramentos son cruciales en este proceso. A trav\u00e9s de la confesi\u00f3n, se reflexiona sobre la propia vida. La eucarist\u00eda tiene el prop\u00f3sito de transformarnos. Vance se bautiz\u00f3 en 2019. En Estados Unidos, muchos intelectuales tambi\u00e9n se han convertido al catolicismo. Se trata de una existencia definida y con significado.<\/p>\n<p><strong><em>\u00bfTiene Donald Trump, quien, en ocasiones, parece ser \u00e9l mismo su propia religi\u00f3n, acceso a este sistema multilateral y global como lo es la Iglesia cat\u00f3lica?<\/em><\/strong><\/p>\n<p>Antes de que comenzara el c\u00f3nclave, Trump comparti\u00f3 una imagen generada por IA de s\u00ed mismo como si fuera un papa. En el pie de foto escribi\u00f3: \u00abMe gustar\u00eda ser papa\u00bb. A Trump parece impresionarle el cargo de papa, que, despu\u00e9s de todo, se asocia con enorme autoridad y prestigio. Adem\u00e1s, parece sentirse atra\u00eddo por la est\u00e9tica del catolicismo. Fue presbiteriano, pero ya no pertenece a ninguna Iglesia. Sin embargo, su pol\u00edtica de \u00abAm\u00e9rica Primero\u00bb no encaja del todo con el catolicismo, que es universal, integral y, por lo tanto, transciende fronteras.<\/p>\n<p><strong><em>Estad\u00edsticamente, la Iglesia Cat\u00f3lica en Estados Unidos crece. \u00bfVe alguna otra raz\u00f3n para ello, adem\u00e1s de la reciente afluencia de personas de Centroam\u00e9rica y Sudam\u00e9rica? Se dice que uno de cada tres cat\u00f3licos estadounidenses habla espa\u00f1ol.<\/em><\/strong><\/p>\n<p>Casi todas las parroquias celebran ahora servicios en ingl\u00e9s y espa\u00f1ol. Encontrar sacerdotes que puedan interactuar bien con personas de ambos grupos es un gran desaf\u00edo. Adem\u00e1s de la migraci\u00f3n, la comunicaci\u00f3n est\u00e1 impulsando un mayor crecimiento. Cuando estoy en Estados Unidos, me encuentro con frecuencia con exprotestantes que se han convertido al catolicismo. Algunas confesiones (religiosas) est\u00e1n profundamente divididas por cuestiones \u00e9ticas y, por lo tanto, est\u00e1n perdiendo miembros. Por ejemplo, la Iglesia evang\u00e9lica luterana de Estados Unidos ten\u00eda aproximadamente 5,2 millones de miembros en 1988; ahora tiene 2,7 millones. Sin embargo, muchos cat\u00f3licos le est\u00e1n dando la espalda a su Iglesia. La secularizaci\u00f3n tambi\u00e9n se produce en EE. UU.<\/p>\n<figure class=\"placeholder-image master_landscape big\"><img data-format=\"MASTER_LANDSCAPE\" data-id=\"72626229\" data-url=\"https:\/\/static.dw.com\/image\/72626229_${formatId}.jpg\" data-aspect-ratio=\"16\/9\" alt=\"El te\u00f3logo Benjamin Dahlke.\" style=\"padding-bottom: 56.25%; height: 0; max-height: 0;\"\/><figcaption class=\"img-caption\">Benjamin Dahlke, te\u00f3logo cat\u00f3lico y experto en el panorama eclesi\u00e1stico de Estados Unidos.<small class=\"copyright\">Im\u00e1genes: Dr. Christian Klenk\/Universidad Cat\u00f3lica de Eichst\u00e4tt<\/small><\/figcaption><\/figure>\n<p><strong><em>Al margen del funeral del papa Francisco, tuvo lugar una reuni\u00f3n de gran relevancia pol\u00edtica entre el presidente Donald Trump y el presidente ucraniano, Volodimir Zelenski (foto de portada). \u00bfDesempe\u00f1\u00f3 un papel en la consecuci\u00f3n de la imagen\u00a0la est\u00e9tica del catolicismo, que usted mencion\u00f3?<\/em><\/strong><\/p>\n<p>El encuentro tuvo lugar en la Bas\u00edlica de San Pedro, un lugar sublime que representa algo m\u00e1s grande y un espacio de paz. Sin duda, algo as\u00ed impact\u00f3 a todos los presentes. Trump y Zelenski se sentaron en sillas, pudiendo mirarse a los ojos sin documentos ante s\u00ed,\u00a0ni otras personas entre ellos.<\/p>\n<p><strong><em>Muchos observadores europeos consideran que Donald Trump y su movimiento ya no comparten las tradiciones y los v\u00ednculos transatl\u00e1nticos. En ocasiones, parece que Trump quiera librarse de Europa. Ahora se supone que el Vaticano debe asumir un papel de mediador en la guerra de Rusia contra Ucrania. \u00bfAcaso Estados Unidos o su presidente quieren deshacerse de un\u00a0problema?<\/em><\/strong><\/p>\n<p>Durante la campa\u00f1a electoral, Trump anunci\u00f3 que resolver\u00eda la guerra en un d\u00eda. Obviamente, no funcion\u00f3. Est\u00e1 un poco molesto por ello. Por eso creo que no sabe qu\u00e9 hacer y quiere introducir a un nuevo actor, al Vaticano, para generar un nuevo impulso. Sin embargo, el balance de la diplomacia vaticana en los \u00faltimos a\u00f1os ha sido muy desigual. Apenas ha habido \u00e9xitos reales. Roma no ha logrado mucho ni en las relaciones con China ni en el conflicto de Gaza. Por eso tengo mis dudas. No obstante, se debe hacer todo lo humanamente posible para poner fin a la guerra.<\/p>\n<p><em>Benjamin Dahlke, de 43 a\u00f1os,\u00a0es te\u00f3logo cat\u00f3lico y profesor de Teolog\u00eda Dogm\u00e1tica en la Universidad Cat\u00f3lica de Eichst\u00e4tt, Baviera, Alemania. En 2024 public\u00f3 el libro \u00abTeolog\u00eda cat\u00f3lica en EE. UU.\u00bb. Dahlke es sacerdote cat\u00f3lico.<\/em><\/p>\n<p>(RMR\/CP)<\/p>\n<\/p>\n<\/div>\n\n","protected":false},"excerpt":{"rendered":"<p>El te\u00f3logo alem\u00e1n Benjamin Dahlke (43), de Eichst\u00e4tt (Baviera),\u00a0es considerado en Estados Unidos un destacado experto en la Iglesia cat\u00f3lica. En entrevista con Deutsche Welle, analiza, entre otros temas, la religiosidad de Donald Trump y J. D. Vance. Tambi\u00e9n comenta la propuesta de involucrar al Vaticano como mediador ante la guerra de Rusia contra Ucrania. &hellip;<\/p>\n","protected":false},"author":1,"featured_media":28410,"comment_status":"open","ping_status":"open","sticky":false,"template":"","format":"standard","meta":{"fifu_image_url":"https:\/\/static.dw.com\/image\/72362387_6.jpg","fifu_image_alt":"","footnotes":""},"categories":[13],"tags":[],"class_list":["post-28409","post","type-post","status-publish","format-standard","has-post-thumbnail","","category-mundo"],"_links":{"self":[{"href":"https:\/\/noticiasveraces.com\/index.php?rest_route=\/wp\/v2\/posts\/28409","targetHints":{"allow":["GET"]}}],"collection":[{"href":"https:\/\/noticiasveraces.com\/index.php?rest_route=\/wp\/v2\/posts"}],"about":[{"href":"https:\/\/noticiasveraces.com\/index.php?rest_route=\/wp\/v2\/types\/post"}],"author":[{"embeddable":true,"href":"https:\/\/noticiasveraces.com\/index.php?rest_route=\/wp\/v2\/users\/1"}],"replies":[{"embeddable":true,"href":"https:\/\/noticiasveraces.com\/index.php?rest_route=%2Fwp%2Fv2%2Fcomments&post=28409"}],"version-history":[{"count":0,"href":"https:\/\/noticiasveraces.com\/index.php?rest_route=\/wp\/v2\/posts\/28409\/revisions"}],"wp:featuredmedia":[{"embeddable":true,"href":"https:\/\/noticiasveraces.com\/index.php?rest_route=\/wp\/v2\/media\/28410"}],"wp:attachment":[{"href":"https:\/\/noticiasveraces.com\/index.php?rest_route=%2Fwp%2Fv2%2Fmedia&parent=28409"}],"wp:term":[{"taxonomy":"category","embeddable":true,"href":"https:\/\/noticiasveraces.com\/index.php?rest_route=%2Fwp%2Fv2%2Fcategories&post=28409"},{"taxonomy":"post_tag","embeddable":true,"href":"https:\/\/noticiasveraces.com\/index.php?rest_route=%2Fwp%2Fv2%2Ftags&post=28409"}],"curies":[{"name":"wp","href":"https:\/\/api.w.org\/{rel}","templated":true}]}}