{"id":28404,"date":"2025-05-23T00:34:20","date_gmt":"2025-05-23T04:34:20","guid":{"rendered":"https:\/\/noticiasveraces.com\/?p=28404"},"modified":"2025-05-23T00:34:20","modified_gmt":"2025-05-23T04:34:20","slug":"el-voto-ha-perdido-sentido-dw-22-05-2025","status":"publish","type":"post","link":"https:\/\/noticiasveraces.com\/?p=28404","title":{"rendered":"\u201cEl voto ha perdido sentido\u201d \u2013 DW \u2013 22\/05\/2025"},"content":{"rendered":"<p> \n<\/p>\n<div>\n<p>Algo as\u00ed como unas \u00abelecciones de fantas\u00eda\u201d es la percepci\u00f3n predominante entre la poblaci\u00f3n venezolana respecto a la cita electoral del pr\u00f3ximo domingo. Es decir, unas elecciones que poco y nada cambiar\u00e1n y de las que ya se conoce el resultado.<\/p>\n<p>\u00abLa gente siente que su voto no cuenta, que su voto no se respeta\u201d, explica a DW Benigno Alarc\u00f3n, director del Centro de Estudios Pol\u00edticos y de Gobierno de la Universidad Cat\u00f3lica Andr\u00e9s Bello. \u00abHay un rechazo muy importante al proceso electoral\u201d, indica.<\/p>\n<p>\u00abEl voto en Venezuela ha perdido fuerza\u201d, apunta, asimismo, el doctor en Ciencia Pol\u00edtica Andr\u00e9s Ca\u00f1iz\u00e1lez, en di\u00e1logo con este medio. \u00abLa gente dice: \u00bfpara qu\u00e9 voy a votar si ya s\u00e9 cual va a ser el resultado?. Y esto es algo muy grave en materia de la psiquis colectiva. El voto perdi\u00f3 sentido\u201d, asegura el investigador.<\/p>\n<p>En t\u00e9rminos formales, se elegir\u00e1n 24 gobernadores, 260 legisladores estaduales y 285 diputados a la Asamblea Nacional (AN, Parlamento), actualmente controlada por el chavismo, ya que la oposici\u00f3n no particip\u00f3 en las \u00faltimas parlamentarias, en 2020.<\/p>\n<p>El l\u00edder en el poder desde 1999, Nicol\u00e1s Maduro,\u00a0por su parte, ha vaticinado \u00abuna de las m\u00e1s grandes victorias\u201d del chavismo \u00aben estos 26 a\u00f1os\u201d.  <\/p>\n<p>\u00abVa a ser una elecci\u00f3n con una enorme abstenci\u00f3n, de aproximadamente el 80 por ciento, y donde, justamente, la falta de participaci\u00f3n va a ser la expresi\u00f3n m\u00e1s importante de la jornada\u201d, pronostica, as\u00ed las cosas, Alarc\u00f3n.<\/p>\n<p>Rabia muda, desconfianza, frustraci\u00f3n y apat\u00eda predominan entre la poblaci\u00f3n, seg\u00fan los analistas consultados por DW.<\/p>\n<h2>El fraude en la memoria colectiva<\/h2>\n<p>Una de las principales razones tras este estado de situaci\u00f3n tiene que ver con lo ocurrido en las \u00faltimas elecciones presidenciales, coinciden los analistas.<\/p>\n<p>\u00abEl proyecto bolivariano se transform\u00f3 en un proyecto inequ\u00edvocamente no democr\u00e1tico el pasado 28 de julio de 2024, cuando impuso un fraude monumental a la soberan\u00eda popular\u201d, sostiene, en entrevista con DW, Rafael Uzc\u00e1tegui, soci\u00f3logo y defensor de derechos humanos.<\/p>\n<figure class=\"placeholder-image master_landscape big\"><img data-format=\"MASTER_LANDSCAPE\" data-id=\"71259347\" data-url=\"https:\/\/static.dw.com\/image\/71259347_${formatId}.jpg\" data-aspect-ratio=\"16\/9\" alt=\"Mar\u00ed Corina Machado agradece a la multitud en una protesta callejera.\" style=\"padding-bottom: 56.25%; height: 0; max-height: 0;\"\/><figcaption class=\"img-caption\">La principal l\u00edder de la oposici\u00f3n venezolana, Mar\u00eda Corina Machado, -actualmente en la clandestinidad- ha llamado, como modo de protesta, a no votar en las elecciones del pr\u00f3ximo domingo.<small class=\"copyright\">Imagen: Juan Barreto\/AFP\/Getty Images<\/small><\/figcaption><\/figure>\n<p>\u00abEstamos en una emergencia humanitaria compleja, que ha generado la peor crisis migratoria en Am\u00e9rica Latina, obligando a casi ocho\u00a0millones de venezolanos, una cuarta parte de la poblaci\u00f3n del pa\u00eds, a exiliarse de manera forzada\u201d, lamenta Uzc\u00e1tegui. \u00abVenezuela se encuentra en la peor crisis pol\u00edtica, social y econ\u00f3mica de su historia contempor\u00e1nea\u201d, contextualiza.<\/p>\n<p><span data-slot-id=\"Article_InContent-1\" class=\"rich-text-ad\"\/><\/p>\n<h2>La abstenci\u00f3n es el mensaje<\/h2>\n<p>\u00abLa no participaci\u00f3n en los comicios debe leerse como una reacci\u00f3n del sentido com\u00fan de la poblaci\u00f3n, luego de que las autoridades fueran capaces de dar vuelta un resultado con cuatro\u00a0millones de votos de diferencia\u201d, afirma el tambi\u00e9n codirector de la ONG Laboratorio de Paz.<\/p>\n<p>\u00abA la abstenci\u00f3n hist\u00f3rica para las elecciones no presidenciales, se le suma el llamado a la abstenci\u00f3n de Mar\u00eda Corina Machado\u201d,\u00a0principal l\u00edder de la oposici\u00f3n, puntualiza, por su parte, Ca\u00f1iz\u00e1lez. \u00abCuya estrategia es decir: \u2018no se puede ir a unas elecciones hasta que no se reconozca lo que fue la voluntad popular expresada en las urnas el 28 de julio&#8217;\u201d, interpreta el investigador de la Universidad Cat\u00f3lica Andr\u00e9s Bello.<\/p>\n<p>Con todo, tambi\u00e9n habr\u00e1 candidatos opositores en los comicios. \u00abEl chavismo ha logrado fragmentar a la oposici\u00f3n\u201d, analiza el experto desde Caracas. \u00abParte de la fortaleza es lograr dividir al adversario, y en eso el chavismo es muy eficaz\u201d, sostiene.<\/p>\n<p>\u00abLo m\u00e1s llamativo ser\u00eda si una figura como Henrique Capriles, un \u00edcono de la oposici\u00f3n democr\u00e1tica, dos veces candidato presidencial, logra ser electo diputado\u201d, destaca el polit\u00f3logo de un panorama m\u00e1s bien previsible.<\/p>\n<h2>Dos modelos antag\u00f3nicos en pugna<\/h2>\n<p>\u00abEstamos en una situaci\u00f3n de expectativas, frustradas pero no ausentes, donde la gente se qued\u00f3 con un muy mal sabor de la elecci\u00f3n presidencial del a\u00f1o pasado, y todav\u00eda espera que el resultado de esa elecci\u00f3n pueda reconocerse, por efecto de la presi\u00f3n internacional o por alguna otra circunstancia\u201d, condensa el panorama Alarc\u00f3n.<\/p>\n<p>\u00abB\u00e1sicamente, para lo que queda de este a\u00f1o, creo que vamos a estar en un enfrentamiento entre la consolidaci\u00f3n de un regimen autoritario ya hegem\u00f3nico o una transici\u00f3n pol\u00edtica\u201d, grafica. \u00abEvidentemente por ahora va ganando la consolidaci\u00f3n del r\u00e9gimen\u201d, afirma.<\/p>\n<p>(CP)<\/p>\n<\/div>\n\n","protected":false},"excerpt":{"rendered":"<p>Algo as\u00ed como unas \u00abelecciones de fantas\u00eda\u201d es la percepci\u00f3n predominante entre la poblaci\u00f3n venezolana respecto a la cita electoral del pr\u00f3ximo domingo. Es decir, unas elecciones que poco y nada cambiar\u00e1n y de las que ya se conoce el resultado. \u00abLa gente siente que su voto no cuenta, que su voto no se respeta\u201d, &hellip;<\/p>\n","protected":false},"author":1,"featured_media":28405,"comment_status":"open","ping_status":"open","sticky":false,"template":"","format":"standard","meta":{"fifu_image_url":"https:\/\/static.dw.com\/image\/70089460_6.jpg","fifu_image_alt":"","footnotes":""},"categories":[13],"tags":[],"class_list":["post-28404","post","type-post","status-publish","format-standard","has-post-thumbnail","","category-mundo"],"_links":{"self":[{"href":"https:\/\/noticiasveraces.com\/index.php?rest_route=\/wp\/v2\/posts\/28404","targetHints":{"allow":["GET"]}}],"collection":[{"href":"https:\/\/noticiasveraces.com\/index.php?rest_route=\/wp\/v2\/posts"}],"about":[{"href":"https:\/\/noticiasveraces.com\/index.php?rest_route=\/wp\/v2\/types\/post"}],"author":[{"embeddable":true,"href":"https:\/\/noticiasveraces.com\/index.php?rest_route=\/wp\/v2\/users\/1"}],"replies":[{"embeddable":true,"href":"https:\/\/noticiasveraces.com\/index.php?rest_route=%2Fwp%2Fv2%2Fcomments&post=28404"}],"version-history":[{"count":0,"href":"https:\/\/noticiasveraces.com\/index.php?rest_route=\/wp\/v2\/posts\/28404\/revisions"}],"wp:featuredmedia":[{"embeddable":true,"href":"https:\/\/noticiasveraces.com\/index.php?rest_route=\/wp\/v2\/media\/28405"}],"wp:attachment":[{"href":"https:\/\/noticiasveraces.com\/index.php?rest_route=%2Fwp%2Fv2%2Fmedia&parent=28404"}],"wp:term":[{"taxonomy":"category","embeddable":true,"href":"https:\/\/noticiasveraces.com\/index.php?rest_route=%2Fwp%2Fv2%2Fcategories&post=28404"},{"taxonomy":"post_tag","embeddable":true,"href":"https:\/\/noticiasveraces.com\/index.php?rest_route=%2Fwp%2Fv2%2Ftags&post=28404"}],"curies":[{"name":"wp","href":"https:\/\/api.w.org\/{rel}","templated":true}]}}