{"id":28401,"date":"2025-05-23T00:10:14","date_gmt":"2025-05-23T04:10:14","guid":{"rendered":"https:\/\/noticiasveraces.com\/?p=28401"},"modified":"2025-05-23T00:10:14","modified_gmt":"2025-05-23T04:10:14","slug":"juan-carlos-osorio-senalado-en-mexico-escandalo-por-temas-delicados-y-piden-veto-en-liga-mx-colombianos-en-el-exterior","status":"publish","type":"post","link":"https:\/\/noticiasveraces.com\/?p=28401","title":{"rendered":"Juan Carlos Osorio se\u00f1alado en M\u00e9xico: esc\u00e1ndalo por temas delicados y piden veto en Liga MX | Colombianos en el Exterior"},"content":{"rendered":"<p> \n<br \/><img decoding=\"async\" src=\"https:\/\/www.futbolred.com\/files\/article_graphic\/uploads\/2022\/02\/27\/621c5204d111c.jpeg\" \/><\/p>\n<div id=\"cuerpoArticulo\">\n<p class=\"texto intro\" id=\"p246613-m601-600-602\">Hasta hace unos d\u00edas el nombre de <b>Juan Carlos Osorio<\/b> sonaba positivamente en el f\u00fatbol mexicano, pues era serio candidato para dirigir a Chivas de Guadalajara, uno de los equipos grandes de ese pa\u00eds.<\/p>\n<p>Sin embargo, el elegido fue el argentino Gabriel Milito. Y desde ese momento <b>estall\u00f3 un esc\u00e1ndalo sobre el entrenador colombiano, a causa de una cr\u00edtica en la que lo se\u00f1alan por \u2018cosas muy delicadas\u2019.<br \/><\/b><br \/>El entrenador, mundialista con M\u00e9xico en 2018, y que ha dirigido a Puebla y Xolos de Tijuana en la Liga MX, fue se\u00f1alado por el periodista Rub\u00e9n Rodr\u00edguez, de <i>Fox Sports<\/i>.<\/p>\n<p class=\"texto contenido-parrafo-articulo\" id=\"p246613-m638-3-639\">\u201cQu\u00e9 bueno que la gente de Chivas nos escuch\u00f3, que preguntaron, porque <b>lo de Osorio se enfri\u00f3. Lo digo con mucho respeto, Osorio no deber\u00eda estar dirigiendo en el f\u00fatbol mexicano<\/b> por lo que hizo en Tijuana, <b>son cosas extracancha muy delicadas<\/b>. Ojal\u00e1 que las afectadas y afectados tengan el valor de dar el siguiente paso\u201d, coment\u00f3 Rodr\u00edguez.<\/p>\n<p>Adem\u00e1s, el panelista a\u00f1adi\u00f3: \u201c<b>Me parece incre\u00edble que la gente que contrat\u00f3 a Osorio no hiciera algo m\u00e1s, es una l\u00e1stima<\/b>. Como t\u00e9cnico, lo que quieras; yo hablo de temas totalmente extra cancha\u201d.<\/p>\n<div id=\"p246613-m644-4-645\" class=\"\">\n<blockquote class=\"twitter-tweet\" data-media-max-width=\"560\">\n<p lang=\"es\" dir=\"ltr\">\ud83d\udea8\ud83d\udea8OSORIO, IMPLICADO EN TEMAS EXTRACANCHA: &#8216;POR ESO SE ENFRI\u00d3&#8217; PARA CHIVAS<\/p>\n<p>Juan Carlos Osorio son\u00f3 para asumir las riendas del Reba\u00f1o, pero &#8216;se congel\u00f3&#8217; la opci\u00f3n, seg\u00fan <a href=\"https:\/\/twitter.com\/ruubenrod?ref_src=twsrc%5Etfw\">@ruubenrod<\/a>: &#8216;Es algo muy serio y muy delicado&#8217;&#8230; <a href=\"https:\/\/twitter.com\/hashtag\/FSRadioMX?src=hash&amp;ref_src=twsrc%5Etfw\">#Fsradiomx<\/a> <a href=\"https:\/\/t.co\/eXloO3vtzA\">pic.twitter.com\/exloo3vtza<\/a><\/p>\n<p>&#8211; Fox Sports MX (@foxsportsmx) <a href=\"https:\/\/twitter.com\/FOXSportsMX\/status\/1925692449256620495?ref_src=twsrc%5Etfw\">22 de mayo de 2025<\/a><\/p><\/blockquote><\/div>\n<\/p><\/div>\n<p><script async src=\"https:\/\/platform.twitter.com\/widgets.js\" charset=\"utf-8\"><\/script><br \/>\n<br \/>\n","protected":false},"excerpt":{"rendered":"<p>Hasta hace unos d\u00edas el nombre de Juan Carlos Osorio sonaba positivamente en el f\u00fatbol mexicano, pues era serio candidato para dirigir a Chivas de Guadalajara, uno de los equipos grandes de ese pa\u00eds. Sin embargo, el elegido fue el argentino Gabriel Milito. Y desde ese momento estall\u00f3 un esc\u00e1ndalo sobre el entrenador colombiano, a &hellip;<\/p>\n","protected":false},"author":1,"featured_media":28403,"comment_status":"open","ping_status":"open","sticky":false,"template":"","format":"standard","meta":{"fifu_image_url":"https:\/\/www.futbolred.com\/files\/og_thumbnail\/uploads\/2022\/02\/27\/621c5204d111c.jpeg","fifu_image_alt":"","footnotes":""},"categories":[6],"tags":[],"class_list":["post-28401","post","type-post","status-publish","format-standard","has-post-thumbnail","","category-deportes"],"_links":{"self":[{"href":"https:\/\/noticiasveraces.com\/index.php?rest_route=\/wp\/v2\/posts\/28401","targetHints":{"allow":["GET"]}}],"collection":[{"href":"https:\/\/noticiasveraces.com\/index.php?rest_route=\/wp\/v2\/posts"}],"about":[{"href":"https:\/\/noticiasveraces.com\/index.php?rest_route=\/wp\/v2\/types\/post"}],"author":[{"embeddable":true,"href":"https:\/\/noticiasveraces.com\/index.php?rest_route=\/wp\/v2\/users\/1"}],"replies":[{"embeddable":true,"href":"https:\/\/noticiasveraces.com\/index.php?rest_route=%2Fwp%2Fv2%2Fcomments&post=28401"}],"version-history":[{"count":0,"href":"https:\/\/noticiasveraces.com\/index.php?rest_route=\/wp\/v2\/posts\/28401\/revisions"}],"wp:featuredmedia":[{"embeddable":true,"href":"https:\/\/noticiasveraces.com\/index.php?rest_route=\/wp\/v2\/media\/28403"}],"wp:attachment":[{"href":"https:\/\/noticiasveraces.com\/index.php?rest_route=%2Fwp%2Fv2%2Fmedia&parent=28401"}],"wp:term":[{"taxonomy":"category","embeddable":true,"href":"https:\/\/noticiasveraces.com\/index.php?rest_route=%2Fwp%2Fv2%2Fcategories&post=28401"},{"taxonomy":"post_tag","embeddable":true,"href":"https:\/\/noticiasveraces.com\/index.php?rest_route=%2Fwp%2Fv2%2Ftags&post=28401"}],"curies":[{"name":"wp","href":"https:\/\/api.w.org\/{rel}","templated":true}]}}