{"id":28398,"date":"2025-05-22T23:43:36","date_gmt":"2025-05-23T03:43:36","guid":{"rendered":"https:\/\/noticiasveraces.com\/?p=28398"},"modified":"2025-05-22T23:43:36","modified_gmt":"2025-05-23T03:43:36","slug":"los-accionistas-de-amazon-rechazan-la-propuesta-de-dividir-los-roles-de-ceo-y-presidentes","status":"publish","type":"post","link":"https:\/\/noticiasveraces.com\/?p=28398","title":{"rendered":"Los accionistas de Amazon rechazan la propuesta de dividir los roles de CEO y presidentes"},"content":{"rendered":"<p> \n<\/p>\n<div id=\"RegularArticle-ArticleBody-5\" data-module=\"ArticleBody\" data-test=\"articleBody-2\" data-analytics=\"RegularArticle-articleBody-5-2\"><span class=\"HighlightShare-hidden\" style=\"top:0;left:0\"\/><\/p>\n<div class=\"InlineImage-imageEmbed\" id=\"ArticleBody-InlineImage-108107709\" data-test=\"InlineImage\">\n<div class=\"InlineImage-wrapper\">\n<div>\n<p>El CEO de Amazon, Andy Jassy, \u200b\u200bhabla durante un evento de presentaci\u00f3n en Nueva York el 26 de febrero de 2025.<\/p>\n<p>Michael Nagle | Bloomberg | Getty Images<\/p>\n<\/div>\n<\/div>\n<\/div>\n<div class=\"group\">\n<p><span class=\"QuoteInBody-quoteNameContainer\" data-test=\"QuoteInBody\" id=\"RegularArticle-QuoteInBody-1\">Amazonas<span class=\"QuoteInBody-inlineButton\"><span class=\"AddToWatchlistButton-watchlistContainer\" id=\"-WatchlistDropdown\" data-analytics-id=\"-WatchlistDropdown\"><button class=\"AddToWatchlistButton-watchlistButton\" aria-label=\"Add To Watchlist\" data-testid=\"dropdown-btn\"><span class=\"AddToWatchlistButton-addWatchListFromTag\"\/><\/button><\/span><\/span><\/span>  Los accionistas rechazaron una propuesta de adoptar una pol\u00edtica que requerir\u00eda que los roles del CEO y el Presidente de la Junta de la Compa\u00f1\u00eda permanezcan separados.<\/p>\n<p>Los totales de los votos revelados en una presentaci\u00f3n del jueves muestran que aproximadamente el 82% de los accionistas rechazaron la propuesta. La propuesta independiente se present\u00f3 junto con otras siete en la reuni\u00f3n anual de Amazon el mi\u00e9rcoles. Cada una de las propuestas independientes fue rechazada.<\/p>\n<p>Amazon dividi\u00f3 los roles del CEO y el presidente de la junta cuando el fundador Jeff Bezos entreg\u00f3 el tim\u00f3n a Andy Jassy en 2021. Como parte de la transici\u00f3n, Bezos retuvo el t\u00edtulo de presidente ejecutivo.<\/p>\n<p>La propuesta buscaba codificar esa estructura dentro de Amazon \u00abcomo la mayor\u00eda de las compa\u00f1\u00edas S&#038;P 500\u00bb, el grupo de defensa de la Junta de Responsabilidad escribi\u00f3 en su presentaci\u00f3n. El grupo argument\u00f3 que la estructura dividida permite a la junta centrarse en el gobierno corporativo y la supervisi\u00f3n, mientras que el CEO se centra en el negocio de la compa\u00f1\u00eda.<\/p>\n<p>\u00abCon las posiciones actualmente separadas, ahora ser\u00eda un momento oportuno para hacerlo\u00bb, afirma el poder.<\/p>\n<p>Las propuestas de accionistas que buscan la separaci\u00f3n del presidente de la junta y los roles de CEO han aumentado en los \u00faltimos a\u00f1os. El n\u00famero de tales propuestas aument\u00f3 113% entre las empresas de Russell 3000 en el primer semestre de 2023, el nivel m\u00e1s alto en la \u00faltima d\u00e9cada, seg\u00fan el Foro de Gobierno Corporativo de Harvard Law School.<\/p>\n<p>Amazon inst\u00f3 a los accionistas a votar en contra de la propuesta, diciendo que la pol\u00edtica actual permite a la junta determinar el liderazgo adecuado para la empresa \u00aba la luz de nuestras circunstancias espec\u00edficas en un momento dado\u00bb.<\/p>\n<p>La separaci\u00f3n en 2021 lleg\u00f3 \u00abdespu\u00e9s de una cuidadosa consideraci\u00f3n\u00bb de la estructura y funciones de liderazgo de Amazon, escribi\u00f3 la compa\u00f1\u00eda en su recomendaci\u00f3n.<\/p>\n<p>\u00abA la luz de nuestro \u00e9xito a trav\u00e9s de estas diversas estructuras de liderazgo, la Junta cree que los accionistas son mejor atendidos por la Junta que conserva la capacidad de adaptarse a nuestras necesidades en evoluci\u00f3n e implementar la estructura de liderazgo \u00f3ptima en cualquier momento dado\u00bb, escribi\u00f3 Amazon en la presentaci\u00f3n.<\/p>\n<p><strong>MIRAR:<\/strong> Amazon tiene &#8216;palancas&#8217; para atraer la guerra tarifa, dice el estratega<\/p>\n<\/div>\n<div role=\"region\" aria-labelledby=\"Placeholder-ArticleBody-Video-108139799\">\n<div role=\"button\" tabindex=\"0\" id=\"Placeholder-ArticleBody-Video-108139799\" class=\"PlaceHolder-wrapper\" data-vilynx-id=\"7000374677\" data-test=\"VideoPlaceHolder\">\n<div class=\"InlineVideo-videoEmbed\" id=\"InlineVideo-0\" data-test=\"InlineVideo\">\n<div class=\"InlineVideo-wrapper\">\n<div class=\"InlineVideo-inlineThumbnailContainer\"><img decoding=\"async\" class=\"InlineVideo-videoThumbnail\" src=\"https:\/\/image.cnbcfm.com\/api\/v1\/image\/108139800-17461648561746164853-39617657755-1080pnbcnews.jpg?v=1746164855&amp;w=750&amp;h=422&amp;vtcrop=y\" alt=\"Amazon tiene 'palancas' para atraer la guerra tarifa, dice el estratega\"\/><span class=\"InlineVideo-videoButton\"\/><span\/><\/div>\n<\/div>\n<\/div>\n<\/div>\n<\/div>\n<\/div>\n\n","protected":false},"excerpt":{"rendered":"<p>El CEO de Amazon, Andy Jassy, \u200b\u200bhabla durante un evento de presentaci\u00f3n en Nueva York el 26 de febrero de 2025. Michael Nagle | Bloomberg | Getty Images Amazonas Los accionistas rechazaron una propuesta de adoptar una pol\u00edtica que requerir\u00eda que los roles del CEO y el Presidente de la Junta de la Compa\u00f1\u00eda permanezcan &hellip;<\/p>\n","protected":false},"author":1,"featured_media":28400,"comment_status":"open","ping_status":"open","sticky":false,"template":"","format":"standard","meta":{"fifu_image_url":"https:\/\/image.cnbcfm.com\/api\/v1\/image\/108107709-1740584302989-gettyimages-2201489688-ALEXA_AI_UNVEILING.jpeg?v=1747953217&w=1920&h=1080","fifu_image_alt":"","footnotes":""},"categories":[2],"tags":[],"class_list":["post-28398","post","type-post","status-publish","format-standard","has-post-thumbnail","","category-tecnologia"],"_links":{"self":[{"href":"https:\/\/noticiasveraces.com\/index.php?rest_route=\/wp\/v2\/posts\/28398","targetHints":{"allow":["GET"]}}],"collection":[{"href":"https:\/\/noticiasveraces.com\/index.php?rest_route=\/wp\/v2\/posts"}],"about":[{"href":"https:\/\/noticiasveraces.com\/index.php?rest_route=\/wp\/v2\/types\/post"}],"author":[{"embeddable":true,"href":"https:\/\/noticiasveraces.com\/index.php?rest_route=\/wp\/v2\/users\/1"}],"replies":[{"embeddable":true,"href":"https:\/\/noticiasveraces.com\/index.php?rest_route=%2Fwp%2Fv2%2Fcomments&post=28398"}],"version-history":[{"count":0,"href":"https:\/\/noticiasveraces.com\/index.php?rest_route=\/wp\/v2\/posts\/28398\/revisions"}],"wp:featuredmedia":[{"embeddable":true,"href":"https:\/\/noticiasveraces.com\/index.php?rest_route=\/wp\/v2\/media\/28400"}],"wp:attachment":[{"href":"https:\/\/noticiasveraces.com\/index.php?rest_route=%2Fwp%2Fv2%2Fmedia&parent=28398"}],"wp:term":[{"taxonomy":"category","embeddable":true,"href":"https:\/\/noticiasveraces.com\/index.php?rest_route=%2Fwp%2Fv2%2Fcategories&post=28398"},{"taxonomy":"post_tag","embeddable":true,"href":"https:\/\/noticiasveraces.com\/index.php?rest_route=%2Fwp%2Fv2%2Ftags&post=28398"}],"curies":[{"name":"wp","href":"https:\/\/api.w.org\/{rel}","templated":true}]}}