{"id":28394,"date":"2025-05-22T22:26:54","date_gmt":"2025-05-23T02:26:54","guid":{"rendered":"https:\/\/noticiasveraces.com\/?p=28394"},"modified":"2025-05-22T22:26:54","modified_gmt":"2025-05-23T02:26:54","slug":"dinamarca-elevara-a-70-anos-la-edad-de-jubilacion-dw-23-05-2025","status":"publish","type":"post","link":"https:\/\/noticiasveraces.com\/?p=28394","title":{"rendered":"Dinamarca elevar\u00e1 a 70 a\u00f1os la edad de jubilaci\u00f3n \u2013 DW \u2013 23\/05\/2025"},"content":{"rendered":"<p> \n<\/p>\n<div>\n<p>El Parlamento de Dinamarca aprob\u00f3 el jueves (22.05.2025), sin una fuerte oposici\u00f3n, una ley que eleva la edad de jubilaci\u00f3n a 70 a\u00f1os a partir de 2040, frente a los 67 a\u00f1os actuales.<\/p>\n<p>La medida, aprobada con 81 votos a favor y 21 en contra, es una consecuencia de la amplia reforma del sistema de bienestar aprobada en 2006, que estableci\u00f3 un sistema para elevar la edad de jubilaci\u00f3n de forma progresiva cada cinco a\u00f1os en funci\u00f3n del aumento de la esperanza de vida.<\/p>\n<p>La edad legal de jubilaci\u00f3n en el pa\u00eds est\u00e1 atada a la esperanza de vida y se revisa cada cinco a\u00f1os.<\/p>\n<p>En 2030 pasar\u00e1 a ser de 68 a\u00f1os, y en 2035 de 69 a\u00f1os.<\/p>\n<p>La nueva ley establece en 70 a\u00f1os la edad de jubilaci\u00f3n para todas las personas nacidas despu\u00e9s del 31 de diciembre de 1970.<\/p>\n<p>El verano pasado la jefa del gobierno, la socialdem\u00f3crata Mette Frederiksen, de 47 a\u00f1os, declar\u00f3 que su partido estaba a favor de renegociar ese modelo cuando la edad de jubilaci\u00f3n alcanzase los 70 a\u00f1os.<\/p>\n<p>\u00abNo creemos en la forma autom\u00e1tica en que aumenta la edad de jubilaci\u00f3n. No podemos seguir dici\u00e9ndole a la gente que tiene que trabajar un a\u00f1o m\u00e1s\u00bb, dijo entonces Frederiksen.<\/p>\n<p>JC (AFP, Efe)<\/p>\n<\/div>\n\n","protected":false},"excerpt":{"rendered":"<p>El Parlamento de Dinamarca aprob\u00f3 el jueves (22.05.2025), sin una fuerte oposici\u00f3n, una ley que eleva la edad de jubilaci\u00f3n a 70 a\u00f1os a partir de 2040, frente a los 67 a\u00f1os actuales. La medida, aprobada con 81 votos a favor y 21 en contra, es una consecuencia de la amplia reforma del sistema de &hellip;<\/p>\n","protected":false},"author":1,"featured_media":28395,"comment_status":"open","ping_status":"open","sticky":false,"template":"","format":"standard","meta":{"fifu_image_url":"https:\/\/static.dw.com\/image\/60630506_6.jpg","fifu_image_alt":"","footnotes":""},"categories":[13],"tags":[],"class_list":["post-28394","post","type-post","status-publish","format-standard","has-post-thumbnail","","category-mundo"],"_links":{"self":[{"href":"https:\/\/noticiasveraces.com\/index.php?rest_route=\/wp\/v2\/posts\/28394","targetHints":{"allow":["GET"]}}],"collection":[{"href":"https:\/\/noticiasveraces.com\/index.php?rest_route=\/wp\/v2\/posts"}],"about":[{"href":"https:\/\/noticiasveraces.com\/index.php?rest_route=\/wp\/v2\/types\/post"}],"author":[{"embeddable":true,"href":"https:\/\/noticiasveraces.com\/index.php?rest_route=\/wp\/v2\/users\/1"}],"replies":[{"embeddable":true,"href":"https:\/\/noticiasveraces.com\/index.php?rest_route=%2Fwp%2Fv2%2Fcomments&post=28394"}],"version-history":[{"count":0,"href":"https:\/\/noticiasveraces.com\/index.php?rest_route=\/wp\/v2\/posts\/28394\/revisions"}],"wp:featuredmedia":[{"embeddable":true,"href":"https:\/\/noticiasveraces.com\/index.php?rest_route=\/wp\/v2\/media\/28395"}],"wp:attachment":[{"href":"https:\/\/noticiasveraces.com\/index.php?rest_route=%2Fwp%2Fv2%2Fmedia&parent=28394"}],"wp:term":[{"taxonomy":"category","embeddable":true,"href":"https:\/\/noticiasveraces.com\/index.php?rest_route=%2Fwp%2Fv2%2Fcategories&post=28394"},{"taxonomy":"post_tag","embeddable":true,"href":"https:\/\/noticiasveraces.com\/index.php?rest_route=%2Fwp%2Fv2%2Ftags&post=28394"}],"curies":[{"name":"wp","href":"https:\/\/api.w.org\/{rel}","templated":true}]}}