{"id":28376,"date":"2025-05-22T18:20:16","date_gmt":"2025-05-22T22:20:16","guid":{"rendered":"https:\/\/noticiasveraces.com\/?p=28376"},"modified":"2025-05-22T18:20:16","modified_gmt":"2025-05-22T22:20:16","slug":"se-convertira-el-papa-en-mediador-dw-22-05-2025","status":"publish","type":"post","link":"https:\/\/noticiasveraces.com\/?p=28376","title":{"rendered":"\u00bfse convertir\u00e1 el papa en mediador? \u2013 DW \u2013 22\/05\/2025"},"content":{"rendered":"<p> \n<\/p>\n<div>\n<p>\u00bfSe convertir\u00e1 el Vaticano en la sede de las negociaciones de paz entre Rusia y Ucrania? \u00bfPodr\u00eda implicarse el propio papa Le\u00f3n XIV? Al menos hay indicios de ello. El papa Le\u00f3n XIV, que fue elegido sucesor del papa Francisco el 8 de mayo de 2025 y ha estado en el cargo desde entonces, hab\u00eda enviado \u00e9l mismo se\u00f1ales que indicaban la voluntad del Vaticano de mediar. Esta impresi\u00f3n fue reforzada por la jefa del Gobierno italiano, Giorgia Meloni.<\/p>\n<p>A \u00faltima hora de la noche del martes 20 de mayo, pasadas las 23 horas, Meloni anunci\u00f3 en la red social X que hab\u00eda \u00abhablado por tel\u00e9fono con el Santo Padre sobre los pr\u00f3ximos pasos que hay que dar para construir una paz justa y duradera en Ucrania\u00bb.<\/p>\n<p>El presidente estadounidense, Donald Trump, y algunos jefes de Estado y de Gobierno europeos le hab\u00edan pedido que \u00abverificara la voluntad de la Santa Sede\u00bb de organizar esas negociaciones. Y el papa Le\u00f3n ha reafirmado su disposici\u00f3n a facilitar las conversaciones entre las partes en conflicto en el Vaticano.<\/p>\n<h2>\u00ab&#8230;Una paz sin armas&#8230;\u00bb<\/h2>\n<p>El propio Le\u00f3n XIV hac\u00eda tiempo que hab\u00eda puesto en marcha esta perspectiva. Cuando casi nadie lo conoc\u00eda y sali\u00f3 al balc\u00f3n de la Bas\u00edlica de San Pedro como nuevo papa, en la tarde del 8 de mayo, comenz\u00f3 su discurso con la palabra \u00abpaz\u00bb, haci\u00e9ndose eco de las primeras palabras de Jes\u00fas resucitado mencionadas en la Biblia.<\/p>\n<p>Ning\u00fan otro t\u00e9rmino apareci\u00f3 con m\u00e1s frecuencia en este primer discurso del 267\u00ba papa que \u00abpaz\u00bb. El sumo pont\u00edfice\u00a0pint\u00f3 un cuadro de una \u00abpaz desarmada y desarmante\u00bb. Desde entonces, los periodistas no han dejado de discutir si se refer\u00eda a una paz espiritual remota, o a una paz pol\u00edtica global concreta.<\/p>\n<p>Le\u00f3n XIV envi\u00f3 m\u00e1s se\u00f1ales en torno a la misa de su toma de posesi\u00f3n. Su primera audiencia formal fue con Volodimir Zelenski y su esposa. El presidente ucraniano ya hab\u00eda sido uno de los primeros en darle la bienvenida por tel\u00e9fono la noche despu\u00e9s de la elecci\u00f3n papal. Tras la toma de posesi\u00f3n, Le\u00f3n XIV, el primer papa nacido en Estados Unidos, recibi\u00f3 tambi\u00e9n al vicepresidente estadounidense, J. D. Vance, y al secretario de Estado, Marco Rubio. <\/p>\n<p>El video oficial del Vaticano sobre el encuentro entre Le\u00f3n y Vance muestra al pol\u00edtico entregando al anfitri\u00f3n un gran sobre: un saludo de Donald Trump. Esta conversaci\u00f3n con los pol\u00edticos estadounidenses tambi\u00e9n se centr\u00f3 en la cuesti\u00f3n de Ucrania.<\/p>\n<p>Tras los err\u00e1ticos y desafortunados intentos de Trump de persuadir a Vladimir Putin para que cediera, los pol\u00edticos dirigen ahora su atenci\u00f3n a Roma. Pero\u00a0\u00bfser\u00eda esto posible, desde el punto de vista diplom\u00e1tico, log\u00edstico y de seguridad?<\/p>\n<figure class=\"placeholder-image master_landscape big\"><img data-format=\"MASTER_LANDSCAPE\" data-id=\"72583422\" data-url=\"https:\/\/static.dw.com\/image\/72583422_${formatId}.jpg\" data-aspect-ratio=\"16\/9\" alt=\"El Presidente de Ucrania, Volodimir Zelenski, y el Vicepresidente de EE. UU., J. D. Vance, en el Vaticano.\" style=\"padding-bottom: 56.25%; height: 0; max-height: 0;\"\/><figcaption class=\"img-caption\">Si ambas partes est\u00e1n dispuestas, podr\u00eda iniciarse un intento de mediaci\u00f3n en el Vaticano dentro de tres o cuatro semanas. <small class=\"copyright\">Imagen: Michael Kappeler\/DPA\/Picture Alliance<\/small><\/figcaption><\/figure>\n<p>El aparato vaticano, la curia, organiz\u00f3 y gestion\u00f3 recientemente dos eventos de relevancia mundial, con\u00a0invitados de Estado de tres d\u00edgitos en el plazo de tres semanas. La imagen de Trump y Zelenski sentados en dos sencillas sillas en una capilla lateral de la Bas\u00edlica de San Pedro, al margen de la ceremonia f\u00fanebre de Francisco, se convirti\u00f3 r\u00e1pidamente en ic\u00f3nica.<\/p>\n<p>En cualquier caso, el Estado italiano siempre se ocupa de todo lo que concierne a cuestiones de seguridad, y sobrecargar\u00eda a los cerca de 120 hombres de la Guardia Suiza papal. Seg\u00fan la Primera Ministra Meloni, su pa\u00eds est\u00e1 \u00abdispuesto a poner de su parte para promover los contactos y trabajar por la paz\u00bb.<\/p>\n<p><span data-slot-id=\"Article_InContent-1\" class=\"rich-text-ad\"\/><\/p>\n<h2>\u00bfEn unas semanas?<\/h2>\n<p>Si ambas partes est\u00e1n dispuestas, dicen los conocedores, podr\u00eda iniciarse un intento de mediaci\u00f3n en el Vaticano dentro de tres o cuatro semanas. Pero tambi\u00e9n est\u00e1 claro que el papa no estar\u00e1 constantemente presente en las conversaciones concretas. Se trata de un di\u00e1logo a nivel de trabajo.<\/p>\n<p>Cada palabra que el papa Le\u00f3n XIV dice ahora en p\u00fablico es objeto de un minucioso escrutinio en todo el mundo, especialmente en lo que respecta al conflicto en Europa del Este. Es posible que su \u00abministro de Asuntos Exteriores\u00bb, el arzobispo Paul Gallagher (71), que lleva 40 a\u00f1os al servicio del Vaticano, y unos diez como responsable de las relaciones con los Estados, viaje pronto o mantenga conversaciones que casi nunca se hacen p\u00fablicas.<\/p>\n<p>El pasado fin de semana, en Roma, el secretario de Estado norteamericano, Marco Rubio, fue uno de los interlocutores de Gallagher. Seg\u00fan los medios de comunicaci\u00f3n estadounidenses, el pol\u00edtico habl\u00f3 despu\u00e9s con gratitud de la voluntad del Vaticano de desempe\u00f1ar un \u00abpapel constructivo\u00a0y positivo\u00bb.<\/p>\n<p>(MD\/CP)<\/p>\n<\/div>\n\n","protected":false},"excerpt":{"rendered":"<p>\u00bfSe convertir\u00e1 el Vaticano en la sede de las negociaciones de paz entre Rusia y Ucrania? \u00bfPodr\u00eda implicarse el propio papa Le\u00f3n XIV? Al menos hay indicios de ello. El papa Le\u00f3n XIV, que fue elegido sucesor del papa Francisco el 8 de mayo de 2025 y ha estado en el cargo desde entonces, hab\u00eda &hellip;<\/p>\n","protected":false},"author":1,"featured_media":28377,"comment_status":"open","ping_status":"open","sticky":false,"template":"","format":"standard","meta":{"fifu_image_url":"https:\/\/static.dw.com\/image\/72583448_6.jpg","fifu_image_alt":"","footnotes":""},"categories":[13],"tags":[],"class_list":["post-28376","post","type-post","status-publish","format-standard","has-post-thumbnail","","category-mundo"],"_links":{"self":[{"href":"https:\/\/noticiasveraces.com\/index.php?rest_route=\/wp\/v2\/posts\/28376","targetHints":{"allow":["GET"]}}],"collection":[{"href":"https:\/\/noticiasveraces.com\/index.php?rest_route=\/wp\/v2\/posts"}],"about":[{"href":"https:\/\/noticiasveraces.com\/index.php?rest_route=\/wp\/v2\/types\/post"}],"author":[{"embeddable":true,"href":"https:\/\/noticiasveraces.com\/index.php?rest_route=\/wp\/v2\/users\/1"}],"replies":[{"embeddable":true,"href":"https:\/\/noticiasveraces.com\/index.php?rest_route=%2Fwp%2Fv2%2Fcomments&post=28376"}],"version-history":[{"count":0,"href":"https:\/\/noticiasveraces.com\/index.php?rest_route=\/wp\/v2\/posts\/28376\/revisions"}],"wp:featuredmedia":[{"embeddable":true,"href":"https:\/\/noticiasveraces.com\/index.php?rest_route=\/wp\/v2\/media\/28377"}],"wp:attachment":[{"href":"https:\/\/noticiasveraces.com\/index.php?rest_route=%2Fwp%2Fv2%2Fmedia&parent=28376"}],"wp:term":[{"taxonomy":"category","embeddable":true,"href":"https:\/\/noticiasveraces.com\/index.php?rest_route=%2Fwp%2Fv2%2Fcategories&post=28376"},{"taxonomy":"post_tag","embeddable":true,"href":"https:\/\/noticiasveraces.com\/index.php?rest_route=%2Fwp%2Fv2%2Ftags&post=28376"}],"curies":[{"name":"wp","href":"https:\/\/api.w.org\/{rel}","templated":true}]}}