{"id":28285,"date":"2025-05-22T03:59:40","date_gmt":"2025-05-22T07:59:40","guid":{"rendered":"https:\/\/noticiasveraces.com\/?p=28285"},"modified":"2025-05-22T03:59:40","modified_gmt":"2025-05-22T07:59:40","slug":"nick-woltemade-es-convocado-a-dos-selecciones-de-alemania-dw-21-05-2025","status":"publish","type":"post","link":"https:\/\/noticiasveraces.com\/?p=28285","title":{"rendered":"Nick Woltemade es convocado a dos selecciones de Alemania \u2013 DW \u2013 21\/05\/2025"},"content":{"rendered":"<p> \n<\/p>\n<div>\n<p>Al inicio de la cuenta regresiva para la Eurocopa Sub-21, el seleccionador nacional de esa categor\u00eda, Antonio Di Salvo, adelant\u00f3 una decisi\u00f3n de Julian Nagelsmann y, por lo tanto, una doble convocatoria. El delantero Nick Woltemade, una de las sensaciones del anterior torneo de Bundesliga con el Stuttgart, fue convocado tanto a la selecci\u00f3n sub-21 para la Eurocopa este verano, como para la selecci\u00f3n absoluta hacia la Liga de las Naciones.<\/p>\n<p>\u00abEspero que Nick impulse a la selecci\u00f3n mayor hacia el t\u00edtulo de la Liga de Naciones\u00bb, dijo Di Salvo al anunciar su lista provisional para la Eurocopa. Woltemade tiene gol -marc\u00f3\u00a0en 12 ocasiones durante el torneo anterior-\u00a0y quiz\u00e1 pronto tambi\u00e9n se haga de un t\u00edtulo. El Stuttgart\u00a0lleg\u00f3 a la final de la Copa Alemana que se disputar\u00e1 el fin de semana proximo en el Estadio Ol\u00edmpico de Berl\u00edn.<\/p>\n<figure class=\"placeholder-image master_landscape big\"><img data-format=\"MASTER_LANDSCAPE\" data-id=\"70992096\" data-url=\"https:\/\/static.dw.com\/image\/70992096_${formatId}.jpg\" data-aspect-ratio=\"16\/9\" alt=\"Woltemade (izq.) festeja un gol del Stuttgart junto a su coequipero Atakan Karazor.\" style=\"padding-bottom: 56.25%; height: 0; max-height: 0;\"\/><figcaption class=\"img-caption\">Woltemade (izq.) festeja un gol del Stuttgart junto a su coequipero Atakan Karazor.<small class=\"copyright\">Imagen: Robin Rudel\/IMAGO<\/small><\/figcaption><\/figure>\n<p>En cuanto a la Eurocopa, el delantero Woltemade deber\u00eda brillar como protagonista en el torneo que se celebrar\u00e1 del 11 al 28 de junio en Eslovaquia. \u00abEst\u00e1 preparado para ello\u201d, afirm\u00f3 Di Salvo. \u00abTambi\u00e9n nos ayudar\u00e1 despu\u00e9s de la selecci\u00f3n absoluta\u201d, agreg\u00f3 el t\u00e9cnico, en referencia al pr\u00f3ximo partido del combinado mayor, en la semifinal de la Liga de las Naciones contra Portugal, el pr\u00f3ximo 4 de junio en M\u00fanich.<\/p>\n<p>(Kicker, dpa\/el)<\/p>\n<\/div>\n\n","protected":false},"excerpt":{"rendered":"<p>Al inicio de la cuenta regresiva para la Eurocopa Sub-21, el seleccionador nacional de esa categor\u00eda, Antonio Di Salvo, adelant\u00f3 una decisi\u00f3n de Julian Nagelsmann y, por lo tanto, una doble convocatoria. El delantero Nick Woltemade, una de las sensaciones del anterior torneo de Bundesliga con el Stuttgart, fue convocado tanto a la selecci\u00f3n sub-21 &hellip;<\/p>\n","protected":false},"author":1,"featured_media":28286,"comment_status":"open","ping_status":"open","sticky":false,"template":"","format":"standard","meta":{"fifu_image_url":"https:\/\/static.dw.com\/image\/72427408_6.jpg","fifu_image_alt":"","footnotes":""},"categories":[13],"tags":[],"class_list":["post-28285","post","type-post","status-publish","format-standard","has-post-thumbnail","","category-mundo"],"_links":{"self":[{"href":"https:\/\/noticiasveraces.com\/index.php?rest_route=\/wp\/v2\/posts\/28285","targetHints":{"allow":["GET"]}}],"collection":[{"href":"https:\/\/noticiasveraces.com\/index.php?rest_route=\/wp\/v2\/posts"}],"about":[{"href":"https:\/\/noticiasveraces.com\/index.php?rest_route=\/wp\/v2\/types\/post"}],"author":[{"embeddable":true,"href":"https:\/\/noticiasveraces.com\/index.php?rest_route=\/wp\/v2\/users\/1"}],"replies":[{"embeddable":true,"href":"https:\/\/noticiasveraces.com\/index.php?rest_route=%2Fwp%2Fv2%2Fcomments&post=28285"}],"version-history":[{"count":0,"href":"https:\/\/noticiasveraces.com\/index.php?rest_route=\/wp\/v2\/posts\/28285\/revisions"}],"wp:featuredmedia":[{"embeddable":true,"href":"https:\/\/noticiasveraces.com\/index.php?rest_route=\/wp\/v2\/media\/28286"}],"wp:attachment":[{"href":"https:\/\/noticiasveraces.com\/index.php?rest_route=%2Fwp%2Fv2%2Fmedia&parent=28285"}],"wp:term":[{"taxonomy":"category","embeddable":true,"href":"https:\/\/noticiasveraces.com\/index.php?rest_route=%2Fwp%2Fv2%2Fcategories&post=28285"},{"taxonomy":"post_tag","embeddable":true,"href":"https:\/\/noticiasveraces.com\/index.php?rest_route=%2Fwp%2Fv2%2Ftags&post=28285"}],"curies":[{"name":"wp","href":"https:\/\/api.w.org\/{rel}","templated":true}]}}