{"id":28271,"date":"2025-05-22T01:57:46","date_gmt":"2025-05-22T05:57:46","guid":{"rendered":"https:\/\/noticiasveraces.com\/?p=28271"},"modified":"2025-05-22T01:57:46","modified_gmt":"2025-05-22T05:57:46","slug":"terremoto-de-magnitud-61-sacude-creta-y-santorini-dw-22-05-2025","status":"publish","type":"post","link":"https:\/\/noticiasveraces.com\/?p=28271","title":{"rendered":"terremoto de magnitud 6,1 sacude Creta y Santorini \u2013 DW \u2013 22\/05\/2025"},"content":{"rendered":"<p> \n<\/p>\n<div>\n<p>Un terremoto de magnitud 6,1 sacudi\u00f3 el jueves (22.05.2025) las tur\u00edsticas islas griegas de Creta y Santorini, inform\u00f3 el servicio geol\u00f3gico de Estados Unidos (USGS).<\/p>\n<p>El epicentro del sismo se situ\u00f3 82 kil\u00f3metros al noreste de la capital de Creta, Heracli\u00f3n. Su profundidad fue de 68 kil\u00f3metros, indic\u00f3 el USGS.<\/p>\n<p>La tur\u00edstica regi\u00f3n ha sufrido en los \u00faltimos meses m\u00faltiples terremotos que, por ejemplo, llevaron al cierre de escuelas en Santorini y otras islas de la zona durante un mes.<\/p>\n<p>Desde finales de febrero se registraron miles de terremotos, en su mayor\u00eda de baja magnitud, entre las islas de Santorini, Amorgos, Ios y Anafi, todas ellas en el archipi\u00e9lago de las C\u00edcladas en el mar Egeo.<\/p>\n<p>La\u00a0actividad s\u00edsmica de enero y febrero no provoc\u00f3 v\u00edctimas ni da\u00f1os significativos, aunque gener\u00f3 una huida de turistas de las islas.<\/p>\n<p>Esta zona se encuentra en la convergencia de las placas tect\u00f3nicas africana y turca, con lo que es habitual la actividad s\u00edsmica.<\/p>\n<p>GS (AFP, Reuters)<\/p>\n<\/div>\n\n","protected":false},"excerpt":{"rendered":"<p>Un terremoto de magnitud 6,1 sacudi\u00f3 el jueves (22.05.2025) las tur\u00edsticas islas griegas de Creta y Santorini, inform\u00f3 el servicio geol\u00f3gico de Estados Unidos (USGS). El epicentro del sismo se situ\u00f3 82 kil\u00f3metros al noreste de la capital de Creta, Heracli\u00f3n. Su profundidad fue de 68 kil\u00f3metros, indic\u00f3 el USGS. La tur\u00edstica regi\u00f3n ha sufrido &hellip;<\/p>\n","protected":false},"author":1,"featured_media":28272,"comment_status":"open","ping_status":"open","sticky":false,"template":"","format":"standard","meta":{"fifu_image_url":"https:\/\/static.dw.com\/image\/71500479_6.jpg","fifu_image_alt":"","footnotes":""},"categories":[13],"tags":[],"class_list":["post-28271","post","type-post","status-publish","format-standard","has-post-thumbnail","","category-mundo"],"_links":{"self":[{"href":"https:\/\/noticiasveraces.com\/index.php?rest_route=\/wp\/v2\/posts\/28271","targetHints":{"allow":["GET"]}}],"collection":[{"href":"https:\/\/noticiasveraces.com\/index.php?rest_route=\/wp\/v2\/posts"}],"about":[{"href":"https:\/\/noticiasveraces.com\/index.php?rest_route=\/wp\/v2\/types\/post"}],"author":[{"embeddable":true,"href":"https:\/\/noticiasveraces.com\/index.php?rest_route=\/wp\/v2\/users\/1"}],"replies":[{"embeddable":true,"href":"https:\/\/noticiasveraces.com\/index.php?rest_route=%2Fwp%2Fv2%2Fcomments&post=28271"}],"version-history":[{"count":0,"href":"https:\/\/noticiasveraces.com\/index.php?rest_route=\/wp\/v2\/posts\/28271\/revisions"}],"wp:featuredmedia":[{"embeddable":true,"href":"https:\/\/noticiasveraces.com\/index.php?rest_route=\/wp\/v2\/media\/28272"}],"wp:attachment":[{"href":"https:\/\/noticiasveraces.com\/index.php?rest_route=%2Fwp%2Fv2%2Fmedia&parent=28271"}],"wp:term":[{"taxonomy":"category","embeddable":true,"href":"https:\/\/noticiasveraces.com\/index.php?rest_route=%2Fwp%2Fv2%2Fcategories&post=28271"},{"taxonomy":"post_tag","embeddable":true,"href":"https:\/\/noticiasveraces.com\/index.php?rest_route=%2Fwp%2Fv2%2Ftags&post=28271"}],"curies":[{"name":"wp","href":"https:\/\/api.w.org\/{rel}","templated":true}]}}