{"id":28248,"date":"2025-05-21T21:46:37","date_gmt":"2025-05-22T01:46:37","guid":{"rendered":"https:\/\/noticiasveraces.com\/?p=28248"},"modified":"2025-05-21T21:46:37","modified_gmt":"2025-05-22T01:46:37","slug":"macron-insta-a-actuar-contra-hermanos-musulmanes-en-francia-dw-22-05-2025","status":"publish","type":"post","link":"https:\/\/noticiasveraces.com\/?p=28248","title":{"rendered":"Macron insta a actuar contra Hermanos Musulmanes en Francia \u2013 DW \u2013 22\/05\/2025"},"content":{"rendered":"<p> \n<\/p>\n<div>\n<p>El presidente franc\u00e9s Emmanuel Macron encarg\u00f3 este mi\u00e9rcoles (21.05.2025) al gobierno que elabore propuestas para hacer frente a la influencia de los Hermanos Musulmanes y a la progresi\u00f3n del islamismo pol\u00edtico en Francia, inform\u00f3 la presidencia.<\/p>\n<p>El El\u00edseo realiz\u00f3 el anuncio despu\u00e9s de que Macron presidiera una reuni\u00f3n de seguridad para examinar un informe que advierte de la \u00abamenaza para la cohesi\u00f3n nacional\u00bb que suponen los Hermanos Musulmanes.<\/p>\n<p>Este movimiento, nacido en 1928 en Egipto, defiende el proyecto de un islam pol\u00edtico conservador y varios pa\u00edses lo han prohibido, entre ellos Arabia Saudita, Egipto y m\u00e1s recientemente Jordania.<\/p>\n<p>\u00abDada la importancia del asunto y la gravedad de los hechos constatados, [Macron] pidi\u00f3 al gobierno que elabore nuevas propuestas que se examinar\u00e1n en un Consejo de Defensa a principios de junio\u00bb, indic\u00f3 la presidencia francesa.<\/p>\n<p>El informe llega cuando Francia, un pa\u00eds oficialmente laico, est\u00e1 en plena reflexi\u00f3n sobre el lugar del islam, en la estela de la pol\u00e9mica ley de 2021 contra el \u00abseparatismo\u00bb y en un contexto de auge electoral de la extrema derecha.<\/p>\n<p><span data-slot-id=\"Article_InContent-1\" class=\"rich-text-ad\"\/><\/p>\n<h2>Alertan de una progresi\u00f3n del islamismo \u00abdesde abajo\u00bb<\/h2>\n<p>El documento, elaborado por dos altos funcionarios, alerta de una progresi\u00f3n del islamismo \u00abdesde abajo\u00bb y a nivel municipal, lo que constituir\u00eda \u00abuna amenaza a corto y medio plazo\u00bb.<\/p>\n<p>Aunque \u00abno recurra a la acci\u00f3n violenta\u00bb, se corre \u00abel riesgo de un da\u00f1o al tejido asociativo y a las instituciones republicanas (&#8230;) y m\u00e1s ampliamente a la cohesi\u00f3n nacional\u00bb, reza el informe, consultado por AFP.<\/p>\n<p>Este \u00abislamismo municipal\u00bb podr\u00eda tener \u00abefectos crecientes en el espacio p\u00fablico y en el juego pol\u00edtico local\u00bb con un \u00abrepliegue comunitario, hasta la constituci\u00f3n de ecosistemas islamistas cada vez m\u00e1s numerosos\u00bb, agrega.<\/p>\n<p>Aunque el informe califica de \u00absubversivo\u00bb el proyecto de los Hermanos Musulmanes, que buscar\u00eda modificar paulatinamente las normas sobre laicismo e igualdad de g\u00e9nero, descarta que quieran aplicar la ley isl\u00e1mica en Francia.<\/p>\n<p>La Federaci\u00f3n de Musulmanes de Francia, presentada en el informe como la rama nacional de los Hermanos Musulmanes, alert\u00f3 en un comunicado contra una \u00abamalgama peligrosa\u00bb entre islam y radicalismo.<\/p>\n<p>\u00abDetr\u00e1s de estas acusaciones infundadas, se perfila una estigmatizaci\u00f3n del islam y de los musulmanes\u00bb, apunta la federaci\u00f3n, que alerta que esto puede llevar a \u00abactos de violencia\u00bb como el apu\u00f1alamiento mortal de Aboubakar Ciss\u00e9, un joven maliense, el 25 de abril a la salida de una mezquita en Francia.<\/p>\n<p>JC (AFP, Efe, Reuters)<\/p>\n<\/p>\n<\/div>\n\n","protected":false},"excerpt":{"rendered":"<p>El presidente franc\u00e9s Emmanuel Macron encarg\u00f3 este mi\u00e9rcoles (21.05.2025) al gobierno que elabore propuestas para hacer frente a la influencia de los Hermanos Musulmanes y a la progresi\u00f3n del islamismo pol\u00edtico en Francia, inform\u00f3 la presidencia. El El\u00edseo realiz\u00f3 el anuncio despu\u00e9s de que Macron presidiera una reuni\u00f3n de seguridad para examinar un informe que &hellip;<\/p>\n","protected":false},"author":1,"featured_media":28249,"comment_status":"open","ping_status":"open","sticky":false,"template":"","format":"standard","meta":{"fifu_image_url":"https:\/\/static.dw.com\/image\/66892733_6.jpg","fifu_image_alt":"","footnotes":""},"categories":[13],"tags":[],"class_list":["post-28248","post","type-post","status-publish","format-standard","has-post-thumbnail","","category-mundo"],"_links":{"self":[{"href":"https:\/\/noticiasveraces.com\/index.php?rest_route=\/wp\/v2\/posts\/28248","targetHints":{"allow":["GET"]}}],"collection":[{"href":"https:\/\/noticiasveraces.com\/index.php?rest_route=\/wp\/v2\/posts"}],"about":[{"href":"https:\/\/noticiasveraces.com\/index.php?rest_route=\/wp\/v2\/types\/post"}],"author":[{"embeddable":true,"href":"https:\/\/noticiasveraces.com\/index.php?rest_route=\/wp\/v2\/users\/1"}],"replies":[{"embeddable":true,"href":"https:\/\/noticiasveraces.com\/index.php?rest_route=%2Fwp%2Fv2%2Fcomments&post=28248"}],"version-history":[{"count":0,"href":"https:\/\/noticiasveraces.com\/index.php?rest_route=\/wp\/v2\/posts\/28248\/revisions"}],"wp:featuredmedia":[{"embeddable":true,"href":"https:\/\/noticiasveraces.com\/index.php?rest_route=\/wp\/v2\/media\/28249"}],"wp:attachment":[{"href":"https:\/\/noticiasveraces.com\/index.php?rest_route=%2Fwp%2Fv2%2Fmedia&parent=28248"}],"wp:term":[{"taxonomy":"category","embeddable":true,"href":"https:\/\/noticiasveraces.com\/index.php?rest_route=%2Fwp%2Fv2%2Fcategories&post=28248"},{"taxonomy":"post_tag","embeddable":true,"href":"https:\/\/noticiasveraces.com\/index.php?rest_route=%2Fwp%2Fv2%2Ftags&post=28248"}],"curies":[{"name":"wp","href":"https:\/\/api.w.org\/{rel}","templated":true}]}}