{"id":28246,"date":"2025-05-21T20:45:03","date_gmt":"2025-05-22T00:45:03","guid":{"rendered":"https:\/\/noticiasveraces.com\/?p=28246"},"modified":"2025-05-21T20:45:03","modified_gmt":"2025-05-22T00:45:03","slug":"alemania-despliega-brigada-blindada-permanente-en-lituania-dw-21-05-2025","status":"publish","type":"post","link":"https:\/\/noticiasveraces.com\/?p=28246","title":{"rendered":"Alemania despliega brigada blindada permanente en Lituania \u2013 DW \u2013 21\/05\/2025"},"content":{"rendered":"<p> \n<\/p>\n<div>\n<p>Uno de los proyectos m\u00e1s ambiciosos del Ej\u00e9rcito alem\u00e1n empieza a concretarse: el despliegue de casi 5.000 soldados alemanes en Lituania. El 1\u00ba de abril, la nueva brigada fue oficialmente puesta en servicio en la capital, Vilna. Esta unidad constituye el n\u00facleo de la fuerza de combate con la que Alemania, a petici\u00f3n de Lituania, protege el flanco oriental de la OTAN. Es una respuesta directa a la invasi\u00f3n rusa de Ucrania.<\/p>\n<p>Hasta ahora, el Ej\u00e9rcito alem\u00e1n contaba con ocho brigadas. Con esta nueva unidad, se suma una novena, la primera que estar\u00e1 permanentemente desplegada fuera del pa\u00eds, un hecho in\u00e9dito en la historia de la Bundeswehr. El nuevo emblema de la Panzerbrigade 45, que los soldados portan en sus uniformes, incluye la torre de Gediminas, s\u00edmbolo de Vilna, como se\u00f1al de vinculaci\u00f3n con el pa\u00eds anfitri\u00f3n.<\/p>\n<p>\u00abEl compromiso de Alemania es claro: defenderemos cada cent\u00edmetro del territorio de la OTAN\u201d, afirm\u00f3 el ministro alem\u00e1n de Defensa, el socialdem\u00f3crata\u00a0Boris Pistorius,\u00a0en su primer discurso ante el Bundestag tras el cambio de gobierno. El despliegue en Lituania es, dijo, \u00abuna fuerte se\u00f1al para nuestros aliados y una advertencia clara para cualquier posible agresor\u201d.<\/p>\n<p>Lituania, con una poblaci\u00f3n de tres millones de habitantes, se encuentra entre el enclave ruso de Kaliningrado y Bielorrusia, pa\u00eds aliado de Mosc\u00fa, con el que comparte una frontera de casi 680 kil\u00f3metros. El pa\u00eds b\u00e1ltico trabaja, adem\u00e1s, en la creaci\u00f3n de su propia brigada blindada, y ha encargado 44 modernos tanques Leopard 2 A8 fabricados en Alemania, el mismo modelo que utilizar\u00e1 la brigada alemana, lo que facilitar\u00e1 la interoperabilidad.<\/p>\n<figure class=\"placeholder-image master_landscape big\"><img data-format=\"MASTER_LANDSCAPE\" data-id=\"72619221\" data-url=\"https:\/\/static.dw.com\/image\/72619221_${formatId}.jpg\" data-aspect-ratio=\"16\/9\" alt=\"El nuevo escudo de la brigada con la torre de Gediminas y el le\u00f3n de la casa de Hohenstaufen, insignia de la 10\u00aa Divisi\u00f3n Acorazada, a la que est\u00e1 subordinada la 45\u00aa Brigada Acorazada.\" style=\"padding-bottom: 56.25%; height: 0; max-height: 0;\"\/><figcaption class=\"img-caption\">A la derecha, el nuevo escudo de la brigada, con la torre de Gediminas y el le\u00f3n de la casa de Hohenstaufen, insignia de la 10\u00aa Divisi\u00f3n Acorazada, a la que est\u00e1 subordinada la 45\u00aa Brigada Acorazada.<small class=\"copyright\">Im\u00e1genes: Alexander Welscher\/DPA\/Picture Alliance<\/small><\/figcaption><\/figure>\n<h2>Nuevas infraestructuras militares y civiles<\/h2>\n<p>Desde mediados de 2023, Pistorius impulsa la construcci\u00f3n de la brigada. Actualmente ya est\u00e1n desplegados el Estado mayor y las primeras unidades de apoyo. Para finales de 2025 se espera contar con 500 soldados alemanes en el terreno.<\/p>\n<p>A\u00fan se trabaja en la infraestructura: en el campo de entrenamiento de Rudninkai, principal base de la brigada, situada a unos 30 km de la frontera con Bielorrusia, se construyen cuarteles y\u00a0carreteras, y se extiende una l\u00ednea ferroviaria. Adem\u00e1s, se est\u00e1n edificando escuelas y jardines infantiles en Vilna y Kaunas para las familias de los soldados.<\/p>\n<p>El despliegue completo de la brigada, previsto para 2027, representa un gran esfuerzo log\u00edstico y financiero para ambos pa\u00edses. Lituania ha aumentado su presupuesto de defensa. Por su parte, el nuevo gobierno federal de Friedrich Merz, de la conservadora Uni\u00f3n Dem\u00f3crata Cristiana (CDU),\u00a0tambi\u00e9n planea mantener elevados los gastos militares.<\/p>\n<p>Un reto clave ser\u00e1 reunir al personal necesario. Encontrar 4.800 soldados y 200 empleados civiles dispuestos a trasladarse voluntariamente a Lituania durante varios a\u00f1os no ser\u00e1 f\u00e1cil. Por eso, el ministro de Defensa ya ha introducido reformas. A comienzos de a\u00f1o, el Parlamento alem\u00e1n aprob\u00f3 una ley que prev\u00e9 mejoras salariales para misiones en el extranjero y mejores condiciones de servicio, tanto dentro como fuera de Alemania.<\/p>\n<p><span data-slot-id=\"Article_InContent-1\" class=\"rich-text-ad\"\/><\/p>\n<h2>Escuelas alemanas y oficinas de correos militares<\/h2>\n<p>La Bundeswehr\u00a0est\u00e1 presente en Lituania desde 2017, liderando una unidad multinacional de la OTAN que desde el 1 de abril ha quedado bajo el mando de la nueva brigada blindada.<\/p>\n<p>El marco legal para esta presencia permanente se acord\u00f3 en septiembre de 2024 mediante un tratado bilateral entre Alemania y Lituania. El objetivo, seg\u00fan la parte lituana, es garantizar \u00ablas mejores condiciones posibles para los soldados alemanes y sus familias\u201d.<\/p>\n<p>Esto incluye el uso gratuito de terrenos militares, el derecho a almacenar armas y munici\u00f3n en el pa\u00eds, a operar oficinas postales militares y a establecer escuelas y jardines de infancia alemanes. Las escuelas seguir\u00e1n el plan de estudios alem\u00e1n y otorgar\u00e1n t\u00edtulos reconocidos oficialmente en Lituania.<\/p>\n<p>(GG\/CP)<\/p>\n<\/div>\n\n","protected":false},"excerpt":{"rendered":"<p>Uno de los proyectos m\u00e1s ambiciosos del Ej\u00e9rcito alem\u00e1n empieza a concretarse: el despliegue de casi 5.000 soldados alemanes en Lituania. El 1\u00ba de abril, la nueva brigada fue oficialmente puesta en servicio en la capital, Vilna. Esta unidad constituye el n\u00facleo de la fuerza de combate con la que Alemania, a petici\u00f3n de Lituania, &hellip;<\/p>\n","protected":false},"author":1,"featured_media":28247,"comment_status":"open","ping_status":"open","sticky":false,"template":"","format":"standard","meta":{"fifu_image_url":"https:\/\/static.dw.com\/image\/72619123_6.jpg","fifu_image_alt":"","footnotes":""},"categories":[13],"tags":[],"class_list":["post-28246","post","type-post","status-publish","format-standard","has-post-thumbnail","","category-mundo"],"_links":{"self":[{"href":"https:\/\/noticiasveraces.com\/index.php?rest_route=\/wp\/v2\/posts\/28246","targetHints":{"allow":["GET"]}}],"collection":[{"href":"https:\/\/noticiasveraces.com\/index.php?rest_route=\/wp\/v2\/posts"}],"about":[{"href":"https:\/\/noticiasveraces.com\/index.php?rest_route=\/wp\/v2\/types\/post"}],"author":[{"embeddable":true,"href":"https:\/\/noticiasveraces.com\/index.php?rest_route=\/wp\/v2\/users\/1"}],"replies":[{"embeddable":true,"href":"https:\/\/noticiasveraces.com\/index.php?rest_route=%2Fwp%2Fv2%2Fcomments&post=28246"}],"version-history":[{"count":0,"href":"https:\/\/noticiasveraces.com\/index.php?rest_route=\/wp\/v2\/posts\/28246\/revisions"}],"wp:featuredmedia":[{"embeddable":true,"href":"https:\/\/noticiasveraces.com\/index.php?rest_route=\/wp\/v2\/media\/28247"}],"wp:attachment":[{"href":"https:\/\/noticiasveraces.com\/index.php?rest_route=%2Fwp%2Fv2%2Fmedia&parent=28246"}],"wp:term":[{"taxonomy":"category","embeddable":true,"href":"https:\/\/noticiasveraces.com\/index.php?rest_route=%2Fwp%2Fv2%2Fcategories&post=28246"},{"taxonomy":"post_tag","embeddable":true,"href":"https:\/\/noticiasveraces.com\/index.php?rest_route=%2Fwp%2Fv2%2Ftags&post=28246"}],"curies":[{"name":"wp","href":"https:\/\/api.w.org\/{rel}","templated":true}]}}