{"id":28244,"date":"2025-05-21T19:39:50","date_gmt":"2025-05-21T23:39:50","guid":{"rendered":"https:\/\/noticiasveraces.com\/?p=28244"},"modified":"2025-05-21T19:39:50","modified_gmt":"2025-05-21T23:39:50","slug":"mexico-pide-explicaciones-a-israel-por-ataque-en-cisjordania-dw-22-05-2025","status":"publish","type":"post","link":"https:\/\/noticiasveraces.com\/?p=28244","title":{"rendered":"M\u00e9xico pide explicaciones a Israel por ataque en Cisjordania \u2013 DW \u2013 22\/05\/2025"},"content":{"rendered":"<p> \n<\/p>\n<div>\n<p>El gobierno de M\u00e9xico inform\u00f3 el mi\u00e9rcoles (21.05.2025) que pedir\u00e1 explicaciones a Israel por el ataque contra diplom\u00e1ticos de 32 pa\u00edses en Cisjordania, donde se encontraban dos mexicanos que resultaron ilesos, al considerar que se viol\u00f3 la Convenci\u00f3n de Viena.<\/p>\n<p>En un comunicado, la Canciller\u00eda apunt\u00f3 que, aunque el ej\u00e9rcito israel\u00ed \u00abjustific\u00f3\u00bb sus disparos argumentando que la delegaci\u00f3n diplom\u00e1tica hab\u00eda invadido una \u00abzona no autorizada\u201d, no existe constancia de tal invasi\u00f3n ni \u00abde que alg\u00fan oficial se acercara a la delegaci\u00f3n para advertir verbal y oportunamente lo anterior\u00bb. <\/p>\n<p>La entidad\u00a0advirti\u00f3 que este ataque contraviene el Art\u00edculo 29 de la Convenci\u00f3n de Viena de Relaciones Diplom\u00e1ticas, que establece la inviolabilidad de los agentes diplom\u00e1ticos. Adem\u00e1s, record\u00f3 que Israel, al formar parte de dicha Convenci\u00f3n, est\u00e1 obligado a respetarla.<\/p>\n<blockquote class=\"tweet embed\" data-id=\"1925293276149817656\"\/>\n<p>\u00abLa Secretar\u00eda de Relaciones Exteriores solicitar\u00e1 a la Embajada de Israel en M\u00e9xico que brinde las aclaraciones que el caso amerita\u00bb, afirm\u00f3 la Canciller\u00eda mexicana.<\/p>\n<p>Por otro lado, inform\u00f3 que los diplom\u00e1ticos mexicanos que se encontraban en la visita de campo en Yen\u00edn, son el titular y el representante alterno de la Oficina de la Representaci\u00f3n de M\u00e9xico en Palestina, Pedro Blanco P\u00e9rez y Julio C\u00e9sar Escobedo Flores, respectivamente, quienes se encuentran a salvo.<\/p>\n<p>\u00abEl canciller Juan Ram\u00f3n de la Fuente se comunic\u00f3 personalmente con el embajador Blanco para asegurarse que ambos diplom\u00e1ticos -que resultaron ilesos- se encontraban bien de salud y transmitirles el total respaldo de la Canciller\u00eda\u00bb, agreg\u00f3 la dependencia.<\/p>\n<p><span data-slot-id=\"Article_InContent-1\" class=\"rich-text-ad\"\/><\/p>\n<h2>Video muestra a soldados israel\u00edes disparando a diplom\u00e1ticos<\/h2>\n<p>Fuerzas israel\u00edes dispararon este mi\u00e9rcoles contra una delegaci\u00f3n diplom\u00e1tica con representantes de pa\u00edses europeos, americanos y \u00e1rabes de visita en la localidad de Yen\u00edn, norte de Cisjordania ocupada, denunci\u00f3 el Ministerio de Exteriores palestino y confirmaron fuentes en el lugar.<\/p>\n<p>El ministerio palestino, que asegura que los ataques fueron para \u00abintimidar\u00bb a los diplom\u00e1ticos, comparti\u00f3 im\u00e1genes del incidente, en el que se ve al menos a dos uniformados israel\u00edes disparando en direcci\u00f3n a un grupo de personas que estaban realizando entrevistas.<\/p>\n<p>Seg\u00fan la lista actualizada ofrecida por el ministerio organizador del viaje, hab\u00eda representantes la Oficina de la Uni\u00f3n Europea y de 14 pa\u00edses de esta organizaci\u00f3n. Tambi\u00e9n de Canad\u00e1, de Reino Unido y de los latinoamericanos M\u00e9xico y Uruguay, as\u00ed como de Jordania, Marruecos, Turqu\u00eda,\u00a0Egipto, China y Jap\u00f3n.<\/p>\n<p>El secretario general de la ONU, Ant\u00f3nio Guterres, dijo hoy estar \u00abalarmado\u00bb por el incidente.<\/p>\n<p>\u00abSean disparos de advertencia o de lo que sea, esto es inaceptable (&#8230;). Est\u00e1 claro que los diplom\u00e1ticos estaban haciendo su trabajo, y jam\u00e1s deber\u00edan ser disparados o atacados en modo alguno. Su seguridad debe ser garantizada en todo momento\u00bb, dijo el portavoz de Guterres, St\u00e9phane Dujarric.<\/p>\n<p>GS (EFE, AFP)<\/p>\n<div class=\"vjs-wrapper embed big\">\n<h2 aria-label=\"Video integrado \u2014 ONU denuncia violencia sistem\u00e1tica\" class=\"headline\"><svg xmlns=\"http:\/\/www.w3.org\/2000\/svg\" viewbox=\"0 0 20 20\"><g fill-rule=\"evenodd\"><path d=\"M14.114 7.599H13.5l.002 4.706h.601l4.582 3.25-.005-11.11zM11.084 4.444l-9.007.002-1.336.797.002 9.514 1.334.793 9.007.006 1.509-.799-.004-9.516z\"\/><\/g><\/svg>ONU denuncia violencia sistem\u00e1tica<\/h2>\n<p><video id=\"video-72101738\" controls=\"\" playsinline=\"\" preload=\"none\" poster=\"data:image\/png;base64,iVBORw0KGgoAAAANSUhEUgAAAAEAAAABCAQAAAC1HAwCAAAAC0lEQVR42mNkYAAAAAYAAjCB0C8AAAAASUVORK5CYII=\" data-id=\"72101738\" data-posterurl=\"https:\/\/static.dw.com\/image\/72101494_605.webp\" data-duration=\"04:09\"><source src=\"https:\/\/hlsvod.dw.com\/i\/dwtv_video\/flv\/js\/js20250331_sheep_,AVC_480x270,AVC_512x288,AVC_640x360,AVC_960x540,AVC_1280x720,AVC_1920x1080,.mp4.csmil\/master.m3u8\" type=\"application\/x-mpegURL\"><source src=\"https:\/\/tvdownloaddw-a.akamaihd.net\/dwtv_video\/flv\/js\/js20250331_sheep_AVC_1920x1080.mp4\" type=\"video\/mp4\"><track src=\"https:\/\/www.dw.com\/media\/subtitles\/72276001\" srclang=\"es\" label=\"SPANISH\" default=\"\"><p class=\"vjs-no-js\">Para ver este video, habilite JavaScript y considere actualizar a un navegador web que admite el video HTML5<\/p>\n<\/track><\/source><\/source><\/video><\/div>\n<\/div>\n\n","protected":false},"excerpt":{"rendered":"<p>El gobierno de M\u00e9xico inform\u00f3 el mi\u00e9rcoles (21.05.2025) que pedir\u00e1 explicaciones a Israel por el ataque contra diplom\u00e1ticos de 32 pa\u00edses en Cisjordania, donde se encontraban dos mexicanos que resultaron ilesos, al considerar que se viol\u00f3 la Convenci\u00f3n de Viena. En un comunicado, la Canciller\u00eda apunt\u00f3 que, aunque el ej\u00e9rcito israel\u00ed \u00abjustific\u00f3\u00bb sus disparos argumentando &hellip;<\/p>\n","protected":false},"author":1,"featured_media":28245,"comment_status":"open","ping_status":"open","sticky":false,"template":"","format":"standard","meta":{"fifu_image_url":"https:\/\/static.dw.com\/image\/72624976_6.jpg","fifu_image_alt":"","footnotes":""},"categories":[13],"tags":[],"class_list":["post-28244","post","type-post","status-publish","format-standard","has-post-thumbnail","","category-mundo"],"_links":{"self":[{"href":"https:\/\/noticiasveraces.com\/index.php?rest_route=\/wp\/v2\/posts\/28244","targetHints":{"allow":["GET"]}}],"collection":[{"href":"https:\/\/noticiasveraces.com\/index.php?rest_route=\/wp\/v2\/posts"}],"about":[{"href":"https:\/\/noticiasveraces.com\/index.php?rest_route=\/wp\/v2\/types\/post"}],"author":[{"embeddable":true,"href":"https:\/\/noticiasveraces.com\/index.php?rest_route=\/wp\/v2\/users\/1"}],"replies":[{"embeddable":true,"href":"https:\/\/noticiasveraces.com\/index.php?rest_route=%2Fwp%2Fv2%2Fcomments&post=28244"}],"version-history":[{"count":0,"href":"https:\/\/noticiasveraces.com\/index.php?rest_route=\/wp\/v2\/posts\/28244\/revisions"}],"wp:featuredmedia":[{"embeddable":true,"href":"https:\/\/noticiasveraces.com\/index.php?rest_route=\/wp\/v2\/media\/28245"}],"wp:attachment":[{"href":"https:\/\/noticiasveraces.com\/index.php?rest_route=%2Fwp%2Fv2%2Fmedia&parent=28244"}],"wp:term":[{"taxonomy":"category","embeddable":true,"href":"https:\/\/noticiasveraces.com\/index.php?rest_route=%2Fwp%2Fv2%2Fcategories&post=28244"},{"taxonomy":"post_tag","embeddable":true,"href":"https:\/\/noticiasveraces.com\/index.php?rest_route=%2Fwp%2Fv2%2Ftags&post=28244"}],"curies":[{"name":"wp","href":"https:\/\/api.w.org\/{rel}","templated":true}]}}