{"id":28211,"date":"2025-05-21T17:26:34","date_gmt":"2025-05-21T21:26:34","guid":{"rendered":"https:\/\/noticiasveraces.com\/?p=28211"},"modified":"2025-05-21T17:26:34","modified_gmt":"2025-05-21T21:26:34","slug":"la-conferencia-episcopal-defiende-su-compromiso-con-las-personas-con-discapacidad-tras-las-declaraciones-del-obispo-reig-pla-sociedad","status":"publish","type":"post","link":"https:\/\/noticiasveraces.com\/?p=28211","title":{"rendered":"La conferencia episcopal defiende su compromiso con las personas con discapacidad tras las declaraciones del obispo Reig Pla | Sociedad"},"content":{"rendered":"<p> \n<br \/><img decoding=\"async\" src=\"https:\/\/imagenes.elpais.com\/resizer\/v2\/3G6EPK5W34PLSZSSL6UG3TGLIY.jpg?auth=cf4485765c95675ef052d7327c5afcc0679eedefb9ce6c2c34d94c4d9682eef8\" \/><\/p>\n<div data-dtm-region=\"articulo_cuerpo\">\n<p class=\"\">La Conferencia Episcopal Espa\u00f1ola ha abordado este mi\u00e9rcoles la pol\u00e9mica generada por el obispo em\u00e9rito de Alcal\u00e1 de Henares, Juan Antonio Reig Pla, en las que asociaba la discapacidad con \u201cel pecado y el desorden de la naturaleza\u201d. La conferencia episcopal, sin citar a Reig Pla, ha defendido la \u201cdignidad infinita e inalienable\u201d de las personas con discapacidad. \u201cEn nuestra realidad existencial, todos somos discapacitados y tenemos necesidad de los dem\u00e1s\u201d, se\u00f1ala el documento, que a\u00f1ade, citando al recientemente fallecido papa Francisco, que \u201cnadie se salva solo\u201d.<\/p>\n<p class=\"\">El texto, emitido por el \u00e1rea para las personas con discapacidad de la conferencia episcopal y relativamente inusual al contradecir t\u00e1citamente a un obispo, subraya que \u201ctodo ser humano posee un valor \u00fanico, que ha de ser reconocido, respetado, protegido y promovido en cualquier circunstancia en la que pueda encontrarse\u201d.<\/p>\n<p class=\"\">La conferencia episcopal aplaude que la sociedad espa\u00f1ola \u201chaya ido tomando conciencia de manera progresiva de la centralidad de la dignidad humana y que muestre una sensibilidad especial hacia los m\u00e1s d\u00e9biles\u201d. Y manifiesta su \u201ccompromiso efectivo del cuidado hacia los m\u00e1s fr\u00e1giles y los que experimentan una discapacidad que los hace especialmente vulnerables\u201d. Una de las tareas de la Iglesia, concluye el escrito de los obispos, es \u201cdar voz a quienes son discriminados por su discapacidad\u201d. <\/p>\n<\/div>\n\n","protected":false},"excerpt":{"rendered":"<p>La Conferencia Episcopal Espa\u00f1ola ha abordado este mi\u00e9rcoles la pol\u00e9mica generada por el obispo em\u00e9rito de Alcal\u00e1 de Henares, Juan Antonio Reig Pla, en las que asociaba la discapacidad con \u201cel pecado y el desorden de la naturaleza\u201d. La conferencia episcopal, sin citar a Reig Pla, ha defendido la \u201cdignidad infinita e inalienable\u201d de las &hellip;<\/p>\n","protected":false},"author":1,"featured_media":28213,"comment_status":"open","ping_status":"open","sticky":false,"template":"","format":"standard","meta":{"fifu_image_url":"https:\/\/imagenes.elpais.com\/resizer\/v2\/3G6EPK5W34PLSZSSL6UG3TGLIY.jpg?auth=cf4485765c95675ef052d7327c5afcc0679eedefb9ce6c2c34d94c4d9682eef8&width=1200","fifu_image_alt":"","footnotes":""},"categories":[11],"tags":[],"class_list":["post-28211","post","type-post","status-publish","format-standard","has-post-thumbnail","","category-viaje"],"_links":{"self":[{"href":"https:\/\/noticiasveraces.com\/index.php?rest_route=\/wp\/v2\/posts\/28211","targetHints":{"allow":["GET"]}}],"collection":[{"href":"https:\/\/noticiasveraces.com\/index.php?rest_route=\/wp\/v2\/posts"}],"about":[{"href":"https:\/\/noticiasveraces.com\/index.php?rest_route=\/wp\/v2\/types\/post"}],"author":[{"embeddable":true,"href":"https:\/\/noticiasveraces.com\/index.php?rest_route=\/wp\/v2\/users\/1"}],"replies":[{"embeddable":true,"href":"https:\/\/noticiasveraces.com\/index.php?rest_route=%2Fwp%2Fv2%2Fcomments&post=28211"}],"version-history":[{"count":0,"href":"https:\/\/noticiasveraces.com\/index.php?rest_route=\/wp\/v2\/posts\/28211\/revisions"}],"wp:featuredmedia":[{"embeddable":true,"href":"https:\/\/noticiasveraces.com\/index.php?rest_route=\/wp\/v2\/media\/28213"}],"wp:attachment":[{"href":"https:\/\/noticiasveraces.com\/index.php?rest_route=%2Fwp%2Fv2%2Fmedia&parent=28211"}],"wp:term":[{"taxonomy":"category","embeddable":true,"href":"https:\/\/noticiasveraces.com\/index.php?rest_route=%2Fwp%2Fv2%2Fcategories&post=28211"},{"taxonomy":"post_tag","embeddable":true,"href":"https:\/\/noticiasveraces.com\/index.php?rest_route=%2Fwp%2Fv2%2Ftags&post=28211"}],"curies":[{"name":"wp","href":"https:\/\/api.w.org\/{rel}","templated":true}]}}