{"id":28160,"date":"2025-05-21T06:17:40","date_gmt":"2025-05-21T10:17:40","guid":{"rendered":"https:\/\/noticiasveraces.com\/?p=28160"},"modified":"2025-05-21T06:17:40","modified_gmt":"2025-05-21T10:17:40","slug":"suicide-car-bomber-ataca-el-autobus-escolar-en-pakistan-matando-al-menos-a-5-personas","status":"publish","type":"post","link":"https:\/\/noticiasveraces.com\/?p=28160","title":{"rendered":"Suicide Car Bomber ataca el autob\u00fas escolar en Pakist\u00e1n, matando al menos a 5 personas"},"content":{"rendered":"<p> \n<\/p>\n<div>\n<p class=\"speakable\">Un bombardero suicida lleg\u00f3 a un autob\u00fas escolar en Pakist\u00e1n el mi\u00e9rcoles, matando a cinco personas, incluidas al menos tres ni\u00f1os e hiriendo a otros 38, seg\u00fan los funcionarios.<\/p>\n<p class=\"speakable\">Este es solo el \u00faltimo ataque en la provincia de Baluchist\u00e1n, que ha visto una insurgencia de larga data, con una variedad de grupos separatistas que llevan a cabo ataques, incluido el Ej\u00e9rcito de Liberaci\u00f3n de Baluchist\u00e1n, o BLA, que ha sido designado como un grupo terrorista por los Estados Unidos en 2019.<\/p>\n<p>Un comisionado adjunto local, Yasir Iqbal, dijo que el ataque el mi\u00e9rcoles ocurri\u00f3 en las afueras de la ciudad de Khuduzar mientras el autob\u00fas llevaba a los ni\u00f1os a su escuela militar en el \u00e1rea.<\/p>\n<p>Las tropas r\u00e1pidamente llegaron a la escena y acordonaron el \u00e1rea cuando las ambulancias llevaron a las v\u00edctimas a los hospitales.<\/p>\n<p><strong>Trump promete aumentar el comercio con India Pakist\u00e1n despu\u00e9s de alabar el acuerdo de alto el fuego: \u00ab\u00a1Un trabajo bien hecho!\u00bb<\/strong><\/p>\n<div class=\"image-ct inline\">\n<div class=\"m\"><picture><source media=\"(max-width: 767px)\" srcset=\"https:\/\/a57.foxnews.com\/static.foxnews.com\/foxnews.com\/content\/uploads\/2025\/05\/343\/192\/prime-minister-shehbaz-sharif.png?ve=1&amp;tl=1, https:\/\/a57.foxnews.com\/static.foxnews.com\/foxnews.com\/content\/uploads\/2025\/05\/686\/384\/prime-minister-shehbaz-sharif.png?ve=1&amp;tl=1 2x\" height=\"192\" width=\"343\"><source media=\"(min-width: 768px) and (max-width: 1023px)\" srcset=\"https:\/\/a57.foxnews.com\/static.foxnews.com\/foxnews.com\/content\/uploads\/2025\/05\/672\/378\/prime-minister-shehbaz-sharif.png?ve=1&amp;tl=1, https:\/\/a57.foxnews.com\/static.foxnews.com\/foxnews.com\/content\/uploads\/2025\/05\/1344\/756\/prime-minister-shehbaz-sharif.png?ve=1&amp;tl=1 2x\" height=\"378\" width=\"672\"><source media=\"(min-width: 1024px) and (max-width: 1279px)\" srcset=\"https:\/\/a57.foxnews.com\/static.foxnews.com\/foxnews.com\/content\/uploads\/2025\/05\/931\/523\/prime-minister-shehbaz-sharif.png?ve=1&amp;tl=1, https:\/\/a57.foxnews.com\/static.foxnews.com\/foxnews.com\/content\/uploads\/2025\/05\/1862\/1046\/prime-minister-shehbaz-sharif.png?ve=1&amp;tl=1 2x\" height=\"523\" width=\"931\"><source media=\"(min-width: 1280px)\" srcset=\"https:\/\/a57.foxnews.com\/static.foxnews.com\/foxnews.com\/content\/uploads\/2025\/05\/720\/405\/prime-minister-shehbaz-sharif.png?ve=1&amp;tl=1, https:\/\/a57.foxnews.com\/static.foxnews.com\/foxnews.com\/content\/uploads\/2025\/05\/1440\/810\/prime-minister-shehbaz-sharif.png?ve=1&amp;tl=1 2x\" height=\"405\" width=\"720\"><img loading=\"lazy\" decoding=\"async\" src=\"https:\/\/a57.foxnews.com\/static.foxnews.com\/foxnews.com\/content\/uploads\/2025\/05\/1200\/675\/prime-minister-shehbaz-sharif.png?ve=1&amp;tl=1\" alt=\"El primer ministro de Pakist\u00e1n, Shehbaz Sharif,\" width=\"1200\" height=\"675\"\/><\/source><\/source><\/source><\/source><\/picture><\/div>\n<div class=\"info\">\n<div class=\"caption\">\n<p><span>El primer ministro de Pakist\u00e1n, Shehbaz Sharif, habla durante la sesi\u00f3n plenaria de la Cumbre SCO, 4 de julio de 2024, en Astana, Kazajst\u00e1n.<\/span> <span>(Getty Images)<\/span><\/p>\n<\/div>\n<\/div>\n<\/div>\n<p>Ning\u00fan grupo inmediatamente se atribuy\u00f3 la responsabilidad del ataque, pero es probable que se culpen a los separatistas \u00e9tnicos de Baloch, que con frecuencia se dirigen a las fuerzas de seguridad y a los civiles en la regi\u00f3n.<\/p>\n<p>El ministro interior de Pakist\u00e1n, Mohsin Naqvi, conden\u00f3 fuertemente el ataque y expres\u00f3 su profunda tristeza despu\u00e9s de la muerte de los ni\u00f1os. Tambi\u00e9n dijo que los atacantes son \u00abbestias\u00bb que no merecen indulgencia y que cometieron un acto de \u00abpura barbarie al atacar a ni\u00f1os inocentes\u00bb.<\/p>\n<p>Inicialmente, las autoridades informaron que cuatro ni\u00f1os fueron asesinados, pero luego cambiaron el n\u00famero de muertos para decir que dos adultos estaban entre los muertos. El n\u00famero de muertos puede aumentar, ya que varios ni\u00f1os fueron enumerados en estado cr\u00edtico.<\/p>\n<p><strong><u>Dentro del esfuerzo de la Casa Blanca para tirar de la India, Pakist\u00e1n regresa desde el borde de la guerra<\/u><\/strong><\/p>\n<div class=\"image-ct inline\">\n<div class=\"m\"><picture><source media=\"(max-width: 767px)\" srcset=\"https:\/\/a57.foxnews.com\/static.foxnews.com\/foxnews.com\/content\/uploads\/2025\/05\/343\/192\/pakpm.png?ve=1&amp;tl=1, https:\/\/a57.foxnews.com\/static.foxnews.com\/foxnews.com\/content\/uploads\/2025\/05\/686\/384\/pakpm.png?ve=1&amp;tl=1 2x\" height=\"192\" width=\"343\"><source media=\"(min-width: 768px) and (max-width: 1023px)\" srcset=\"https:\/\/a57.foxnews.com\/static.foxnews.com\/foxnews.com\/content\/uploads\/2025\/05\/672\/378\/pakpm.png?ve=1&amp;tl=1, https:\/\/a57.foxnews.com\/static.foxnews.com\/foxnews.com\/content\/uploads\/2025\/05\/1344\/756\/pakpm.png?ve=1&amp;tl=1 2x\" height=\"378\" width=\"672\"><source media=\"(min-width: 1024px) and (max-width: 1279px)\" srcset=\"https:\/\/a57.foxnews.com\/static.foxnews.com\/foxnews.com\/content\/uploads\/2025\/05\/931\/523\/pakpm.png?ve=1&amp;tl=1, https:\/\/a57.foxnews.com\/static.foxnews.com\/foxnews.com\/content\/uploads\/2025\/05\/1862\/1046\/pakpm.png?ve=1&amp;tl=1 2x\" height=\"523\" width=\"931\"><source media=\"(min-width: 1280px)\" srcset=\"https:\/\/a57.foxnews.com\/static.foxnews.com\/foxnews.com\/content\/uploads\/2025\/05\/720\/405\/pakpm.png?ve=1&amp;tl=1, https:\/\/a57.foxnews.com\/static.foxnews.com\/foxnews.com\/content\/uploads\/2025\/05\/1440\/810\/pakpm.png?ve=1&amp;tl=1 2x\" height=\"405\" width=\"720\"><img loading=\"lazy\" decoding=\"async\" src=\"https:\/\/a57.foxnews.com\/static.foxnews.com\/foxnews.com\/content\/uploads\/2025\/05\/1200\/675\/pakpm.png?ve=1&amp;tl=1\" alt=\"Shehbaz Sharif\" width=\"1200\" height=\"675\"\/><\/source><\/source><\/source><\/source><\/picture><\/div>\n<div class=\"info\">\n<div class=\"caption\">\n<p><span>El primer ministro de Pakist\u00e1n, Shehbaz Sharif, preside la reuni\u00f3n del Comit\u00e9 de Seguridad Nacional, en Islamabad, Pakist\u00e1n, jueves 24 de abril de 2025.<\/span> <span>(AP)<\/span><\/p>\n<\/div>\n<\/div>\n<\/div>\n<p>El ej\u00e9rcito afirm\u00f3 que el bombardeo era \u00abotro ataque cobarde y horrible\u00bb supuestamente planeado por la vecina India y llevado a cabo por \u00absus representantes en Baluchist\u00e1n\u00bb.<\/p>\n<p>La mayor\u00eda de los ataques en la provincia son reclamados por el BLA, que Pakist\u00e1n alega que tiene la parte posterior de la India. Sin embargo, India ha negado las acusaciones.<\/p>\n<p>El primer ministro de Pakist\u00e1n, Shehbaz Sharif, expres\u00f3 sus condolencias y tambi\u00e9n atribuy\u00f3 el ataque a la India sin proporcionar evidencia.<\/p>\n<p>\u00abEl ataque a un autob\u00fas escolar por terroristas respaldados por India es una clara prueba de su hostilidad hacia la educaci\u00f3n en Baluchist\u00e1n\u00bb, dijo Sharif, dijo que el gobierno llevar\u00eda a los perpetradores ante la justicia.<\/p>\n<div class=\"image-ct inline\">\n<div class=\"m\"><picture><source media=\"(max-width: 767px)\" srcset=\"https:\/\/a57.foxnews.com\/static.foxnews.com\/foxnews.com\/content\/uploads\/2024\/05\/343\/192\/Pakistan-4.png?ve=1&amp;tl=1, https:\/\/a57.foxnews.com\/static.foxnews.com\/foxnews.com\/content\/uploads\/2024\/05\/686\/384\/Pakistan-4.png?ve=1&amp;tl=1 2x\" height=\"192\" width=\"343\"><source media=\"(min-width: 768px) and (max-width: 1023px)\" srcset=\"https:\/\/a57.foxnews.com\/static.foxnews.com\/foxnews.com\/content\/uploads\/2024\/05\/672\/378\/Pakistan-4.png?ve=1&amp;tl=1, https:\/\/a57.foxnews.com\/static.foxnews.com\/foxnews.com\/content\/uploads\/2024\/05\/1344\/756\/Pakistan-4.png?ve=1&amp;tl=1 2x\" height=\"378\" width=\"672\"><source media=\"(min-width: 1024px) and (max-width: 1279px)\" srcset=\"https:\/\/a57.foxnews.com\/static.foxnews.com\/foxnews.com\/content\/uploads\/2024\/05\/931\/523\/Pakistan-4.png?ve=1&amp;tl=1, https:\/\/a57.foxnews.com\/static.foxnews.com\/foxnews.com\/content\/uploads\/2024\/05\/1862\/1046\/Pakistan-4.png?ve=1&amp;tl=1 2x\" height=\"523\" width=\"931\"><source media=\"(min-width: 1280px)\" srcset=\"https:\/\/a57.foxnews.com\/static.foxnews.com\/foxnews.com\/content\/uploads\/2024\/05\/720\/405\/Pakistan-4.png?ve=1&amp;tl=1, https:\/\/a57.foxnews.com\/static.foxnews.com\/foxnews.com\/content\/uploads\/2024\/05\/1440\/810\/Pakistan-4.png?ve=1&amp;tl=1 2x\" height=\"405\" width=\"720\"><img loading=\"lazy\" decoding=\"async\" src=\"https:\/\/a57.foxnews.com\/static.foxnews.com\/foxnews.com\/content\/uploads\/2024\/05\/1200\/675\/Pakistan-4.png?ve=1&amp;tl=1\" alt=\"Mapa de Pakist\u00e1n\" width=\"1200\" height=\"675\"\/><\/source><\/source><\/source><\/source><\/picture><\/div>\n<div class=\"info\">\n<div class=\"caption\">\n<p><span>Este es un mapa de localizaci\u00f3n para Pakist\u00e1n con su capital, Islamabad y la regi\u00f3n de Cachemira.<\/span> <span>(AP)<\/span><\/p>\n<\/div>\n<\/div>\n<\/div>\n<p><strong><u>Haga clic aqu\u00ed para obtener la aplicaci\u00f3n Fox News<\/u><\/strong><\/p>\n<p>Los funcionarios paquistan\u00edes acusan regularmente a la India de violencia en su pa\u00eds. Las acusaciones se han intensificado en medio de tensiones elevadas entre los dos pa\u00edses durante una escalada transfronteriza desde el mes pasado sobre la disputada regi\u00f3n del Himalaya de Cachemira. Ambos pa\u00edses gobiernan parte de Cachemira pero reclaman el control total.<\/p>\n<p>La escalada provoc\u00f3 temores de una guerra m\u00e1s amplia, y el BLA durante este tiempo apel\u00f3 a la India para obtener apoyo, aunque India no ha comentado sobre la apelaci\u00f3n.<\/p>\n<p><i>Associated Press contribuy\u00f3 a este informe.<\/i><\/p>\n<p> <!----> <\/div>\n\n","protected":false},"excerpt":{"rendered":"<p>Un bombardero suicida lleg\u00f3 a un autob\u00fas escolar en Pakist\u00e1n el mi\u00e9rcoles, matando a cinco personas, incluidas al menos tres ni\u00f1os e hiriendo a otros 38, seg\u00fan los funcionarios. Este es solo el \u00faltimo ataque en la provincia de Baluchist\u00e1n, que ha visto una insurgencia de larga data, con una variedad de grupos separatistas que &hellip;<\/p>\n","protected":false},"author":1,"featured_media":28162,"comment_status":"open","ping_status":"open","sticky":false,"template":"","format":"standard","meta":{"fifu_image_url":"https:\/\/static.foxnews.com\/foxnews.com\/content\/uploads\/2025\/05\/prime-minister-shehbaz-sharif.png","fifu_image_alt":"","footnotes":""},"categories":[13],"tags":[],"class_list":["post-28160","post","type-post","status-publish","format-standard","has-post-thumbnail","","category-mundo"],"_links":{"self":[{"href":"https:\/\/noticiasveraces.com\/index.php?rest_route=\/wp\/v2\/posts\/28160","targetHints":{"allow":["GET"]}}],"collection":[{"href":"https:\/\/noticiasveraces.com\/index.php?rest_route=\/wp\/v2\/posts"}],"about":[{"href":"https:\/\/noticiasveraces.com\/index.php?rest_route=\/wp\/v2\/types\/post"}],"author":[{"embeddable":true,"href":"https:\/\/noticiasveraces.com\/index.php?rest_route=\/wp\/v2\/users\/1"}],"replies":[{"embeddable":true,"href":"https:\/\/noticiasveraces.com\/index.php?rest_route=%2Fwp%2Fv2%2Fcomments&post=28160"}],"version-history":[{"count":0,"href":"https:\/\/noticiasveraces.com\/index.php?rest_route=\/wp\/v2\/posts\/28160\/revisions"}],"wp:featuredmedia":[{"embeddable":true,"href":"https:\/\/noticiasveraces.com\/index.php?rest_route=\/wp\/v2\/media\/28162"}],"wp:attachment":[{"href":"https:\/\/noticiasveraces.com\/index.php?rest_route=%2Fwp%2Fv2%2Fmedia&parent=28160"}],"wp:term":[{"taxonomy":"category","embeddable":true,"href":"https:\/\/noticiasveraces.com\/index.php?rest_route=%2Fwp%2Fv2%2Fcategories&post=28160"},{"taxonomy":"post_tag","embeddable":true,"href":"https:\/\/noticiasveraces.com\/index.php?rest_route=%2Fwp%2Fv2%2Ftags&post=28160"}],"curies":[{"name":"wp","href":"https:\/\/api.w.org\/{rel}","templated":true}]}}