{"id":28144,"date":"2025-05-21T05:15:41","date_gmt":"2025-05-21T09:15:41","guid":{"rendered":"https:\/\/noticiasveraces.com\/?p=28144"},"modified":"2025-05-21T05:15:41","modified_gmt":"2025-05-21T09:15:41","slug":"sabios-preven-crecimiento-del-00-en-alemania-para-2025-dw-21-05-2025","status":"publish","type":"post","link":"https:\/\/noticiasveraces.com\/?p=28144","title":{"rendered":"\u00abSabios\u00bb prev\u00e9n crecimiento del 0,0 % en Alemania para 2025 \u2013 DW \u2013 21\/05\/2025"},"content":{"rendered":"<p> \n<\/p>\n<div>\n<p>El Consejo Asesor de Economistas del Gobierno de Alemania volvi\u00f3 a rebajar sus previsiones econ\u00f3micas para este a\u00f1o.<\/p>\n<p>Los expertos econ\u00f3micos, conocidos como \u00ablos cinco sabios\u00bb, hab\u00edan pronosticado en oto\u00f1o un ligero crecimiento del 0,4 por ciento pero auguran ahora un estancamiento. <\/p>\n<p>En su informe de primavera presentado este\u00a0mi\u00e9rcoles, las tres economistas y los dos economistas se\u00f1alan entre las causas, principalmente, los efectos de la pol\u00edtica arancelaria estadounidense.<\/p>\n<h2>2025 y 2026, a la sombra de Trump y del nuevo Gobierno alem\u00e1n<\/h2>\n<p>\u00abEn el futuro pr\u00f3ximo la econom\u00eda alemana estar\u00e1 influida por dos factores fundamentales, la pol\u00edtica comercial de Donald Trump y la pol\u00edtica fiscal de la gran coalici\u00f3n\u00bb, dijo en Berl\u00edn la presidenta del grupo, Monika Schnitzer, durante la presentaci\u00f3n del informe.<\/p>\n<p>Estos economistas esperan impulsos de la pol\u00edtica fiscal, lo que explica la expectativa de que el a\u00f1o pr\u00f3ximo se vuelva a la senda de crecimiento.<\/p>\n<p>Para 2026 los \u00absabios\u00bb esperan un crecimiento del 1,0 %. La inflaci\u00f3n, seg\u00fan los expertos, se situar\u00e1 en este a\u00f1o 2025 en 2,1 % y en el a\u00f1o pr\u00f3ximo en el 2,0 %.<\/p>\n<p>Los aranceles del presidente estadounidense Donald Trump, sin embargo, afectan especialmente a la econom\u00eda alemana por su tradicional vocaci\u00f3n exportadora, por lo que en el pron\u00f3stico hay un margen de inseguridad.<\/p>\n<p>RML (AFP, DPA, Reuters, Efe)<\/p>\n<\/div>\n\n","protected":false},"excerpt":{"rendered":"<p>El Consejo Asesor de Economistas del Gobierno de Alemania volvi\u00f3 a rebajar sus previsiones econ\u00f3micas para este a\u00f1o. Los expertos econ\u00f3micos, conocidos como \u00ablos cinco sabios\u00bb, hab\u00edan pronosticado en oto\u00f1o un ligero crecimiento del 0,4 por ciento pero auguran ahora un estancamiento. En su informe de primavera presentado este\u00a0mi\u00e9rcoles, las tres economistas y los dos &hellip;<\/p>\n","protected":false},"author":1,"featured_media":28145,"comment_status":"open","ping_status":"open","sticky":false,"template":"","format":"standard","meta":{"fifu_image_url":"https:\/\/static.dw.com\/image\/72250031_6.jpg","fifu_image_alt":"","footnotes":""},"categories":[13],"tags":[],"class_list":["post-28144","post","type-post","status-publish","format-standard","has-post-thumbnail","","category-mundo"],"_links":{"self":[{"href":"https:\/\/noticiasveraces.com\/index.php?rest_route=\/wp\/v2\/posts\/28144","targetHints":{"allow":["GET"]}}],"collection":[{"href":"https:\/\/noticiasveraces.com\/index.php?rest_route=\/wp\/v2\/posts"}],"about":[{"href":"https:\/\/noticiasveraces.com\/index.php?rest_route=\/wp\/v2\/types\/post"}],"author":[{"embeddable":true,"href":"https:\/\/noticiasveraces.com\/index.php?rest_route=\/wp\/v2\/users\/1"}],"replies":[{"embeddable":true,"href":"https:\/\/noticiasveraces.com\/index.php?rest_route=%2Fwp%2Fv2%2Fcomments&post=28144"}],"version-history":[{"count":0,"href":"https:\/\/noticiasveraces.com\/index.php?rest_route=\/wp\/v2\/posts\/28144\/revisions"}],"wp:featuredmedia":[{"embeddable":true,"href":"https:\/\/noticiasveraces.com\/index.php?rest_route=\/wp\/v2\/media\/28145"}],"wp:attachment":[{"href":"https:\/\/noticiasveraces.com\/index.php?rest_route=%2Fwp%2Fv2%2Fmedia&parent=28144"}],"wp:term":[{"taxonomy":"category","embeddable":true,"href":"https:\/\/noticiasveraces.com\/index.php?rest_route=%2Fwp%2Fv2%2Fcategories&post=28144"},{"taxonomy":"post_tag","embeddable":true,"href":"https:\/\/noticiasveraces.com\/index.php?rest_route=%2Fwp%2Fv2%2Ftags&post=28144"}],"curies":[{"name":"wp","href":"https:\/\/api.w.org\/{rel}","templated":true}]}}