{"id":28111,"date":"2025-05-20T23:53:30","date_gmt":"2025-05-21T03:53:30","guid":{"rendered":"https:\/\/noticiasveraces.com\/?p=28111"},"modified":"2025-05-20T23:53:30","modified_gmt":"2025-05-21T03:53:30","slug":"asi-exploto-entrenador-de-tottenham-hotspur-antes-de-la-final-de-europa-league-no-soy-un-payaso-curiosidades-de-futbol","status":"publish","type":"post","link":"https:\/\/noticiasveraces.com\/?p=28111","title":{"rendered":"As\u00ed explot\u00f3 entrenador de Tottenham Hotspur antes de la final de Europa League: no soy un payaso | Curiosidades de f\u00fatbol"},"content":{"rendered":"<p> \n<br \/><img decoding=\"async\" src=\"https:\/\/www.futbolred.com\/files\/article_graphic\/uploads\/2025\/05\/20\/682d3781a6343.jpeg\" \/><\/p>\n<div id=\"cuerpoArticulo\">\n<p class=\"texto intro\" id=\"p246372-m803-802-804\"><b>Tottenham Hotspur<\/b> sue\u00f1a con coronarse campe\u00f3n de la <b>UEFA Europa League<\/b> este mi\u00e9rcoles, cuando enfrente a <b>Manchester United en la gran final<\/b>que se disputar\u00e1 en el estadio San Mam\u00e9s de Bilbao, Espa\u00f1a.<\/p>\n<p>Loss <i>&#8216;espuelas&#8217;<\/i> ganaron el primer t\u00edtulo de esta competici\u00f3n, en 1972 cuando se llamaba Copa UEFA. Tambi\u00e9n se coronaron en 1984, pero ya son 41 a\u00f1os sin t\u00edtulos y por eso esperan romper la racha y hacer historia.<\/p>\n<p>Antes de la gran final, habl\u00f3 el entrenador <b>Ange postcoglou<\/b>quien explot\u00f3 y entreg\u00f3 una declaraci\u00f3n que caus\u00f3 revuelo en Inglaterra.<\/p>\n<p class=\"texto contenido-parrafo-articulo\" id=\"p246372-m840-3-841\">En medio de la rueda de prensa, previa a la final, el turno de preguntar fue para Dan Kilpatrick, periodista del <i>Est\u00e1ndar nocturno<\/i>quien indag\u00f3 sobre la sensaci\u00f3n del entrenador australiano de estar en la delgada l\u00ednea entre la infamia y la posibilidad de hacer historia.<\/p>\n<p>Y es que si Tottenham sale campe\u00f3n de la Europa League, esta campa\u00f1a entrar\u00e1 en las m\u00e1s recordadas de la afici\u00f3n; pero si la pierde, ser\u00e1 se\u00f1alada como una de las m\u00e1s malas de los \u00faltimos a\u00f1os, pues en la Premier League los <i>&#8216;espuelas&#8217;<\/i> son decimos\u00e9ptimos, apenas un puesto arriba de los equipos que descendieron.<\/p>\n<p>As\u00ed, Postecoglou reaccion\u00f3 y coment\u00f3: \u201cEso depende de tu perspectiva, pero te dir\u00e9 una cosa: <b>independientemente de lo que pase ma\u00f1ana [mi\u00e9rcoles]no soy un payaso, nunca lo ser\u00e9<\/b>Amigo \u00ab. <\/p>\n<p>El entrenador de Tottenham a\u00f1adi\u00f3: \u201cY <b>deber\u00edas estar muy decepcionado de usar esa terminolog\u00eda para alguien que durante 26 a\u00f1os y sin el favor de nadie se ha ganado la vida hasta llegar a liderar un club en una gran competici\u00f3n europea<\/b>y para que sugieras que de alguna manera nuestro fracaso significa que soy un payaso. No s\u00e9 muy bien c\u00f3mo responder a esa pregunta\u201d.<\/p>\n<div id=\"p246372-m846-4-847\" class=\"\">\n<blockquote class=\"twitter-tweet\" data-media-max-width=\"560\">\n<p lang=\"es\" dir=\"ltr\">\u00abTE DIR\u00c9 ALGO: NO SOY UN PAYASO&#8230;\u00bb <\/p>\n<p>\ud83d\ude31 La picante respuesta de Ange Postecoglou tras ser consultado por la temporada del Tottenham, que puede terminar demasiado bien&#8230; o demasiado mal <a href=\"https:\/\/t.co\/v3QgHaaGFE\">pic.twitter.com\/v3qghaagfe<\/a><\/p>\n<p>&#8211; SportsCenter (@sc_espn) <a href=\"https:\/\/twitter.com\/SC_ESPN\/status\/1924993131453305216?ref_src=twsrc%5Etfw\">21 de mayo de 2025<\/a><\/p><\/blockquote><\/div>\n<p class=\"texto contenido-parrafo-articulo\" id=\"p246372-m871-6-872\"><b>\u00bfPor qu\u00e9 explot\u00f3 Postecoglou con el periodista?<\/b> La explicaci\u00f3n a la reacci\u00f3n del t\u00e9cnico de los <i>&#8216;espuelas&#8217;<\/i> tiene un contexto: Kilpatrick hab\u00eda publicado una columna de opini\u00f3n este mismo martes, en la que mencion\u00f3 que Postecoglou estaba \u201ctambale\u00e1ndose entre h\u00e9roe y payaso\u201d antes de la final del mi\u00e9rcoles.<\/p>\n<\/p><\/div>\n<p><script async src=\"https:\/\/platform.twitter.com\/widgets.js\" charset=\"utf-8\"><\/script><br \/>\n<br \/>\n","protected":false},"excerpt":{"rendered":"<p>Tottenham Hotspur sue\u00f1a con coronarse campe\u00f3n de la UEFA Europa League este mi\u00e9rcoles, cuando enfrente a Manchester United en la gran finalque se disputar\u00e1 en el estadio San Mam\u00e9s de Bilbao, Espa\u00f1a. Loss &#8216;espuelas&#8217; ganaron el primer t\u00edtulo de esta competici\u00f3n, en 1972 cuando se llamaba Copa UEFA. Tambi\u00e9n se coronaron en 1984, pero ya &hellip;<\/p>\n","protected":false},"author":1,"featured_media":28113,"comment_status":"open","ping_status":"open","sticky":false,"template":"","format":"standard","meta":{"fifu_image_url":"https:\/\/www.futbolred.com\/files\/og_thumbnail\/uploads\/2025\/05\/20\/682d3781a6343.jpeg","fifu_image_alt":"","footnotes":""},"categories":[6],"tags":[],"class_list":["post-28111","post","type-post","status-publish","format-standard","has-post-thumbnail","","category-deportes"],"_links":{"self":[{"href":"https:\/\/noticiasveraces.com\/index.php?rest_route=\/wp\/v2\/posts\/28111","targetHints":{"allow":["GET"]}}],"collection":[{"href":"https:\/\/noticiasveraces.com\/index.php?rest_route=\/wp\/v2\/posts"}],"about":[{"href":"https:\/\/noticiasveraces.com\/index.php?rest_route=\/wp\/v2\/types\/post"}],"author":[{"embeddable":true,"href":"https:\/\/noticiasveraces.com\/index.php?rest_route=\/wp\/v2\/users\/1"}],"replies":[{"embeddable":true,"href":"https:\/\/noticiasveraces.com\/index.php?rest_route=%2Fwp%2Fv2%2Fcomments&post=28111"}],"version-history":[{"count":0,"href":"https:\/\/noticiasveraces.com\/index.php?rest_route=\/wp\/v2\/posts\/28111\/revisions"}],"wp:featuredmedia":[{"embeddable":true,"href":"https:\/\/noticiasveraces.com\/index.php?rest_route=\/wp\/v2\/media\/28113"}],"wp:attachment":[{"href":"https:\/\/noticiasveraces.com\/index.php?rest_route=%2Fwp%2Fv2%2Fmedia&parent=28111"}],"wp:term":[{"taxonomy":"category","embeddable":true,"href":"https:\/\/noticiasveraces.com\/index.php?rest_route=%2Fwp%2Fv2%2Fcategories&post=28111"},{"taxonomy":"post_tag","embeddable":true,"href":"https:\/\/noticiasveraces.com\/index.php?rest_route=%2Fwp%2Fv2%2Ftags&post=28111"}],"curies":[{"name":"wp","href":"https:\/\/api.w.org\/{rel}","templated":true}]}}