{"id":28099,"date":"2025-05-20T20:03:29","date_gmt":"2025-05-21T00:03:29","guid":{"rendered":"https:\/\/noticiasveraces.com\/?p=28099"},"modified":"2025-05-20T20:03:29","modified_gmt":"2025-05-21T00:03:29","slug":"adam-boehler-descarta-noticias-falsas-sobre-el-informe-de-trump-israel","status":"publish","type":"post","link":"https:\/\/noticiasveraces.com\/?p=28099","title":{"rendered":"Adam Boehler descarta &#8216;noticias falsas&#8217; sobre el informe de Trump-Israel"},"content":{"rendered":"<p> \n<\/p>\n<div>\n<p class=\"speakable\"><strong>Primero en Fox:<\/strong> En una entrevista exclusiva con Fox News Digital en la conferencia anual de Jerusal\u00e9n en Nueva York, el enviado especial de la respuesta de rehenes Adam Boehler respondi\u00f3 a un informe del Washington Post que afirm\u00f3 que el presidente Donald Trump amenaz\u00f3 con abandonar a Israel a menos que la guerra terminara como \u00abnoticias falsas\u00bb. <\/p>\n<p class=\"speakable\">\u00abEso me parece una noticia falsa\u00bb, dijo. \u00abCreo que el presidente ha mantenido un gran grado de apoyo para Israel\u00bb. Agreg\u00f3: \u00abPuede estar diciendo: &#8216;Oye, escuche, tratemos de poner fin a la guerra&#8217;, podr\u00eda hablar con fuerza, pero creo que el presidente estadounidense, en particular, el apoyo de este presidente, el apoyo del presidente Trump a Israel es Ironclad\u00bb.<\/p>\n<p>Por separado, el embajador de los Estados Unidos en Israel Mike Huckabee tambi\u00e9n rechaz\u00f3 el reclamo. En una entrevista con Ynet de Israel, dijo: \u00abSus informes no tienen sentido. Necesitan escuchar lo que dice el presidente, no lo que alguna &#8216;fuente&#8217; desinformada finge saber &#8216;\u00bb.<\/p>\n<p><strong>El embajador israel\u00ed se arremende en la declaraci\u00f3n oficial de la ONU, Condemns UK, Francia, Canad\u00e1.<\/strong><\/p>\n<div class=\"image-ct inline\">\n<div class=\"m\"><picture><source media=\"(max-width: 767px)\" srcset=\"https:\/\/a57.foxnews.com\/static.foxnews.com\/foxnews.com\/content\/uploads\/2025\/05\/343\/192\/adam-boehler_3-scaled.jpg?ve=1&amp;tl=1, https:\/\/a57.foxnews.com\/static.foxnews.com\/foxnews.com\/content\/uploads\/2025\/05\/686\/384\/adam-boehler_3-scaled.jpg?ve=1&amp;tl=1 2x\" height=\"192\" width=\"343\"><source media=\"(min-width: 768px) and (max-width: 1023px)\" srcset=\"https:\/\/a57.foxnews.com\/static.foxnews.com\/foxnews.com\/content\/uploads\/2025\/05\/672\/378\/adam-boehler_3-scaled.jpg?ve=1&amp;tl=1, https:\/\/a57.foxnews.com\/static.foxnews.com\/foxnews.com\/content\/uploads\/2025\/05\/1344\/756\/adam-boehler_3-scaled.jpg?ve=1&amp;tl=1 2x\" height=\"378\" width=\"672\"><source media=\"(min-width: 1024px) and (max-width: 1279px)\" srcset=\"https:\/\/a57.foxnews.com\/static.foxnews.com\/foxnews.com\/content\/uploads\/2025\/05\/931\/523\/adam-boehler_3-scaled.jpg?ve=1&amp;tl=1, https:\/\/a57.foxnews.com\/static.foxnews.com\/foxnews.com\/content\/uploads\/2025\/05\/1862\/1046\/adam-boehler_3-scaled.jpg?ve=1&amp;tl=1 2x\" height=\"523\" width=\"931\"><source media=\"(min-width: 1280px)\" srcset=\"https:\/\/a57.foxnews.com\/static.foxnews.com\/foxnews.com\/content\/uploads\/2025\/05\/720\/405\/adam-boehler_3-scaled.jpg?ve=1&amp;tl=1, https:\/\/a57.foxnews.com\/static.foxnews.com\/foxnews.com\/content\/uploads\/2025\/05\/1440\/810\/adam-boehler_3-scaled.jpg?ve=1&amp;tl=1 2x\" height=\"405\" width=\"720\"><img loading=\"lazy\" decoding=\"async\" src=\"https:\/\/a57.foxnews.com\/static.foxnews.com\/foxnews.com\/content\/uploads\/2025\/05\/1200\/675\/adam-boehler_3-scaled.jpg?ve=1&amp;tl=1\" alt=\"Enviado especial de los Estados Unidos para la respuesta de rehenes Adam Boehler habl\u00f3 en la conferencia anual de Jerusal\u00e9n Post en la ciudad de Nueva York el lunes 19 de mayo, cuando dijo que un acuerdo para devolver a los rehenes israel\u00edes es &quot;M\u00e1s cerca de lo que nunca estuvimos.&quot;\" width=\"1200\" height=\"675\"\/><\/source><\/source><\/source><\/source><\/picture><\/div>\n<div class=\"info\">\n<div class=\"caption\">\n<p><span>El enviado especial de los Estados Unidos para la respuesta de los rehenes Adam Boehler habl\u00f3 en la conferencia anual de Jerusal\u00e9n Post en la ciudad de Nueva York el lunes 19 de mayo, cuando dijo que un acuerdo para devolver a los rehenes israel\u00edes es \u00abm\u00e1s cercano que nosotros\u00bb.<\/span> <span>(Cr\u00e9dito: Marc Israel Sellem\/The Jerusalem Post)<\/span><\/p>\n<\/div>\n<\/div>\n<\/div>\n<p>Boehler enfatiz\u00f3 que el enfoque principal del gobierno de EE. UU. Se mantiene en asegurar la liberaci\u00f3n de los 58 rehenes que a\u00fan tienen Hamas. \u00abCreo que obviamente se contin\u00faa de un lado a otro. El presidente dej\u00f3 muy claro que quiere que algo llegue a la conclusi\u00f3n\u00bb.<\/p>\n<p>\u00abS\u00e9 que \u00e9l y Steve [Witkoff] est\u00e1n trabajando muy duro en este momento para tratar de traer eso a casa. Entonces, una situaci\u00f3n muy fluida, pero nuestro enfoque principal es el n\u00famero uno, los rehenes y el n\u00famero dos, la seguridad de Israel \u00ab, dijo.<\/p>\n<p>En la crisis humanitaria en Gaza, Boehler abord\u00f3 el reciente desarrollo de las fronteras de apertura para permitir que los camiones de ayuda se encuentren en Gaza despu\u00e9s de dos meses de un bloqueo. Tambi\u00e9n discuti\u00f3 el nuevo mecanismo respaldado por Estados Unidos que podr\u00eda reemplazar la agencia de alivio y obras de las Naciones Unidas para los Refugiados Palestina (UNRWA). <\/p>\n<p>\u00abTal vez sea necesario que haya un reemplazo para UNRWA. Hemos tenido muchos problemas con la ONU y si esto funciona, si obtiene comida a la gente palestina que la necesita, entonces lo favorezco enormemente\u00bb, dijo Boehler.<\/p>\n<p>M\u00e1s tarde, en una entrevista en el escenario de la conferencia de Jerusal\u00e9n, Boehler record\u00f3 los tensos momentos que rodearon el lanzamiento del soldado estadounidense-israel\u00ed Edan Alexander. \u00abEs un momento incre\u00edble. Fue un momento incre\u00edble el domingo. Todo el tiempo, no pudimos dormir. Fue emocionante, estresante. Steve y todos \u00ab.<\/p>\n<p><strong>Israel convierte las tablas en la ONU oficial que reclama &#8216;genocidio&#8217; en Gaza con preguntas b\u00e1sicas<\/strong><\/p>\n<div class=\"image-ct inline\">\n<div class=\"m\"><picture><source media=\"(max-width: 767px)\" srcset=\"https:\/\/a57.foxnews.com\/static.foxnews.com\/foxnews.com\/content\/uploads\/2025\/05\/343\/192\/boehler-witkoff-and-hostages-families.jpg?ve=1&amp;tl=1, https:\/\/a57.foxnews.com\/static.foxnews.com\/foxnews.com\/content\/uploads\/2025\/05\/686\/384\/boehler-witkoff-and-hostages-families.jpg?ve=1&amp;tl=1 2x\" height=\"192\" width=\"343\"><source media=\"(min-width: 768px) and (max-width: 1023px)\" srcset=\"https:\/\/a57.foxnews.com\/static.foxnews.com\/foxnews.com\/content\/uploads\/2025\/05\/672\/378\/boehler-witkoff-and-hostages-families.jpg?ve=1&amp;tl=1, https:\/\/a57.foxnews.com\/static.foxnews.com\/foxnews.com\/content\/uploads\/2025\/05\/1344\/756\/boehler-witkoff-and-hostages-families.jpg?ve=1&amp;tl=1 2x\" height=\"378\" width=\"672\"><source media=\"(min-width: 1024px) and (max-width: 1279px)\" srcset=\"https:\/\/a57.foxnews.com\/static.foxnews.com\/foxnews.com\/content\/uploads\/2025\/05\/931\/523\/boehler-witkoff-and-hostages-families.jpg?ve=1&amp;tl=1, https:\/\/a57.foxnews.com\/static.foxnews.com\/foxnews.com\/content\/uploads\/2025\/05\/1862\/1046\/boehler-witkoff-and-hostages-families.jpg?ve=1&amp;tl=1 2x\" height=\"523\" width=\"931\"><source media=\"(min-width: 1280px)\" srcset=\"https:\/\/a57.foxnews.com\/static.foxnews.com\/foxnews.com\/content\/uploads\/2025\/05\/720\/405\/boehler-witkoff-and-hostages-families.jpg?ve=1&amp;tl=1, https:\/\/a57.foxnews.com\/static.foxnews.com\/foxnews.com\/content\/uploads\/2025\/05\/1440\/810\/boehler-witkoff-and-hostages-families.jpg?ve=1&amp;tl=1 2x\" height=\"405\" width=\"720\"><img loading=\"lazy\" decoding=\"async\" src=\"https:\/\/a57.foxnews.com\/static.foxnews.com\/foxnews.com\/content\/uploads\/2025\/05\/1200\/675\/boehler-witkoff-and-hostages-families.jpg?ve=1&amp;tl=1\" alt=\"Adam Boehler y Steve Witkoff con las familias de los rehenes\" width=\"1200\" height=\"675\"\/><\/source><\/source><\/source><\/source><\/picture><\/div>\n<div class=\"info\">\n<div class=\"caption\">\n<p><span>El enviado especial de los Estados Unidos Adam Boehler y el enviado especial de los Estados Unidos al Medio Oriente Steve Witkoff se reunieron con las familias de los rehenes durante casi dos horas en Tel Aviv el martes.<\/span> <span>(Paulina Patimer)<\/span><\/p>\n<\/div>\n<\/div>\n<\/div>\n<p>En cuanto al plazo del acuerdo de rehenes, Boehler expres\u00f3 un optimismo cauteloso: \u00abCreo que se est\u00e1 acercando cada vez m\u00e1s para llegar a un acuerdo aqu\u00ed. Si Hamas quiere presentarse y hacer una oferta leg\u00edtima, est\u00e1n dispuestos a quedarse y liberar rehenes, siempre estamos abiertos a eso\u00bb. <\/p>\n<p>Tambi\u00e9n acredit\u00f3 las recientes operaciones del terreno israel\u00ed por aumentar la presi\u00f3n sobre Hamas, diciendo: \u00abCreo que estamos m\u00e1s cerca que nunca. Parte de eso se debe al movimiento de Israel y las FDI en el terreno\u00bb.<\/p>\n<p><strong>Haga clic aqu\u00ed para obtener la aplicaci\u00f3n Fox News<\/strong><\/p>\n<p>Finalmente, dirigi\u00e9ndose a la reciente declaraci\u00f3n conjunta de los l\u00edderes del Reino Unido, Francia y Canad\u00e1, que conden\u00f3 las operaciones militares de Israel en Gaza y pidi\u00f3 un alto el fuego inmediato, Boehler respondi\u00f3 firmemente. \u00abEstados Unidos siempre ha sido un ferviente defensor de Israel. Si yo fuera un pa\u00eds europeo, ser\u00eda particularmente sensible en la forma en que critico a Israel\u00bb.<\/p>\n<p> <!----> <\/p>\n<div class=\"article-meta\">\n<div class=\"author-bio\">\n<p>Efrat Lachter es un reportero de investigaci\u00f3n y corresponsal de guerra. Su trabajo la ha llevado a 40 pa\u00edses, incluidos Ucrania, Rusia, Irak, Siria, Sud\u00e1n y Afganist\u00e1n. Recibi\u00f3 la Comunidad para el Periodismo 2024 Knight-Wallace para periodismo. Lachter se puede seguir en x @efratlachter.<\/p>\n<\/div>\n<\/div>\n<\/div>\n\n","protected":false},"excerpt":{"rendered":"<p>Primero en Fox: En una entrevista exclusiva con Fox News Digital en la conferencia anual de Jerusal\u00e9n en Nueva York, el enviado especial de la respuesta de rehenes Adam Boehler respondi\u00f3 a un informe del Washington Post que afirm\u00f3 que el presidente Donald Trump amenaz\u00f3 con abandonar a Israel a menos que la guerra terminara &hellip;<\/p>\n","protected":false},"author":1,"featured_media":28101,"comment_status":"open","ping_status":"open","sticky":false,"template":"","format":"standard","meta":{"fifu_image_url":"https:\/\/static.foxnews.com\/foxnews.com\/content\/uploads\/2025\/02\/adam-boehler-trump-hamas.png","fifu_image_alt":"","footnotes":""},"categories":[13],"tags":[],"class_list":["post-28099","post","type-post","status-publish","format-standard","has-post-thumbnail","","category-mundo"],"_links":{"self":[{"href":"https:\/\/noticiasveraces.com\/index.php?rest_route=\/wp\/v2\/posts\/28099","targetHints":{"allow":["GET"]}}],"collection":[{"href":"https:\/\/noticiasveraces.com\/index.php?rest_route=\/wp\/v2\/posts"}],"about":[{"href":"https:\/\/noticiasveraces.com\/index.php?rest_route=\/wp\/v2\/types\/post"}],"author":[{"embeddable":true,"href":"https:\/\/noticiasveraces.com\/index.php?rest_route=\/wp\/v2\/users\/1"}],"replies":[{"embeddable":true,"href":"https:\/\/noticiasveraces.com\/index.php?rest_route=%2Fwp%2Fv2%2Fcomments&post=28099"}],"version-history":[{"count":0,"href":"https:\/\/noticiasveraces.com\/index.php?rest_route=\/wp\/v2\/posts\/28099\/revisions"}],"wp:featuredmedia":[{"embeddable":true,"href":"https:\/\/noticiasveraces.com\/index.php?rest_route=\/wp\/v2\/media\/28101"}],"wp:attachment":[{"href":"https:\/\/noticiasveraces.com\/index.php?rest_route=%2Fwp%2Fv2%2Fmedia&parent=28099"}],"wp:term":[{"taxonomy":"category","embeddable":true,"href":"https:\/\/noticiasveraces.com\/index.php?rest_route=%2Fwp%2Fv2%2Fcategories&post=28099"},{"taxonomy":"post_tag","embeddable":true,"href":"https:\/\/noticiasveraces.com\/index.php?rest_route=%2Fwp%2Fv2%2Ftags&post=28099"}],"curies":[{"name":"wp","href":"https:\/\/api.w.org\/{rel}","templated":true}]}}