{"id":28091,"date":"2025-05-20T18:05:32","date_gmt":"2025-05-20T22:05:32","guid":{"rendered":"https:\/\/noticiasveraces.com\/?p=28091"},"modified":"2025-05-20T18:05:32","modified_gmt":"2025-05-20T22:05:32","slug":"andie-macdowell-de-67-anos-jura-por-este-protector-solar-de-9","status":"publish","type":"post","link":"https:\/\/noticiasveraces.com\/?p=28091","title":{"rendered":"Andie MacDowell, de 67 a\u00f1os, jura por este protector solar de \u00a3 9"},"content":{"rendered":"<p> \n<\/p>\n<div>\n<p>Andie MacDowell se ve incre\u00edble, \u00bfno? La actriz y modelo, de 67 a\u00f1os, llev\u00f3 a la 78a alfombra roja del Festival de Cine de Cannes esta semana con un vestido deslizante, pero lo que me llam\u00f3 la atenci\u00f3n fue su piel brillante y de aspecto natural.<\/p>\n<p>Ella atribuye su tez juvenil en parte a usar un protector solar de alto factor. \u00abDebido a que siempre estoy al aire libre, compro\u00e9 las cosas. Soy muy consciente de ello y trato de proteger mi piel de todos los sentidos\u00bb, dijo en una entrevista con Sheer Luxe.<\/p>\n<p>Ella usa L&#8217;Oreal Paris Revitalift Clinical Vitamin C UV Fluid SPF 50+. \u00abMe encanta la textura: es denso y realmente te cubre, pero no se ve fantasmal, ni la ves en la piel\u00bb. <\/p>\n<p data-mce-linkchecker-status=\"valid\">Los compradores que desean probar el producto por s\u00ed mismos actualmente pueden obtenerlo por menos de la mitad de precio. Al momento de escribir, cuesta \u00a3 9 en Amazon y Superdrug, por debajo de \u00a3 19.99.<\/p>\n<\/div>\n<div>\n<p>La f\u00f3rmula contiene un alto SPF y vitamina C, un antioxidante efectivo y que da un brillo. Este tipo de formulaci\u00f3n a veces puede tener una mala repetici\u00f3n para ser demasiado grasiento. Sin embargo, he probado el SPF y me pareci\u00f3 tener una textura de plumas que desapareci\u00f3 r\u00e1pidamente en mi piel, sin residuos resbaladizos.<\/p>\n<p>Las cuatro bodas y una estrella f\u00fanebre han sido embajador de Lor\u00e9al durante casi 40 a\u00f1os, pero el producto ha generado cr\u00edticas entusiastas con los compradores en el Reino Unido \u00abMe encanta que contenga SPF 50+, por lo que protege mi piel y la restauraci\u00f3n. Ya puedo ver una diferencia en el tono de mi piel, y mi maquillaje parece que dura m\u00e1s\u00bb, dijo un cliente. <\/p>\n<p>Otro dijo: \u00ab\u00a1Sigo volviendo a esto! Me encanta, le da un brillo a mi rostro sin demasiado brillo y proporciona una excelente hidrataci\u00f3n mientras protejo de los efectos nocivos del sol\u00bb.<\/p>\n<p>Sin embargo, un comprador qued\u00f3 menos impresionado: \u00abEst\u00e1 bien, parece pegar un poco incluso en la piel desnuda, as\u00ed que no estoy demasiado impresionado.<\/p>\n<\/div>\n<div>\n<p><strong>Compre m\u00e1s protectores solares SPF50<\/strong><\/p>\n<\/div>\n<div>\n<p>Andie tambi\u00e9n ha dicho que usa el suero Desfiad de la edad de Lor Duo de Lor\u00e9al. Aloja dos sueros en una bomba, que afirman abordar las l\u00edneas finas, la textura de la piel uniforme y revivir cutis opacos.<\/p>\n<\/div>\n<div>\n<p>Se une a un n\u00famero creciente de celebridades que no se disculpan por el envejecimiento en el centro de atenci\u00f3n. \u00abHay una belleza para el envejecimiento que no reconocemos. A menudo disminuimos a las mujeres porque tienen l\u00edneas o arrugas, que es el proceso normal de envejecimiento\u00bb, dijo a trav\u00e9s de su Facebook.<\/p>\n<\/div>\n<div>\n<p>\u00abEstoy muy agradecida de representar a mujeres de cierta edad\u00bb, continu\u00f3. <\/p>\n<\/div>\n\n","protected":false},"excerpt":{"rendered":"<p>Andie MacDowell se ve incre\u00edble, \u00bfno? La actriz y modelo, de 67 a\u00f1os, llev\u00f3 a la 78a alfombra roja del Festival de Cine de Cannes esta semana con un vestido deslizante, pero lo que me llam\u00f3 la atenci\u00f3n fue su piel brillante y de aspecto natural. Ella atribuye su tez juvenil en parte a usar &hellip;<\/p>\n","protected":false},"author":1,"featured_media":28092,"comment_status":"open","ping_status":"open","sticky":false,"template":"","format":"standard","meta":{"fifu_image_url":"https:\/\/cdn.images.express.co.uk\/img\/dynamic\/12\/1200x630\/6174877.jpg","fifu_image_alt":"","footnotes":""},"categories":[10],"tags":[],"class_list":["post-28091","post","type-post","status-publish","format-standard","has-post-thumbnail","","category-moda"],"_links":{"self":[{"href":"https:\/\/noticiasveraces.com\/index.php?rest_route=\/wp\/v2\/posts\/28091","targetHints":{"allow":["GET"]}}],"collection":[{"href":"https:\/\/noticiasveraces.com\/index.php?rest_route=\/wp\/v2\/posts"}],"about":[{"href":"https:\/\/noticiasveraces.com\/index.php?rest_route=\/wp\/v2\/types\/post"}],"author":[{"embeddable":true,"href":"https:\/\/noticiasveraces.com\/index.php?rest_route=\/wp\/v2\/users\/1"}],"replies":[{"embeddable":true,"href":"https:\/\/noticiasveraces.com\/index.php?rest_route=%2Fwp%2Fv2%2Fcomments&post=28091"}],"version-history":[{"count":0,"href":"https:\/\/noticiasveraces.com\/index.php?rest_route=\/wp\/v2\/posts\/28091\/revisions"}],"wp:featuredmedia":[{"embeddable":true,"href":"https:\/\/noticiasveraces.com\/index.php?rest_route=\/wp\/v2\/media\/28092"}],"wp:attachment":[{"href":"https:\/\/noticiasveraces.com\/index.php?rest_route=%2Fwp%2Fv2%2Fmedia&parent=28091"}],"wp:term":[{"taxonomy":"category","embeddable":true,"href":"https:\/\/noticiasveraces.com\/index.php?rest_route=%2Fwp%2Fv2%2Fcategories&post=28091"},{"taxonomy":"post_tag","embeddable":true,"href":"https:\/\/noticiasveraces.com\/index.php?rest_route=%2Fwp%2Fv2%2Ftags&post=28091"}],"curies":[{"name":"wp","href":"https:\/\/api.w.org\/{rel}","templated":true}]}}