{"id":28059,"date":"2025-05-20T04:40:05","date_gmt":"2025-05-20T08:40:05","guid":{"rendered":"https:\/\/noticiasveraces.com\/?p=28059"},"modified":"2025-05-20T04:40:05","modified_gmt":"2025-05-20T08:40:05","slug":"trump-invito-a-leon-xiv-a-visitar-la-casa-blanca-dw-19-05-2025","status":"publish","type":"post","link":"https:\/\/noticiasveraces.com\/?p=28059","title":{"rendered":"Trump invit\u00f3 a Le\u00f3n XIV a visitar la Casa Blanca \u2013 DW \u2013 19\/05\/2025"},"content":{"rendered":"<p> \n<\/p>\n<div>\n<p>El presidente estadounidense, Donald Trump, invit\u00f3 al papa Le\u00f3n XIV a visitar la Casa Blanca, en una carta que su vicepresidente, JD Vance, entreg\u00f3 este lunes (19.05.2025) al primer pont\u00edfice nacido en Estados Unidos. El Vaticano public\u00f3 una fotograf\u00eda del l\u00edder religioso con Vance y con el jefe de la diplomacia de la potencia norteamericana, Marco Rubio, ambos cat\u00f3licos.<\/p>\n<p>\u00abEl vicepresidente entreg\u00f3 al papa una carta del presidente y de la primera dama, expresando sus m\u00e1s c\u00e1lidos deseos e invit\u00e1ndolos a la Casa Blanca tan pronto como les sea posible\u201d, declar\u00f3 la portavoz del mandatario, Karoline Leavitt en una rueda de prensa.<\/p>\n<p>JD Vance y el secretario de Estado, Marco Rubio, asistieron a la misa de inauguraci\u00f3n del pontificado en la plaza de San Pedro del domingo y este lunes mantuvieron una audiencia privada con el papa. Durante ese encuentro, conversaron sobre las negociaciones de paz en zonas de conflicto, y Vance le regal\u00f3 a Robert Prevost, nacido en Chicago, una camiseta del equipo de f\u00fatbol americano de los Chicago Bears.<\/p>\n<h2>Cr\u00edticas en el pasado<\/h2>\n<p>Le\u00f3n XIV, de 69 a\u00f1os, ha hecho hincapi\u00e9 en la paz y se esperaba que abordara con Vance y Rubio el papel del gobierno estadounidense para intentar poner fin a la guerra entre Rusia y Ucrania. La \u00faltima visita papal a la Casa Blanca fue realizada por Francisco, antecesor de Le\u00f3n XIV, en septiembre de 2015, durante el mandato del dem\u00f3crata Barack Obama.<\/p>\n<p>Vance tambi\u00e9n se reuni\u00f3 el lunes con monse\u00f1or Paul Richard Gallagher, secretario para las relaciones con los Estados, inform\u00f3 el Vaticano en un comunicado. Ambos se felicitaron por las \u00abbuenas relaciones bilaterales\u00bb, a\u00f1adi\u00f3.<\/p>\n<p>Antes de ser papa, como cardenal u obispo, Prevost comparti\u00f3 en la red social X (Twitter) art\u00edculos que criticaban a Trump y a su vicepresidente, sobre todo por sus pol\u00edticas migratorias. Pero Vance, quien se convirti\u00f3 al catolicismo en 2019, insisti\u00f3 el domingo en que Estados Unidos est\u00e1 \u00abmuy orgulloso de \u00e9l\u00bb y lo tiene presente en sus oraciones en el comienzo de \u00abeste trabajo tan importante\u00bb al frente de la Iglesia cat\u00f3lica.<\/p>\n<p>DZC (EFE, AFP)<\/p>\n<\/div>\n\n","protected":false},"excerpt":{"rendered":"<p>El presidente estadounidense, Donald Trump, invit\u00f3 al papa Le\u00f3n XIV a visitar la Casa Blanca, en una carta que su vicepresidente, JD Vance, entreg\u00f3 este lunes (19.05.2025) al primer pont\u00edfice nacido en Estados Unidos. El Vaticano public\u00f3 una fotograf\u00eda del l\u00edder religioso con Vance y con el jefe de la diplomacia de la potencia norteamericana, &hellip;<\/p>\n","protected":false},"author":1,"featured_media":28060,"comment_status":"open","ping_status":"open","sticky":false,"template":"","format":"standard","meta":{"fifu_image_url":"https:\/\/static.dw.com\/image\/72592983_6.jpg","fifu_image_alt":"","footnotes":""},"categories":[13],"tags":[],"class_list":["post-28059","post","type-post","status-publish","format-standard","has-post-thumbnail","","category-mundo"],"_links":{"self":[{"href":"https:\/\/noticiasveraces.com\/index.php?rest_route=\/wp\/v2\/posts\/28059","targetHints":{"allow":["GET"]}}],"collection":[{"href":"https:\/\/noticiasveraces.com\/index.php?rest_route=\/wp\/v2\/posts"}],"about":[{"href":"https:\/\/noticiasveraces.com\/index.php?rest_route=\/wp\/v2\/types\/post"}],"author":[{"embeddable":true,"href":"https:\/\/noticiasveraces.com\/index.php?rest_route=\/wp\/v2\/users\/1"}],"replies":[{"embeddable":true,"href":"https:\/\/noticiasveraces.com\/index.php?rest_route=%2Fwp%2Fv2%2Fcomments&post=28059"}],"version-history":[{"count":0,"href":"https:\/\/noticiasveraces.com\/index.php?rest_route=\/wp\/v2\/posts\/28059\/revisions"}],"wp:featuredmedia":[{"embeddable":true,"href":"https:\/\/noticiasveraces.com\/index.php?rest_route=\/wp\/v2\/media\/28060"}],"wp:attachment":[{"href":"https:\/\/noticiasveraces.com\/index.php?rest_route=%2Fwp%2Fv2%2Fmedia&parent=28059"}],"wp:term":[{"taxonomy":"category","embeddable":true,"href":"https:\/\/noticiasveraces.com\/index.php?rest_route=%2Fwp%2Fv2%2Fcategories&post=28059"},{"taxonomy":"post_tag","embeddable":true,"href":"https:\/\/noticiasveraces.com\/index.php?rest_route=%2Fwp%2Fv2%2Ftags&post=28059"}],"curies":[{"name":"wp","href":"https:\/\/api.w.org\/{rel}","templated":true}]}}