{"id":28055,"date":"2025-05-20T03:17:53","date_gmt":"2025-05-20T07:17:53","guid":{"rendered":"https:\/\/noticiasveraces.com\/?p=28055"},"modified":"2025-05-20T03:17:53","modified_gmt":"2025-05-20T07:17:53","slug":"que-hay-tras-los-100-000-olivos-talados-para-plantas-solares-en-jaen-numeros-exagerados-y-rechazo-por-la-perdida-de-empleo-clima-y-medio-ambiente","status":"publish","type":"post","link":"https:\/\/noticiasveraces.com\/?p=28055","title":{"rendered":"Qu\u00e9 hay tras los \u201c100.000 olivos talados para plantas solares en Ja\u00e9n\u201d: n\u00fameros exagerados y rechazo por la p\u00e9rdida de empleo | Clima y Medio Ambiente"},"content":{"rendered":"<p> \n<\/p>\n<div data-dtm-region=\"articulo_cuerpo\">\n<p class=\"\">Muchos jiennenses han recibido estos d\u00edas un mensaje por Whatsapp alertando de que \u201cse van a expropiar 100.000 olivos centenarios en Lopera (Ja\u00e9n) para instalar plantas solares\u201c. Se refiere a siete parques que Greenalia impulsa en tres pueblos de Ja\u00e9n (Marmolejo, Arjona y Lopera). Mientras el sector de las renovables se queja de que esta cifra es una exageraci\u00f3n (ya que solo se talar\u00e1n 36.000 \u00e1rboles y la mayor\u00eda, con acuerdo) y asegura que se oculta informaci\u00f3n para enfrentar al campo con las energ\u00edas limpias, algunos olivareros rechazan las expropiaciones y se\u00f1alan que esto condena el futuro de la regi\u00f3n. <\/p>\n<p class=\"\">A pesar de la fuerte pol\u00e9mica, la Junta de Andaluc\u00eda se\u00f1ala que los propietarios de m\u00e1s del 80% del terreno han llegado un acuerdo con la promotora Greenalia, que impulsa estos parques, y que los proyectos cuentan ya con todos los permisos y declaraciones de impacto ambiental. Incluso si esa cifra exagerada fuera cierta, ese n\u00famero es el 0,14% de los 67 millones de olivos que hay en la provincia, que, por otra parte, siguen aumentando cada a\u00f1o<\/p>\n<p class=\"\">Los afectados se quejan de que se perder\u00e1n empleos en el olivar tradicional, que no es el m\u00e1s rentable pero s\u00ed el que m\u00e1s empleo genera y fija poblaci\u00f3n al medio rural. Antonio Miguel Ruiz, un olivarero de 66 a\u00f1os de Lopera, ya ha visto c\u00f3mo las m\u00e1quinas han arrasado con 600 olivos de sus fincas. \u201cMe he visto casi coaccionado y antes de que me expropien he preferido arrendarlos a las empresas promotoras por 40 a\u00f1os\u201d, se\u00f1ala Ruiz, que dice respetar a otros muchos agricultores que s\u00ed han alcanzado acuerdos de conformidad para la expropiaci\u00f3n de sus explotaciones. <\/p>\n<p class=\"\">Este olivarero va a recibir unos 3.000 euros anuales por hect\u00e1rea (hay 100 olivos por hect\u00e1rea) que, seg\u00fan apunta, es una cantidad similar a lo que le genera actualmente su explotaci\u00f3n olivarera. \u201cEl problema es que de este modo se pierden muchos jornales en el campo y se amenaza el futuro de nuestros hijos y nuestros pueblos\u201d, afirma. La cooperativa La Loperana estima en m\u00e1s de tres millones de euros las p\u00e9rdidas anuales entre los 800 socios afectados por las expropiaciones.<\/p>\n<p class=\"\">Greenalia responde que habr\u00e1 inversiones millonarias que \u201cson una oportunidad de desarrollo para Ja\u00e9n\u201d: 176 millones en los seis parques, entre los que se incluyen 7,6 millones en impuestos para los tres municipios y una media de un mill\u00f3n de euros en alquileres para los propietarios del terreno a lo largo de 25 a\u00f1os. Tambi\u00e9n 210.000 euros al a\u00f1o para un proyecto destinado a proteger al lince ib\u00e9rico y el \u00e1guila imperial. En cuanto a los empleos, calculan que ser\u00e1n 2.170 durante la construcci\u00f3n y 37 de mantenimiento en todo el periodo. Mientras, la plataforma Campi\u00f1a Norte contra las Macroplantas Solares \u2014Principal opositora a los proyectos\u2014, considera que los vecinos perder\u00e1n 2,5 millones al a\u00f1o. <\/p>\n<p class=\"\">\u201cLa gente que se forme en construcci\u00f3n de parques puede trabajar luego en otros proyectos, y los de mantenimiento no son muchos puestos, pero son bien pagados y todo el a\u00f1o\u201d, apunta Jos\u00e9 Donoso, director de la patronal fotovoltaica Unef. Y contin\u00faa: \u201cLa empresa va a pagar de 3.000 a 3.800 euros por alquiler de hect\u00e1rea, un precio r\u00e9cord, cuando la media del sector son 1.500 euros\u201d. <\/p>\n<p class=\"\">Esta patronal se\u00f1ala que la inmensa mayor\u00eda de los proyectos cuentan con acuerdos con los propietarios del suelo: \u201cNinguna comunidad te aprueba una planta si no cuentas con la gran mayor\u00eda de los propietarios a favor\u201d, dice Donoso. Sin embargo, al ser proyectos de utilidad p\u00fablica \u2014imprescindibles para la descarbonizaci\u00f3n y la independencia energ\u00e9tica de Espa\u00f1a\u2014, en algunos casos se puede recurrir a expropiaciones. \u201cNo ser\u00eda razonable frenar un proyecto de inter\u00e9s p\u00fablico por un solo propietario\u201d, dice. Ocurre igual con otras infraestructuras, como v\u00edas o estaciones de tren, carreteras o centrales el\u00e9ctricas, pero en esos casos no suele haber pol\u00e9micas.<\/p>\n<p class=\"\">La Consejer\u00eda de Industria explica a EL PA\u00cdS que en estas seis plantas \u2014la s\u00e9ptima todav\u00eda tiene que hacer modificaciones\u2014 el arrendamiento del 86% del suelo de los parques ha sido acordado de forma voluntaria entre la promotora y los propietarios, mientras que en las l\u00edneas de evacuaci\u00f3n \u2014que enlazan los parques con la red el\u00e9ctrica\u2014 el acuerdo alcanza el 80,5% de la superficie. \u201cLos olivos afectados por Declaraci\u00f3n de Utilidad P\u00fablica (DUP) rondan los 13.000 [del total de los 36.022 afectados]; en ning\u00fan caso la cifra de 100.000 olivos se ajusta a la realidad\u201d, apuntan. Adem\u00e1s, se\u00f1alan que \u201cni los propietarios de las parcelas, ni ninguno de los ayuntamientos presentaron alegaciones, y los informes ambientales han sido todos favorables\u201d. <\/p>\n<h3 class=\"\">Estrategia de extrema derecha <\/h3>\n<p class=\"\">\u201cUna de las estrategias de la extrema derecha para oponerse a las energ\u00edas verdes es hablar del n\u00famero de \u00e1rboles cortados y sobredimensionarlos. Es lo mismo que pas\u00f3 en el cl\u00faster del Maestrazgo, donde hablaron de dos millones de \u00e1rboles y al final eran 98.000, que adem\u00e1s se van a replantar\u201d, resume Pedro Fresco, autor de <i>Energyfakes: Mitos y bulos sobre la transici\u00f3n energ\u00e9tica<\/i> (Barlin), un libro que desmonta bulos sobre las renovables. En los tres pueblos jiennenses donde se ubicar\u00e1n los siete parques (Marmolejo, Arjona y Lopera) la afectaci\u00f3n prevista es de 36.022 olivos, seg\u00fan Greenalia y la Junta. <\/p>\n<p class=\"\">\u00bfQu\u00e9 tiene que ver la ultraderecha? \u201cSOS Rural sale de la Fundaci\u00f3n Ingenio, una entidad de las grandes empresas alimentarias murcianas, y que pretende liderar un movimiento agrarista muy conservador que se enfrente a las renovables\u201d, contin\u00faa Fresco. \u201cHay movimientos similares en toda Europa, impulsados por la extrema derecha, que explotan la dicotom\u00eda entre urbanitas progres y el campo que mantiene las esencias\u201d, a\u00f1ade. Un portavoz de SOS Rural, por su parte, responde que son apol\u00edticos y que se re\u00fanen con todos los grupos parlamentarios. <\/p>\n<figure class=\"a_m a_m-h \"><span class=\"_db a_m_w _pr lb_btn\"><img alt=\"Una planta solar fotovoltaica en Sevilla. \" decoding=\"auto\" class=\"_re lazyload a_m-h\" height=\"277\" srcset=\"https:\/\/imagenes.elpais.com\/resizer\/v2\/CSYZFZR6AJOHCKFE7GVACS7OB4.jpg?auth=d72bb61b5cd0e20313ab45a073735926ea3edbcf986d060b6313956b1c46a995&amp;width=414 414w,https:\/\/imagenes.elpais.com\/resizer\/v2\/CSYZFZR6AJOHCKFE7GVACS7OB4.jpg?auth=d72bb61b5cd0e20313ab45a073735926ea3edbcf986d060b6313956b1c46a995&amp;width=828 640w,https:\/\/imagenes.elpais.com\/resizer\/v2\/CSYZFZR6AJOHCKFE7GVACS7OB4.jpg?auth=d72bb61b5cd0e20313ab45a073735926ea3edbcf986d060b6313956b1c46a995&amp;width=980 1000w,https:\/\/imagenes.elpais.com\/resizer\/v2\/CSYZFZR6AJOHCKFE7GVACS7OB4.jpg?auth=d72bb61b5cd0e20313ab45a073735926ea3edbcf986d060b6313956b1c46a995&amp;width=1960 1960w\" width=\"414\" sizes=\"auto, (min-width:1199px) 1155px,(min-width:1001px) calc(100vw - 44px),(min-width:768px) 767px, 100vw\" src=\"https:\/\/imagenes.elpais.com\/resizer\/v2\/CSYZFZR6AJOHCKFE7GVACS7OB4.jpg?auth=d72bb61b5cd0e20313ab45a073735926ea3edbcf986d060b6313956b1c46a995&amp;width=414\" loading=\"lazy\"\/><svg aria-hidden=\"true\" class=\"icon_multimedia_ampliar | _pa a_m_i a_m_i-a _dn\" viewbox=\"0 0 40 40\"><use xlink:href=\"#svg-ampliar\"\/><\/svg><\/span><figcaption class=\"a_m_p\" aria-hidden=\"true\"><span>Una planta solar fotovoltaica en Sevilla. <\/span><span class=\"a_m_m\">Joaqu\u00edn Corchero (Europe Press)<\/span><\/figcaption><\/figure>\n<p class=\"\">Otra de las cr\u00edticas a los proyectos es que \u201cestas plantas van a acabar con el olivar tradicional\u201d. La Junta responde que la superficie de olivar en Ja\u00e9n se ha incrementado en 4.000 hect\u00e1reas en los \u00faltimos cinco a\u00f1os, mientras el Ministerio de Agricultura se\u00f1ala que, a nivel nacional, en 2024 las hect\u00e1reas de olivar crecieron un 1,4% hasta los 2,8 millones. \u201cSi se instalaran todas las renovables del PNIEC supondr\u00edan el 0,4% de la superficie agr\u00edcola nacional. Si la agricultura se hunde por eso tenemos un problema. Lo cierto es que la agricultura tiene muchas m\u00e1s tierras que se abandonan por no ser rentables que lo que se usa para fotovoltaica\u201d, comenta Donoso, de UNEF. <\/p>\n<p class=\"\">Una tercera cr\u00edtica es que las empresas \u201ctrocean los proyectos para que la tramitaci\u00f3n sea m\u00e1s sencilla\u201d. Un portavoz de Greenalia responde: \u201cNo es cierto, cada proyecto est\u00e1 redactado individualmente. Y es m\u00e1s garantista tener siete evaluaciones ambientales que una sola. Adem\u00e1s, el Supremo ya nos ha dado la raz\u00f3n en una sentencia sobre este tema, aunque referida a un parque e\u00f3lico en Galicia\u201d. <\/p>\n<figure class=\"a_m a_m-h \"><span class=\"_db a_m_w _pr lb_btn\"><img alt=\"Rafael Alcal\u00e1, portavoz de la plataforma Campi\u00f1a Norte de Ja\u00e9n, en una de las zonas donde se est\u00e1 proyectando la planta solar en Lopera y donde ya se han arrancado olivos.\" decoding=\"auto\" class=\"_re lazyload a_m-h\" height=\"276\" srcset=\"https:\/\/imagenes.elpais.com\/resizer\/v2\/RSDYMWGLBNGLRBDZSZ523EJMQI.jpg?auth=f0c46de913ccd901fd7d7bf6c68226b935f8b1626bab3ccaae1383a01edea90f&amp;width=414 414w,https:\/\/imagenes.elpais.com\/resizer\/v2\/RSDYMWGLBNGLRBDZSZ523EJMQI.jpg?auth=f0c46de913ccd901fd7d7bf6c68226b935f8b1626bab3ccaae1383a01edea90f&amp;width=828 640w,https:\/\/imagenes.elpais.com\/resizer\/v2\/RSDYMWGLBNGLRBDZSZ523EJMQI.jpg?auth=f0c46de913ccd901fd7d7bf6c68226b935f8b1626bab3ccaae1383a01edea90f&amp;width=980 1000w,https:\/\/imagenes.elpais.com\/resizer\/v2\/RSDYMWGLBNGLRBDZSZ523EJMQI.jpg?auth=f0c46de913ccd901fd7d7bf6c68226b935f8b1626bab3ccaae1383a01edea90f&amp;width=1960 1960w\" width=\"414\" sizes=\"auto, (min-width:1199px) 1155px,(min-width:1001px) calc(100vw - 44px),(min-width:768px) 767px, 100vw\" src=\"https:\/\/imagenes.elpais.com\/resizer\/v2\/RSDYMWGLBNGLRBDZSZ523EJMQI.jpg?auth=f0c46de913ccd901fd7d7bf6c68226b935f8b1626bab3ccaae1383a01edea90f&amp;width=414\" loading=\"lazy\"\/><svg aria-hidden=\"true\" class=\"icon_multimedia_ampliar | _pa a_m_i a_m_i-a _dn\" viewbox=\"0 0 40 40\"><use xlink:href=\"#svg-ampliar\"\/><\/svg><\/span><figcaption class=\"a_m_p\" aria-hidden=\"true\"><span>Rafael Alcal\u00e1, portavoz de la plataforma Campi\u00f1a Norte de Ja\u00e9n, en una de las zonas donde se est\u00e1 proyectando la planta solar en Lopera y donde ya se han arrancado olivos.<\/span><span class=\"a_m_m\">Jos\u00e9 Manuel Pedrosa<\/span><\/figcaption><\/figure>\n<p class=\"\">Pese a ello, algunos siguen sin estar convencidos. \u201cQueremos que se pare la masacre tan grande que van a cometer, estamos indefensos. Est\u00e1n acabando con el futuro de nuestros hijos\u201d, explica Nieves Garc\u00eda, que intenta evitar la tala de 2.000 olivos, la mayor\u00eda centenarios, que su familia lleva cultivando en Ja\u00e9n desde hace varias generaciones. Esta oleicultora ya ha recibido la notificaci\u00f3n de expropiaci\u00f3n forzosa de cultivos para instalar en sus fincas una planta solar. Ya se han arrancado en torno a 11.000 \u00e1rboles. La paradoja es que estas renovables van a ocupar parte de los terrenos que estaban llamados a su declaraci\u00f3n como Patrimonio Mundial de la Unesco, una candidatura que la Junta de Andaluc\u00eda retir\u00f3 en octubre por la oposici\u00f3n de un grupo minoritario de agricultores a la protecci\u00f3n de sus olivos. <\/p>\n<p class=\"\">Los afectados, que llevan varios meses moviliz\u00e1ndose para evitar la tala de sus olivos, han llevado el caso a los tribunales. El Juzgado de And\u00fajar (Ja\u00e9n) ha abierto diligencias penales por posibles delitos contra la flora y la fauna y prevaricaci\u00f3n ambiental interpuesta por la plataforma Campi\u00f1a Norte contra la instalaci\u00f3n de estas plantas en los municipios de Lopera, Arjona y Marmolejo. La denuncia se dirige contra las delegaciones de Econom\u00eda y Medio Ambiente de la Junta de Andaluc\u00eda en Ja\u00e9n \u2014aunque la aprobaci\u00f3n depende de Industria\u2014 y tambi\u00e9n contra las empresas promotoras de varios proyectos, Greenalia Solar Power y FRV Arroyadas<\/p>\n<p class=\"\">Las plataformas Campi\u00f1a Norte contra las Megaplantas Solares y SOS Rural han entregado en el Parlamento de Andaluc\u00eda m\u00e1s de 56.000 firmas en contra de la tala de miles de olivos para instalar en su lugar instalaciones fotovoltaicas. \u201cEsto va de salvar olivos centenarios, no de negar las renovables, queremos energ\u00eda verde pero no a cualquier precio\u201d, manifiesta Natalia Corbal\u00e1n, portavoz de SOS Rural. \u201cNo estamos en contra de las renovables, estamos en contra del modelo especulativo que destruye nuestro modo de vida y que trae la ruina a nuestros pueblos\u201d, apostilla Rafael Alcal\u00e1, de la plataforma Campi\u00f1a Norte de Ja\u00e9n y otro de los afectados.<\/p>\n<p class=\"\">Mientras, Greenalia comienza los trabajos para poner en marcha los seis parques solares, que deben estar terminados antes de junio del a\u00f1o que viene: \u201cLa tramitaci\u00f3n fue rigurosa, cont\u00f3 con los informes favorables de los tres ayuntamientos. Estamos en medio de un fuego cruzado entre unas plataformas y la Junta de Andaluc\u00eda con el que no tenemos nada que ver\u201d, dicen. <\/p>\n<\/div>\n\n","protected":false},"excerpt":{"rendered":"<p>Muchos jiennenses han recibido estos d\u00edas un mensaje por Whatsapp alertando de que \u201cse van a expropiar 100.000 olivos centenarios en Lopera (Ja\u00e9n) para instalar plantas solares\u201c. Se refiere a siete parques que Greenalia impulsa en tres pueblos de Ja\u00e9n (Marmolejo, Arjona y Lopera). Mientras el sector de las renovables se queja de que esta &hellip;<\/p>\n","protected":false},"author":1,"featured_media":28056,"comment_status":"open","ping_status":"open","sticky":false,"template":"","format":"standard","meta":{"fifu_image_url":"https:\/\/imagenes.elpais.com\/resizer\/v2\/IC364X3KQNHUFIKSYZXOP2LSU4.jpg?auth=6c18cdf367efdcfd3de9a201189a4ae2edbd5b4ac01c6a927b05a7982a41dd91&width=1200","fifu_image_alt":"","footnotes":""},"categories":[11],"tags":[],"class_list":["post-28055","post","type-post","status-publish","format-standard","has-post-thumbnail","","category-viaje"],"_links":{"self":[{"href":"https:\/\/noticiasveraces.com\/index.php?rest_route=\/wp\/v2\/posts\/28055","targetHints":{"allow":["GET"]}}],"collection":[{"href":"https:\/\/noticiasveraces.com\/index.php?rest_route=\/wp\/v2\/posts"}],"about":[{"href":"https:\/\/noticiasveraces.com\/index.php?rest_route=\/wp\/v2\/types\/post"}],"author":[{"embeddable":true,"href":"https:\/\/noticiasveraces.com\/index.php?rest_route=\/wp\/v2\/users\/1"}],"replies":[{"embeddable":true,"href":"https:\/\/noticiasveraces.com\/index.php?rest_route=%2Fwp%2Fv2%2Fcomments&post=28055"}],"version-history":[{"count":0,"href":"https:\/\/noticiasveraces.com\/index.php?rest_route=\/wp\/v2\/posts\/28055\/revisions"}],"wp:featuredmedia":[{"embeddable":true,"href":"https:\/\/noticiasveraces.com\/index.php?rest_route=\/wp\/v2\/media\/28056"}],"wp:attachment":[{"href":"https:\/\/noticiasveraces.com\/index.php?rest_route=%2Fwp%2Fv2%2Fmedia&parent=28055"}],"wp:term":[{"taxonomy":"category","embeddable":true,"href":"https:\/\/noticiasveraces.com\/index.php?rest_route=%2Fwp%2Fv2%2Fcategories&post=28055"},{"taxonomy":"post_tag","embeddable":true,"href":"https:\/\/noticiasveraces.com\/index.php?rest_route=%2Fwp%2Fv2%2Ftags&post=28055"}],"curies":[{"name":"wp","href":"https:\/\/api.w.org\/{rel}","templated":true}]}}