{"id":28039,"date":"2025-05-20T00:44:33","date_gmt":"2025-05-20T04:44:33","guid":{"rendered":"https:\/\/noticiasveraces.com\/?p=28039"},"modified":"2025-05-20T00:44:33","modified_gmt":"2025-05-20T04:44:33","slug":"amenaza-de-limpieza-etnica-en-gaza-oms-migrantes-en-mexico-las-noticias-del-lunes","status":"publish","type":"post","link":"https:\/\/noticiasveraces.com\/?p=28039","title":{"rendered":"Amenaza de limpieza \u00e9tnica en Gaza, OMS, migrantes en M\u00e9xico\u2026 Las noticias del lunes"},"content":{"rendered":"<p> \n<\/p>\n<div>\n<h2>La escalada militar de Israel puede provocar una limpieza \u00e9tnica en Gaza<\/h2>\n<p>La Oficina de Derechos Humanos advirti\u00f3 que la reciente escalada militar de Israel en Gaza plantea serias preocupaciones sobre la creaci\u00f3n de <strong>condiciones de vida incompatibles con la supervivencia de los palestinos como grupo<\/strong>lo que podr\u00eda constituir una limpieza \u00e9tnica.<\/p>\n<p>Los bombardeos mientras las personas huyen, la destrucci\u00f3n sistem\u00e1tica de vecindarios y la negaci\u00f3n de asistencia humanitaria sugieren un posible intento de imponer un cambio demogr\u00e1fico permanente, en violaci\u00f3n del derecho internacional y equivale a una limpieza \u00e9tnica.<\/p>\n<p>Se han registrado ataques repetidos contra tiendas de desplazados internos, edificios residenciales y hospitales abarrotados. El <strong>uso de armas de amplio alcance<\/strong> indica posibles ataques deliberados e indiscriminados contra la poblaci\u00f3n civil.<\/p>\n<p>Solo entre la noche del 17 y la ma\u00f1ana del 18 de mayo, al menos 96 palestinos murieron. En Al Mawasi, zona previamente designada por Israel como \u201chumanitaria\u201d, al menos <strong>36 personas murieron en ataques contra tiendas de desplazados, incluidos ni\u00f1os y sus familias<\/strong>.<\/p>\n<p>La situaci\u00f3n humanitaria es catastr\u00f3fica. Israel contin\u00faa bloqueando, por tercer mes consecutivo, la entrada y distribuci\u00f3n de bienes esenciales para la vida.<\/p>\n<h2>La OMS recorta personal y presupuesto ante falta de fondos<\/h2>\n<div class=\"context-un_news_large_credit type-entermedia_image media media--type-entermedia-image media--view-mode-un-news-large-credit\">\n<div class=\"field field--name-thumbnail field--type-image field--label-hidden field__item\"><img decoding=\"async\" src=\"https:\/\/global.unitednations.entermediadb.net\/assets\/mediadb\/services\/module\/asset\/downloads\/preset\/Libraries\/Production%20Library\/19-05-2025-WHO-Ghebreyesus.jpg\/image770x420cropped.jpg\" alt=\"Tedros Adhanom Ghebreyesus, Director General de la OMS, pronuncia un discurso ante la 78\u00aa Asamblea Mundial de la Salud en Ginebra (Suiza).\" title=\"Tedros Adhanom Ghebreyesus, Director General de la OMS, pronuncia un discurso ante la 78\u00aa Asamblea Mundial de la Salud en Ginebra (Suiza).\" loading=\"lazy\" width=\"770\" height=\"420\"\/>\n<\/div>\n<\/div>\n<p>La Organizaci\u00f3n Mundial de la Salud (OMS) reducir\u00e1 a la mitad sus departamentos y los miembros de su equipo directivo para reducir gastos y tras el recorte de la financiaci\u00f3n de Estados Unidos.<\/p>\n<p><strong>El equipo de gesti\u00f3n ejecutiva se ha reducido de 14 a 7 y el n\u00famero de departamentos de 76 a 34.<\/strong><\/p>\n<p>La OMS ha reducido su pr\u00f3ximo presupuesto bienal (2026-2027) a 4200 millones de d\u00f3lares, frente a los 5300 millones previstos inicialmente.<\/p>\n<p>En la situaci\u00f3n actual, sumadas las contribuciones obligatorias y un mecanismo adicional existente para la recaudaci\u00f3n de donaciones, la OMS podr\u00eda tener asegurados 2600 millones de d\u00f3lares o el 60 % del total, lo que dejar\u00eda una brecha de 1700 millones.<\/p>\n<p>\u201cSabemos que, con el panorama actual, movilizar esa suma ser\u00e1 dif\u00edcil\u201d, reconoci\u00f3 Tedros, quien puso en perspectiva el presupuesto de la Organizaci\u00f3n.<\/p>\n<p>\u201c4200 millones de d\u00f3lares por dos a\u00f1os, o 2100 millones al a\u00f1o, no es ambicioso, es extremadamente modesto. Espero que est\u00e9n de acuerdo conmigo, y les dir\u00e9 por qu\u00e9: <strong>2.100 millones de d\u00f3lares es el equivalente a un gasto militar mundial cada ocho horas; <\/strong>2.100 millones de d\u00f3lares es el precio de un bombardero furtivo para matar gente. 2100 millones es una cuarta parte de lo que la industria tabacalera gasta en publicidad y promoci\u00f3n cada a\u00f1o. Y de nuevo, un producto que mata a la gente\u201d, explic\u00f3 Tedros. \u201cParece que alguien cambi\u00f3 las etiquetas de precio de lo que es verdaderamente valioso en nuestro mundo\u201d.<\/p>\n<p>Esta situaci\u00f3n coincide con la reducci\u00f3n general de la ayuda internacional de EE. UU. \u201cEn al menos setenta pa\u00edses los pacientes no est\u00e1n recibiendo sus tratamientos, los centros de salud han cerrado, trabajadores sanitarios han perdido sus empleos y m\u00e1s gente debe pagar de sus bolsillos los gastos (m\u00e9dicos), recalc\u00f3 Tedros.<\/p>\n<h2>Las detenciones de migrantes en M\u00e9xico alcanzan una cifra r\u00e9cord<\/h2>\n<div class=\"context-un_news_large_credit type-entermedia_image media media--type-entermedia-image media--view-mode-un-news-large-credit\">\n<div class=\"field field--name-thumbnail field--type-image field--label-hidden field__item\"><img decoding=\"async\" src=\"https:\/\/global.unitednations.entermediadb.net\/assets\/mediadb\/services\/module\/asset\/downloads\/preset\/Libraries\/Production%20Library\/16-12-21_Mexico_LuisArroyo_CINU%20M\u00e9xico_3.jpg\/image770x420cropped.jpg\" alt=\"Un grupo de personas atraviesa el r\u00edo Suchiate en una balsa en la frontera de Chiapas con Guatemala, M\u00e9xico en noviembre de 2021.\" title=\"Un grupo de personas atraviesa el r\u00edo Suchiate en una balsa en la frontera de Chiapas con Guatemala, M\u00e9xico en noviembre de 2021.\" loading=\"lazy\" width=\"770\" height=\"420\"\/>\n<\/div>\n<\/div>\n<p>M\u00e9xico detuvo a 1,2 millones de migrantes en 2024, la cifra anual m\u00e1s alta desde que hay registros, lo que representa <strong>un aumento del 58,5 % <\/strong>respecto a 2023, seg\u00fan una\u00a0actualizaci\u00f3n de la Oficina de Coordinaci\u00f3n de la Ayuda Humanitaria.<\/p>\n<p>La mayor\u00eda de las personas fueron detenidas en situaci\u00f3n irregular en los estados de Tabasco y Chiapas.<\/p>\n<p>Las personas de nacionalidad venezolana representaron el 29,3 % del total, seguidas por migrantes de Ecuador y Honduras. Tambi\u00e9n se observ\u00f3 un incremento en el n\u00famero de personas provenientes de Asia y \u00c1frica.<\/p>\n<p>La tendencia contin\u00faa en 2025, con 87.000 nuevas detenciones reportadas hasta la fecha. Este incremento en M\u00e9xico contrasta con una ca\u00edda del 34 % en las detenciones en la frontera sur de Estados Unidos.<\/p>\n<h2>La Fiscal\u00eda de la Corte Penal Internacional, bajo nuevo liderazgo provisional<\/h2>\n<div class=\"context-un_news_large_credit type-entermedia_image media media--type-entermedia-image media--view-mode-un-news-large-credit\">\n<div class=\"field field--name-thumbnail field--type-image field--label-hidden field__item\"><img decoding=\"async\" src=\"https:\/\/global.unitednations.entermediadb.net\/assets\/mediadb\/services\/module\/asset\/downloads\/preset\/Libraries\/Production%20Library\/21-11-2024_ICC_Hague1.jpg\/image770x420cropped.jpg\" alt=\"Sede de la Corte Penal Internacional en La Haya, Pa\u00edses Bajos.\" title=\"Sede de la Corte Penal Internacional en La Haya, Pa\u00edses Bajos.\" loading=\"lazy\" width=\"770\" height=\"420\"\/>\n<\/div>\n<div class=\"field field--name-field-authors field--type-entity-reference field--label-hidden field__items\">\n<p>Corte Penal Internacional<\/p>\n<\/p><\/div>\n<\/div>\n<p>La Corte Penal Internacional (CPI) confirm\u00f3 que los fiscales adjuntos han asumido el liderazgo, la gesti\u00f3n y la administraci\u00f3n de la Fiscal\u00eda tras la decisi\u00f3n <strong>del Fiscal Karim Khan de tomar una licencia.<\/strong><\/p>\n<p>El 16 de mayo de 2025, el Fiscal comunic\u00f3 que se ausentar\u00eda hasta la conclusi\u00f3n del proceso de la Oficina de Servicios de Supervisi\u00f3n Interna de las Naciones Unidas (OIOS), que lleva a cabo una investigaci\u00f3n sobre presunta mala conducta.<\/p>\n<p>Al asumir el liderazgo, los Fiscales Adjuntos subrayaron la importancia de garantizar la continuidad de las actividades de la Oficina en todas las \u00e1reas de trabajo, especialmente en su misi\u00f3n de investigar y procesar los cr\u00edmenes m\u00e1s graves con independencia e imparcialidad.<\/p>\n<\/div>\n\n","protected":false},"excerpt":{"rendered":"<p>La escalada militar de Israel puede provocar una limpieza \u00e9tnica en Gaza La Oficina de Derechos Humanos advirti\u00f3 que la reciente escalada militar de Israel en Gaza plantea serias preocupaciones sobre la creaci\u00f3n de condiciones de vida incompatibles con la supervivencia de los palestinos como grupolo que podr\u00eda constituir una limpieza \u00e9tnica. Los bombardeos mientras &hellip;<\/p>\n","protected":false},"author":1,"featured_media":28041,"comment_status":"open","ping_status":"open","sticky":false,"template":"","format":"standard","meta":{"fifu_image_url":"https:\/\/global.unitednations.entermediadb.net\/assets\/mediadb\/services\/module\/asset\/downloads\/preset\/Libraries\/Production%20Library\/20-05-2025_UNNews_Gaza_Hospital_02.jpg\/image770x420cropped.jpg","fifu_image_alt":"","footnotes":""},"categories":[3],"tags":[],"class_list":["post-28039","post","type-post","status-publish","format-standard","has-post-thumbnail","","category-negocio"],"_links":{"self":[{"href":"https:\/\/noticiasveraces.com\/index.php?rest_route=\/wp\/v2\/posts\/28039","targetHints":{"allow":["GET"]}}],"collection":[{"href":"https:\/\/noticiasveraces.com\/index.php?rest_route=\/wp\/v2\/posts"}],"about":[{"href":"https:\/\/noticiasveraces.com\/index.php?rest_route=\/wp\/v2\/types\/post"}],"author":[{"embeddable":true,"href":"https:\/\/noticiasveraces.com\/index.php?rest_route=\/wp\/v2\/users\/1"}],"replies":[{"embeddable":true,"href":"https:\/\/noticiasveraces.com\/index.php?rest_route=%2Fwp%2Fv2%2Fcomments&post=28039"}],"version-history":[{"count":0,"href":"https:\/\/noticiasveraces.com\/index.php?rest_route=\/wp\/v2\/posts\/28039\/revisions"}],"wp:featuredmedia":[{"embeddable":true,"href":"https:\/\/noticiasveraces.com\/index.php?rest_route=\/wp\/v2\/media\/28041"}],"wp:attachment":[{"href":"https:\/\/noticiasveraces.com\/index.php?rest_route=%2Fwp%2Fv2%2Fmedia&parent=28039"}],"wp:term":[{"taxonomy":"category","embeddable":true,"href":"https:\/\/noticiasveraces.com\/index.php?rest_route=%2Fwp%2Fv2%2Fcategories&post=28039"},{"taxonomy":"post_tag","embeddable":true,"href":"https:\/\/noticiasveraces.com\/index.php?rest_route=%2Fwp%2Fv2%2Ftags&post=28039"}],"curies":[{"name":"wp","href":"https:\/\/api.w.org\/{rel}","templated":true}]}}