{"id":27997,"date":"2025-05-19T17:24:42","date_gmt":"2025-05-19T21:24:42","guid":{"rendered":"https:\/\/noticiasveraces.com\/?p=27997"},"modified":"2025-05-19T17:24:42","modified_gmt":"2025-05-19T21:24:42","slug":"el-embajador-israeli-votos-de-gaza-war-continuara-hasta-que-todos-los-rehenes-regresen","status":"publish","type":"post","link":"https:\/\/noticiasveraces.com\/?p=27997","title":{"rendered":"El embajador israel\u00ed votos de Gaza War continuar\u00e1 hasta que todos los rehenes regresen"},"content":{"rendered":"<p> \n<\/p>\n<div>\n<p class=\"speakable\"><strong>Primero en Fox:<\/strong> El embajador israel\u00ed ante las Naciones Unidas, Danny Danon, critic\u00f3 las cr\u00edticas internacionales del Reino Unido, Francia y Canad\u00e1 sobre la guerra de Israel contra los terroristas de Hamas.  <\/p>\n<p class=\"speakable\">En respuesta a las cr\u00edticas, Danon le dijo a Fox News Digital en una entrevista exclusiva en la conferencia de Jerusal\u00e9n Post en Nueva York que, si bien Israel valora el derecho internacional, no dejar\u00e1 de luchar contra Hamas hasta que se publiquen todos los rehenes. <\/p>\n<p>\u00abTenemos 58 rehenes en Gaza. Esta guerra no terminar\u00e1 cuando los rehenes se queden atr\u00e1s. Los traeremos de vuelta a todos\u00bb, dijo Danon, enfatizando la determinaci\u00f3n de Israel de terminar la guerra y traer a casa a los cautivos. Danon tambi\u00e9n expres\u00f3 su frustraci\u00f3n de que la comunidad internacional no haya ejercido m\u00e1s presi\u00f3n sobre Hamas sobre los rehenes, instando a esos pa\u00edses a hacer declaraciones m\u00e1s fuertes en su nombre.<\/p>\n<p>La declaraci\u00f3n conjunta emitida por los l\u00edderes del Reino Unido, Francia y Canad\u00e1 condenaron las operaciones militares de Israel en Gaza, criticando la situaci\u00f3n humanitaria y pidi\u00f3 un alto el fuego inmediato. La declaraci\u00f3n tambi\u00e9n inst\u00f3 a Israel a permitir m\u00e1s ayuda a Gaza, pidiendo espec\u00edficamente al gobierno israel\u00ed que interact\u00fae con las Naciones Unidas para que reanuden la ayuda en l\u00ednea con los principios humanitarios y que presionen para la liberaci\u00f3n de todos los rehenes en poder de Hamas.<\/p>\n<p><strong>Israel convierte las tablas en la ONU oficial que reclama &#8216;genocidio&#8217; en Gaza con preguntas b\u00e1sicas<\/strong><\/p>\n<div class=\"image-ct inline\">\n<div class=\"m\"><picture><source media=\"(max-width: 767px)\" srcset=\"https:\/\/a57.foxnews.com\/static.foxnews.com\/foxnews.com\/content\/uploads\/2024\/05\/343\/192\/IDF-operating-in-Rafah.jpeg?ve=1&amp;tl=1, https:\/\/a57.foxnews.com\/static.foxnews.com\/foxnews.com\/content\/uploads\/2024\/05\/686\/384\/IDF-operating-in-Rafah.jpeg?ve=1&amp;tl=1 2x\" height=\"192\" width=\"343\"><source media=\"(min-width: 768px) and (max-width: 1023px)\" srcset=\"https:\/\/a57.foxnews.com\/static.foxnews.com\/foxnews.com\/content\/uploads\/2024\/05\/672\/378\/IDF-operating-in-Rafah.jpeg?ve=1&amp;tl=1, https:\/\/a57.foxnews.com\/static.foxnews.com\/foxnews.com\/content\/uploads\/2024\/05\/1344\/756\/IDF-operating-in-Rafah.jpeg?ve=1&amp;tl=1 2x\" height=\"378\" width=\"672\"><source media=\"(min-width: 1024px) and (max-width: 1279px)\" srcset=\"https:\/\/a57.foxnews.com\/static.foxnews.com\/foxnews.com\/content\/uploads\/2024\/05\/931\/523\/IDF-operating-in-Rafah.jpeg?ve=1&amp;tl=1, https:\/\/a57.foxnews.com\/static.foxnews.com\/foxnews.com\/content\/uploads\/2024\/05\/1862\/1046\/IDF-operating-in-Rafah.jpeg?ve=1&amp;tl=1 2x\" height=\"523\" width=\"931\"><source media=\"(min-width: 1280px)\" srcset=\"https:\/\/a57.foxnews.com\/static.foxnews.com\/foxnews.com\/content\/uploads\/2024\/05\/720\/405\/IDF-operating-in-Rafah.jpeg?ve=1&amp;tl=1, https:\/\/a57.foxnews.com\/static.foxnews.com\/foxnews.com\/content\/uploads\/2024\/05\/1440\/810\/IDF-operating-in-Rafah.jpeg?ve=1&amp;tl=1 2x\" height=\"405\" width=\"720\"><img loading=\"lazy\" decoding=\"async\" src=\"https:\/\/a57.foxnews.com\/static.foxnews.com\/foxnews.com\/content\/uploads\/2024\/05\/1200\/675\/IDF-operating-in-Rafah.jpeg?ve=1&amp;tl=1\" alt=\"Fuerzas de las FDI en Rafah\" width=\"1200\" height=\"675\"\/><\/source><\/source><\/source><\/source><\/picture><\/div>\n<div class=\"info\">\n<div class=\"caption\">\n<p><span>Las fuerzas de las FDI son vistas operando en Rafah, una ciudad en la Franja de Gaza.<\/span> <span>(Oficina del portavoz de las FDI)<\/span><\/p>\n<\/div>\n<\/div>\n<\/div>\n<p>Danon tambi\u00e9n estaba en desacuerdo con los comentarios hechos por Tom Fletcher, el subsecretario general de los asuntos humanitarios de la ONU, que acus\u00f3 a Israel de cometer genocidio durante su discurso ante el Consejo de Seguridad de la ONU. Fletcher critic\u00f3 las acciones de Israel en Gaza, afirmando que la mayor\u00eda de la regi\u00f3n estaba bajo el control militar israel\u00ed o sometida a \u00f3rdenes de desplazamiento.<\/p>\n<p>\u00abLo que el Sr. Fletcher dijo en el Consejo de Seguridad fue inaceptable y vergonzoso, acus\u00e1ndonos por cometer un genocidio. \u00c9l sabe mejor que eso. Eso es una difamaci\u00f3n y espero que retire esas palabras y me disculpemos. No lo haremos con \u00e9l hasta que lo aclare a Israeli. Para cometer tales atrocidades, eso es algo que no podemos aceptar de ning\u00fan funcionario de la ONU \u00ab.<\/p>\n<p><strong>El ministro de Relaciones Exteriores israel\u00ed da a la ONU, lo llama &#8216;Cuerpo podrido, Anti-Israel y Antisemita&#8217;<\/strong><\/p>\n<div class=\"image-ct inline\">\n<div class=\"m\"><picture><source media=\"(max-width: 767px)\" srcset=\"https:\/\/a57.foxnews.com\/static.foxnews.com\/foxnews.com\/content\/uploads\/2025\/03\/343\/192\/tom-fletcher.jpg?ve=1&amp;tl=1, https:\/\/a57.foxnews.com\/static.foxnews.com\/foxnews.com\/content\/uploads\/2025\/03\/686\/384\/tom-fletcher.jpg?ve=1&amp;tl=1 2x\" height=\"192\" width=\"343\"><source media=\"(min-width: 768px) and (max-width: 1023px)\" srcset=\"https:\/\/a57.foxnews.com\/static.foxnews.com\/foxnews.com\/content\/uploads\/2025\/03\/672\/378\/tom-fletcher.jpg?ve=1&amp;tl=1, https:\/\/a57.foxnews.com\/static.foxnews.com\/foxnews.com\/content\/uploads\/2025\/03\/1344\/756\/tom-fletcher.jpg?ve=1&amp;tl=1 2x\" height=\"378\" width=\"672\"><source media=\"(min-width: 1024px) and (max-width: 1279px)\" srcset=\"https:\/\/a57.foxnews.com\/static.foxnews.com\/foxnews.com\/content\/uploads\/2025\/03\/931\/523\/tom-fletcher.jpg?ve=1&amp;tl=1, https:\/\/a57.foxnews.com\/static.foxnews.com\/foxnews.com\/content\/uploads\/2025\/03\/1862\/1046\/tom-fletcher.jpg?ve=1&amp;tl=1 2x\" height=\"523\" width=\"931\"><source media=\"(min-width: 1280px)\" srcset=\"https:\/\/a57.foxnews.com\/static.foxnews.com\/foxnews.com\/content\/uploads\/2025\/03\/720\/405\/tom-fletcher.jpg?ve=1&amp;tl=1, https:\/\/a57.foxnews.com\/static.foxnews.com\/foxnews.com\/content\/uploads\/2025\/03\/1440\/810\/tom-fletcher.jpg?ve=1&amp;tl=1 2x\" height=\"405\" width=\"720\"><img loading=\"lazy\" decoding=\"async\" src=\"https:\/\/a57.foxnews.com\/static.foxnews.com\/foxnews.com\/content\/uploads\/2025\/03\/1200\/675\/tom-fletcher.jpg?ve=1&amp;tl=1\" alt=\"Tom Fletcher\" width=\"1200\" height=\"675\"\/><\/source><\/source><\/source><\/source><\/picture><\/div>\n<div class=\"info\">\n<div class=\"caption\">\n<p><span>Tom Fletcher, subsecretario general de las Naciones Unidas para Asuntos Humanitarios<\/span> <span>(Reuters\/Denis Balibouse)<\/span><\/p>\n<\/div>\n<\/div>\n<\/div>\n<p>Con respecto a la crisis humanitaria en curso en Gaza y la reciente apertura de las fronteras para permitir que los camiones de ayuda se encuentren en Gaza despu\u00e9s de dos meses, Fletcher coment\u00f3 sobre X, llamando al permiso temporal de Israel para ofrecerle ayuda limitada una \u00abca\u00edda en el oc\u00e9ano\u00bb. <\/p>\n<p>Danon enfatiz\u00f3 que la ayuda solo se otorg\u00f3 a las ONG que garantizan que Hamas no se infiltra en sus filas o ayuda para el bot\u00edn destinado a los civiles.<\/p>\n<p>\u00abApegemos a los hechos\u00bb, dijo Danon. \u00abTodav\u00eda esperamos una retracci\u00f3n de la difamaci\u00f3n inapropiada que usted afirm\u00f3 la semana pasada en el Consejo de Seguridad\u00bb.<\/p>\n<p>En una sesi\u00f3n informativa hoy, St\u00e9phane Dujarric, portavoz del Secretario General, tambi\u00e9n hizo referencia a la declaraci\u00f3n de Fletcher, quien enfatiz\u00f3 que la escala de ayuda a\u00fan es insuficiente para satisfacer las abrumadoras necesidades de la poblaci\u00f3n. Pidi\u00f3 que se abran m\u00e1s cruces y la simplificaci\u00f3n de los procedimientos para garantizar un flujo regular de ayuda, enfatizando que sin tales medidas, la crisis humanitaria en Gaza continuar\u00eda empeorando.<\/p>\n<p><strong>Haga clic aqu\u00ed para obtener la aplicaci\u00f3n Fox News<\/strong><\/p>\n<div class=\"image-ct inline\">\n<div class=\"m\"><picture><source media=\"(max-width: 767px)\" srcset=\"https:\/\/a57.foxnews.com\/static.foxnews.com\/foxnews.com\/content\/uploads\/2025\/05\/343\/192\/danon.jpg?ve=1&amp;tl=1, https:\/\/a57.foxnews.com\/static.foxnews.com\/foxnews.com\/content\/uploads\/2025\/05\/686\/384\/danon.jpg?ve=1&amp;tl=1 2x\" height=\"192\" width=\"343\"><source media=\"(min-width: 768px) and (max-width: 1023px)\" srcset=\"https:\/\/a57.foxnews.com\/static.foxnews.com\/foxnews.com\/content\/uploads\/2025\/05\/672\/378\/danon.jpg?ve=1&amp;tl=1, https:\/\/a57.foxnews.com\/static.foxnews.com\/foxnews.com\/content\/uploads\/2025\/05\/1344\/756\/danon.jpg?ve=1&amp;tl=1 2x\" height=\"378\" width=\"672\"><source media=\"(min-width: 1024px) and (max-width: 1279px)\" srcset=\"https:\/\/a57.foxnews.com\/static.foxnews.com\/foxnews.com\/content\/uploads\/2025\/05\/931\/523\/danon.jpg?ve=1&amp;tl=1, https:\/\/a57.foxnews.com\/static.foxnews.com\/foxnews.com\/content\/uploads\/2025\/05\/1862\/1046\/danon.jpg?ve=1&amp;tl=1 2x\" height=\"523\" width=\"931\"><source media=\"(min-width: 1280px)\" srcset=\"https:\/\/a57.foxnews.com\/static.foxnews.com\/foxnews.com\/content\/uploads\/2025\/05\/720\/405\/danon.jpg?ve=1&amp;tl=1, https:\/\/a57.foxnews.com\/static.foxnews.com\/foxnews.com\/content\/uploads\/2025\/05\/1440\/810\/danon.jpg?ve=1&amp;tl=1 2x\" height=\"405\" width=\"720\"><img loading=\"lazy\" decoding=\"async\" src=\"https:\/\/a57.foxnews.com\/static.foxnews.com\/foxnews.com\/content\/uploads\/2025\/05\/1200\/675\/danon.jpg?ve=1&amp;tl=1\" alt=\"Danny Danon, embajador de Israel ante las Naciones Unidas, habla durante la conferencia anual del Jerusalem Post en Nueva York.\" width=\"1200\" height=\"675\"\/><\/source><\/source><\/source><\/source><\/picture><\/div>\n<div class=\"info\">\n<div class=\"caption\">\n<p><span>Danny Danon, embajador de Israel ante las Naciones Unidas, habla durante la conferencia anual del Jerusalem Post en Nueva York.<\/span> <span>(Marc Israel Sell \/ Jerusalem Post)<\/span><\/p>\n<\/div>\n<\/div>\n<\/div>\n<p>En la entrevista, Danon tambi\u00e9n abord\u00f3 el futuro de la ayuda humanitaria en Gaza, espec\u00edficamente en respuesta a las propuestas para reemplazar la Agencia de las Naciones Unidas para el Alivio y las Obras para los Refugiados Palestinos (UNRWA) con un nuevo mecanismo de ayuda respaldado por los Estados Unidos. <\/p>\n<p>\u00abDecidimos que UNRWA no tendr\u00e1 nada conectado con Israel. Lo saben, la ONU lo sabe\u00bb, dijo, criticando el papel de la ONU en la regi\u00f3n. Explic\u00f3 apoyo para la iniciativa de EE. UU., Llam\u00e1ndolo un paso bienvenido para abordar la crisis humanitaria de Gaza. \u00abNo puedo entender c\u00f3mo alguien puede boicotear un esfuerzo humanitario\u00bb, agreg\u00f3. \u00abSi esas personas en la ONU se preocupan tanto por la crisis humanitaria, deber\u00edan participar en estos esfuerzos, no boicotearlos\u00bb.<\/p>\n<p> <!----> <\/p>\n<div class=\"article-meta\">\n<div class=\"author-bio\">\n<p>Efrat Lachter es un reportero de investigaci\u00f3n y corresponsal de guerra. Su trabajo la ha llevado a 40 pa\u00edses, incluidos Ucrania, Rusia, Irak, Siria, Sud\u00e1n y Afganist\u00e1n. Recibi\u00f3 la Comunidad para el Periodismo 2024 Knight-Wallace para periodismo. Lachter se puede seguir en x @efratlachter.<\/p>\n<\/div>\n<\/div>\n<\/div>\n\n","protected":false},"excerpt":{"rendered":"<p>Primero en Fox: El embajador israel\u00ed ante las Naciones Unidas, Danny Danon, critic\u00f3 las cr\u00edticas internacionales del Reino Unido, Francia y Canad\u00e1 sobre la guerra de Israel contra los terroristas de Hamas. En respuesta a las cr\u00edticas, Danon le dijo a Fox News Digital en una entrevista exclusiva en la conferencia de Jerusal\u00e9n Post en &hellip;<\/p>\n","protected":false},"author":1,"featured_media":27999,"comment_status":"open","ping_status":"open","sticky":false,"template":"","format":"standard","meta":{"fifu_image_url":"https:\/\/static.foxnews.com\/foxnews.com\/content\/uploads\/2025\/05\/danon.jpg","fifu_image_alt":"","footnotes":""},"categories":[13],"tags":[],"class_list":["post-27997","post","type-post","status-publish","format-standard","has-post-thumbnail","","category-mundo"],"_links":{"self":[{"href":"https:\/\/noticiasveraces.com\/index.php?rest_route=\/wp\/v2\/posts\/27997","targetHints":{"allow":["GET"]}}],"collection":[{"href":"https:\/\/noticiasveraces.com\/index.php?rest_route=\/wp\/v2\/posts"}],"about":[{"href":"https:\/\/noticiasveraces.com\/index.php?rest_route=\/wp\/v2\/types\/post"}],"author":[{"embeddable":true,"href":"https:\/\/noticiasveraces.com\/index.php?rest_route=\/wp\/v2\/users\/1"}],"replies":[{"embeddable":true,"href":"https:\/\/noticiasveraces.com\/index.php?rest_route=%2Fwp%2Fv2%2Fcomments&post=27997"}],"version-history":[{"count":0,"href":"https:\/\/noticiasveraces.com\/index.php?rest_route=\/wp\/v2\/posts\/27997\/revisions"}],"wp:featuredmedia":[{"embeddable":true,"href":"https:\/\/noticiasveraces.com\/index.php?rest_route=\/wp\/v2\/media\/27999"}],"wp:attachment":[{"href":"https:\/\/noticiasveraces.com\/index.php?rest_route=%2Fwp%2Fv2%2Fmedia&parent=27997"}],"wp:term":[{"taxonomy":"category","embeddable":true,"href":"https:\/\/noticiasveraces.com\/index.php?rest_route=%2Fwp%2Fv2%2Fcategories&post=27997"},{"taxonomy":"post_tag","embeddable":true,"href":"https:\/\/noticiasveraces.com\/index.php?rest_route=%2Fwp%2Fv2%2Ftags&post=27997"}],"curies":[{"name":"wp","href":"https:\/\/api.w.org\/{rel}","templated":true}]}}