{"id":27977,"date":"2025-05-19T15:23:06","date_gmt":"2025-05-19T19:23:06","guid":{"rendered":"https:\/\/noticiasveraces.com\/?p=27977"},"modified":"2025-05-19T15:23:06","modified_gmt":"2025-05-19T19:23:06","slug":"duras-criticas-a-alemania-por-su-enfoque-migratorio-dw-19-05-2025","status":"publish","type":"post","link":"https:\/\/noticiasveraces.com\/?p=27977","title":{"rendered":"Duras cr\u00edticas a Alemania por su enfoque migratorio \u2013 DW \u2013 19\/05\/2025"},"content":{"rendered":"<p> \n<\/p>\n<div>\n<p>\u00abLa pol\u00edtica alemana de refugiados no est\u00e1 a la altura de los desaf\u00edos globales\u201d, afirma sin rodeos Benjamin Etzold, investigador del Centro Internacional para el Estudio de Conflictos de Bonn (BICC), durante la presentaci\u00f3n del tercer Informe sobre Desplazamientos Globales en Berl\u00edn.<\/p>\n<p>Etzold recuerda que la campa\u00f1a para las elecciones al Bundestag\u00a0estuvo marcada de forma significativa por el debate sobre migraci\u00f3n y asilo. Las discusiones, sostiene, estuvieron centradas casi exclusivamente en Alemania y fueron \u00abacaloradas\u201d. Seg\u00fan \u00e9l, esta tendencia contin\u00faa bajo el nuevo gobierno, pero sin basarse en hechos ni en evidencia cient\u00edfica. La dimensi\u00f3n global de los desplazamientos forzados, denuncia, est\u00e1 siendo ampliamente ignorada.<\/p>\n<h2>\u00bfControles fronterizos como medida disuasoria?<\/h2>\n<p>Etzold tambi\u00e9n critica severamente el endurecimiento de los controles fronterizos y las devoluciones en frontera. Estas medidas buscan disuadir a los migrantes, pero, en su opini\u00f3n, su eficacia est\u00e1 sobrevalorada. Su colega Franck D\u00fcvell, de la Universidad de Osnabr\u00fcck, coincide: \u00abCuando una persona es rechazada, lo intenta otra vez, y otra vez, y otra vez&#8230; hasta que logra entrar al pa\u00eds\u201d.<\/p>\n<p>Esto se aplica tanto a las fronteras internas de la Uni\u00f3n Europea como a sus fronteras exteriores. \u00abSi una ruta se cierra, surge otra alternativa. A veces es m\u00e1s peligrosa, pero se usa con m\u00e1s frecuencia\u201d, explica D\u00fcvell. Ese fen\u00f3meno, a\u00f1ade, abre la puerta a redes criminales como las mafias de traficantes de personas.<\/p>\n<p><span data-slot-id=\"Article_InContent-1\" class=\"rich-text-ad\"\/><\/p>\n<h2>C\u00f3mo las redes de tr\u00e1fico sacan provecho del sufrimiento<\/h2>\n<p>El experto en migraci\u00f3n se refiere as\u00ed a la migraci\u00f3n irregular, a menudo ilegal y frecuentemente mortal: \u00abPueden ser documentos falsos, escondites en camiones o botes que no est\u00e1n en condiciones de navegar\u201d, resume D\u00fcvell, describiendo m\u00e9todos bien conocidos que se observan en todo el mundo desde hace a\u00f1os. \u00abEse es el efecto secundario no deseado que vemos una y otra vez con este tipo de medidas.\u201d<\/p>\n<p>Frente a ello, los expertos apelan al nuevo gobierno alem\u00e1n y a la comunidad internacional para que act\u00faen de manera coordinada: \u00abEs urgente reactivar la pol\u00edtica multilateral de refugiados, incluso sin la participaci\u00f3n de Estados Unidos\u201d, afirma Etzold. Evita mencionar el nombre del presidente estadounidense Donald Trump, conocido por su pol\u00edtica de cierre de fronteras. \u00abAlemania puede y debe asumir un papel de liderazgo, tanto en Europa como a nivel mundial, en lugar de tomar decisiones unilaterales.\u201d<\/p>\n<figure class=\"placeholder-image master_landscape big\"><img data-format=\"MASTER_LANDSCAPE\" data-id=\"72597902\" data-url=\"https:\/\/static.dw.com\/image\/72597902_${formatId}.jpg\" data-aspect-ratio=\"16\/9\" alt=\"Franck D\u00fcvell, Petra Bendel y Benjamin Etzold, de pie, sostienen ejemplares del &quot;Informar escape global&quot;el Informe Global sobre Desplazamientos Forzados.\" style=\"padding-bottom: 56.25%; height: 0; max-height: 0;\"\/><figcaption class=\"img-caption\">De izq. a dcha.: Franck D\u00fcvell, Petra Bendel, Benjamin Etzold: \u00abLa pol\u00edtica alemana de refugiados no est\u00e1 a la altura de los desaf\u00edos globales\u00bb.<small class=\"copyright\">Imagen: Sebastian Gollnow\/DPA\/Picture Alliance<\/small><\/figcaption><\/figure>\n<h2>Mejorar las perspectivas de vida en los pa\u00edses de origen<\/h2>\n<p>Etzold tambi\u00e9n critica que cada vez m\u00e1s personas refugiadas sean retenidas de forma permanente en campamentos, donde son administradas, pero no se les ofrecen perspectivas reales de vida. Ante esta falta de futuro, muchas deciden seguir su camino, en numerosos casos, hacia Alemania.<\/p>\n<p>Para cambiar esa din\u00e1mica, el experto solo ve una soluci\u00f3n viable: \u00abSolo la seguridad jur\u00eddica y la mejora de las condiciones de vida en los lugares de origen pueden reducir la presi\u00f3n migratoria y prevenir la migraci\u00f3n irregular hacia Alemania.\u201d<\/p>\n<p>En ese sentido, considera contraproducente la intenci\u00f3n del nuevo gobierno de restringir el acceso legal al pa\u00eds mediante el cierre de programas humanitarios y la limitaci\u00f3n del reagrupamiento familiar. Seg\u00fan Etzold, esta pol\u00edtica podr\u00eda incluso incentivar la migraci\u00f3n irregular que se pretende combatir.<\/p>\n<h2>\u00abSe abre la puerta a la arbitrariedad\u201d<\/h2>\n<p>Su colega Petra Bendel, de la Universidad de Erlangen-N\u00faremberg, teme incluso que Alemania est\u00e9 incurriendo en ilegalidades con las devoluciones fronterizas. Cita el derecho individual al asilo consagrado en la Constituci\u00f3n alemana, as\u00ed como el derecho europeo. \u00abSi se da prioridad a la pol\u00edtica en lugar de d\u00e1rsela al derecho, entonces se abre la puerta a la arbitrariedad.\u201d<\/p>\n<p>(GG\/CP)<\/p>\n<\/div>\n\n","protected":false},"excerpt":{"rendered":"<p>\u00abLa pol\u00edtica alemana de refugiados no est\u00e1 a la altura de los desaf\u00edos globales\u201d, afirma sin rodeos Benjamin Etzold, investigador del Centro Internacional para el Estudio de Conflictos de Bonn (BICC), durante la presentaci\u00f3n del tercer Informe sobre Desplazamientos Globales en Berl\u00edn. Etzold recuerda que la campa\u00f1a para las elecciones al Bundestag\u00a0estuvo marcada de forma &hellip;<\/p>\n","protected":false},"author":1,"featured_media":27978,"comment_status":"open","ping_status":"open","sticky":false,"template":"","format":"standard","meta":{"fifu_image_url":"https:\/\/static.dw.com\/image\/72474564_6.jpg","fifu_image_alt":"","footnotes":""},"categories":[13],"tags":[],"class_list":["post-27977","post","type-post","status-publish","format-standard","has-post-thumbnail","","category-mundo"],"_links":{"self":[{"href":"https:\/\/noticiasveraces.com\/index.php?rest_route=\/wp\/v2\/posts\/27977","targetHints":{"allow":["GET"]}}],"collection":[{"href":"https:\/\/noticiasveraces.com\/index.php?rest_route=\/wp\/v2\/posts"}],"about":[{"href":"https:\/\/noticiasveraces.com\/index.php?rest_route=\/wp\/v2\/types\/post"}],"author":[{"embeddable":true,"href":"https:\/\/noticiasveraces.com\/index.php?rest_route=\/wp\/v2\/users\/1"}],"replies":[{"embeddable":true,"href":"https:\/\/noticiasveraces.com\/index.php?rest_route=%2Fwp%2Fv2%2Fcomments&post=27977"}],"version-history":[{"count":0,"href":"https:\/\/noticiasveraces.com\/index.php?rest_route=\/wp\/v2\/posts\/27977\/revisions"}],"wp:featuredmedia":[{"embeddable":true,"href":"https:\/\/noticiasveraces.com\/index.php?rest_route=\/wp\/v2\/media\/27978"}],"wp:attachment":[{"href":"https:\/\/noticiasveraces.com\/index.php?rest_route=%2Fwp%2Fv2%2Fmedia&parent=27977"}],"wp:term":[{"taxonomy":"category","embeddable":true,"href":"https:\/\/noticiasveraces.com\/index.php?rest_route=%2Fwp%2Fv2%2Fcategories&post=27977"},{"taxonomy":"post_tag","embeddable":true,"href":"https:\/\/noticiasveraces.com\/index.php?rest_route=%2Fwp%2Fv2%2Ftags&post=27977"}],"curies":[{"name":"wp","href":"https:\/\/api.w.org\/{rel}","templated":true}]}}