{"id":27975,"date":"2025-05-19T15:16:51","date_gmt":"2025-05-19T19:16:51","guid":{"rendered":"https:\/\/noticiasveraces.com\/?p=27975"},"modified":"2025-05-19T15:16:51","modified_gmt":"2025-05-19T19:16:51","slug":"canailla-el-ibis-eremita-viajero-que-volo-de-cadiz-a-galicia-y-pasa-el-dia-en-rotondas-y-parques-clima-y-medio-ambiente","status":"publish","type":"post","link":"https:\/\/noticiasveraces.com\/?p=27975","title":{"rendered":"Ca\u00f1a\u00edlla, el ibis eremita viajero que vol\u00f3 de C\u00e1diz a Galicia y pasa el d\u00eda en rotondas y parques | Clima y Medio Ambiente"},"content":{"rendered":"<p> \n<\/p>\n<div data-dtm-region=\"articulo_cuerpo\">\n<p class=\"\"><i>Ca\u00f1a\u00edlla <\/i>o el ibis viajero, as\u00ed se conoce a este ejemplar de dos a\u00f1os \u2015un adolescente\u2015 de la especie que desapareci\u00f3 de Espa\u00f1a a lo largo del siglo XVII y se est\u00e1 reintroduciendo en C\u00e1diz desde hace 20 a\u00f1os. El ave naci\u00f3 en el zool\u00f3gico de Halle, Alemania, en 2023, y fue liberada en Espa\u00f1a, en Vejer de la Frontera (C\u00e1diz) el 20 de marzo del a\u00f1o pasado. Casi desde ese momento comenz\u00f3 a sorprender mostrando su querencia por los viajes y las rotondas para ordenar el tr\u00e1fico. \u201cA los ocho d\u00edas apareci\u00f3 en San Fernando (C\u00e1diz), en una rotonda de la carretera de Camposoto en la que buscaba alimento como gusanos, lombrices, saltamontes&#8230; Llamaba la atenci\u00f3n y la gente iba a verlo\u201d, recuerda Miguel \u00c1ngel Quevedo, veterinario y uno de responsables del plan de reintroducci\u00f3n Eremita dirigido por el Zoobot\u00e1nico de Jerez y la Junta de Andaluc\u00eda. De los habitantes de San Fernando, conocidos como isle\u00f1os o ca\u00f1a\u00edllas, le qued\u00f3 al ibis el nombre. <\/p>\n<p class=\"\">Hab\u00eda riesgo de atropello, \u201cpero se manej\u00f3 bien, pas\u00f3 a una zona ajardinada, aunque de vez en cuando volv\u00eda a la rotonda, y all\u00ed permaneci\u00f3 cinco meses hasta agosto\u201d. Era el inicio de un periplo que le ha conducido por Portugal, hasta acabar en Galicia, en la comarca de O Val Mi\u00f1or, lugar en el que ha pasado el invierno y la primavera, aliment\u00e1ndose en otra rotonda en la que parece sentirse a sus anchas y convertido en un vecino m\u00e1s. Quevedo calcula que ha podido recorrer 1.000 kil\u00f3metros, lo que le convierte en un ibis especial, \u201caunque todos lo son porque en Espa\u00f1a no hab\u00eda ninguno antes de comenzar a reintroducirlos\u201d, puntualiza. <\/p>\n<figure class=\"a_m a_m-h \"><span class=\"_db a_m_w _pr lb_btn\"><img alt=\"El ibis eremita 'Ca\u00f1a\u00edlla' en una rotonda de A Ramallosa, en Pontevedra. \" decoding=\"auto\" class=\"_re lazyload a_m-h\" height=\"276\" srcset=\"https:\/\/imagenes.elpais.com\/resizer\/v2\/KVOKY7DP2NGBPMTGF54RDBOSHQ.jpg?auth=a04b5b4c2b5e22e2c42271214e8daedfaa0f2299c632c05101ade22ffb0440f6&amp;width=414 414w,https:\/\/imagenes.elpais.com\/resizer\/v2\/KVOKY7DP2NGBPMTGF54RDBOSHQ.jpg?auth=a04b5b4c2b5e22e2c42271214e8daedfaa0f2299c632c05101ade22ffb0440f6&amp;width=828 640w,https:\/\/imagenes.elpais.com\/resizer\/v2\/KVOKY7DP2NGBPMTGF54RDBOSHQ.jpg?auth=a04b5b4c2b5e22e2c42271214e8daedfaa0f2299c632c05101ade22ffb0440f6&amp;width=980 1000w,https:\/\/imagenes.elpais.com\/resizer\/v2\/KVOKY7DP2NGBPMTGF54RDBOSHQ.jpg?auth=a04b5b4c2b5e22e2c42271214e8daedfaa0f2299c632c05101ade22ffb0440f6&amp;width=1960 1960w\" width=\"414\" sizes=\"auto, (min-width:1199px) 1155px,(min-width:1001px) calc(100vw - 44px),(min-width:768px) 767px, 100vw\" src=\"https:\/\/imagenes.elpais.com\/resizer\/v2\/KVOKY7DP2NGBPMTGF54RDBOSHQ.jpg?auth=a04b5b4c2b5e22e2c42271214e8daedfaa0f2299c632c05101ade22ffb0440f6&amp;width=414\" loading=\"lazy\"\/><svg aria-hidden=\"true\" class=\"icon_multimedia_ampliar | _pa a_m_i a_m_i-a _dn\" viewbox=\"0 0 40 40\"><use xlink:href=\"#svg-ampliar\"\/><\/svg><\/span><figcaption class=\"a_m_p\" aria-hidden=\"true\"><span>El ibis eremita &#8216;Ca\u00f1a\u00edlla&#8217; en una rotonda de A Ramallosa, en Pontevedra. <\/span><span class=\"a_m_m\">Y loco<\/span><\/figcaption><\/figure>\n<p class=\"\">La mayor parte de la poblaci\u00f3n actual \u2015250 ejemplares y 45 parejas reproductoras\u2015 es sedentaria y no se mueve de la zona de La Janda (C\u00e1diz). Como mucho, algunos ejemplares se han desplazado a Huelva, al sur de Portugal, a C\u00f3rdoba, Ja\u00e9n y Extremadura, a una distancia de entre 200 y 300 kil\u00f3metros desde su zona de reproducci\u00f3n. <\/p>\n<p class=\"\"><i>Ca\u00f1a\u00edlla<\/i>all\u00e1 donde va, no pasa desapercibido, tanto por los escasos ejemplares que existen en libertad, como por su peculiar aspecto de plumaje negro; cabeza y cuello sin plumas, como si llevara una m\u00e1scara de bicho feo de carnaval; un penacho en la nuca a modo de melena y pico largo curvado de color rojo. <\/p>\n<p class=\"\">En agosto se le pierde la pista y en octubre unos ornit\u00f3logos lo localizan por la anilla que porta en una zona del Algarve, Portugal. Vuelve a perderse el rastro hasta que el 7 de diciembre, aparece en la desembocadura del Mi\u00f1o, una zona en principio sin riesgos. Visita Ferrol, O Rosal, Villagarc\u00eda de Arousa y llega en enero a Ramallosa (Baiona, Pontevedra) donde Carolina Gonz\u00e1lez, vecina del concello y gran amiga de los t\u00e9cnicos del zoo de Jerez, se ha convertido casi en su sombra. Al no estar equipado con GPS, los responsables del programa Eremita conocen sus andanzas por personas que les van indicando donde lo ven. Va marcado con una anilla identificativa. <\/p>\n<figure class=\"a_m a_m-h \"><span class=\"_db a_m_w _pr lb_btn\"><img alt=\"Una mujer pasa en bicicleta junto a Ca\u00f1a\u00edlla en Ramallosa.\" decoding=\"auto\" class=\"_re lazyload a_m-h\" height=\"318\" srcset=\"https:\/\/imagenes.elpais.com\/resizer\/v2\/ISHTQEWYBFA47KSS5KH3FXMGBE.jpg?auth=6ef3b77497b89efc972f4d5bc1ce11c4976872d1171651eaf596afa14844b59a&amp;width=414 414w,https:\/\/imagenes.elpais.com\/resizer\/v2\/ISHTQEWYBFA47KSS5KH3FXMGBE.jpg?auth=6ef3b77497b89efc972f4d5bc1ce11c4976872d1171651eaf596afa14844b59a&amp;width=828 640w,https:\/\/imagenes.elpais.com\/resizer\/v2\/ISHTQEWYBFA47KSS5KH3FXMGBE.jpg?auth=6ef3b77497b89efc972f4d5bc1ce11c4976872d1171651eaf596afa14844b59a&amp;width=980 1000w,https:\/\/imagenes.elpais.com\/resizer\/v2\/ISHTQEWYBFA47KSS5KH3FXMGBE.jpg?auth=6ef3b77497b89efc972f4d5bc1ce11c4976872d1171651eaf596afa14844b59a&amp;width=1960 1960w\" width=\"414\" sizes=\"auto, (min-width:1199px) 1155px,(min-width:1001px) calc(100vw - 44px),(min-width:768px) 767px, 100vw\" src=\"https:\/\/imagenes.elpais.com\/resizer\/v2\/ISHTQEWYBFA47KSS5KH3FXMGBE.jpg?auth=6ef3b77497b89efc972f4d5bc1ce11c4976872d1171651eaf596afa14844b59a&amp;width=414\" loading=\"lazy\"\/><svg aria-hidden=\"true\" class=\"icon_multimedia_ampliar | _pa a_m_i a_m_i-a _dn\" viewbox=\"0 0 40 40\"><use xlink:href=\"#svg-ampliar\"\/><\/svg><\/span><figcaption class=\"a_m_p\" aria-hidden=\"true\"><span>Una mujer pasa en bicicleta junto a Ca\u00f1a\u00edlla en Ramallosa.<\/span><span class=\"a_m_m\">Y loco<\/span><\/figcaption><\/figure>\n<p class=\"\">\u201cIba andando y de repente me lo encontr\u00e9 comiendo con su largo pico, me qued\u00e9 impresionada\u201d, relata. El ibis sigue por all\u00ed, \u201cincluso con los temporales que hemos tenido, menos en Semana Santa cuando se le vio en la playa de la Lanzada (al norte de Pontevedra)\u201d, prosigue. Pero siempre vuelve a la zona, \u201cle debe gustar\u201d. La segunda vez que se march\u00f3 apareci\u00f3 en Cee (A Coru\u00f1a), pero regres\u00f3 a los dos d\u00edas. \u201cCruza el paso de peatones y los coches se paran, aqu\u00ed nunca se vio nada igual, es espectacular\u201d, sostiene. <\/p>\n<p class=\"\">Carolina lo localiza sobre todo en una rotonda en la que busca alimento, se solea las plumas, va y viene&#8230; \u201cHoy [por este jueves 15 de mayo] no lo vi, pero debe ser porque estaban desbrozando y se habr\u00e1 asustado\u201d, comenta. Tampoco le gustan los perros, \u201cpero los vecinos tienen cuidado si ven que est\u00e1\u201d. Duerme en un gran \u00e1rbol cerca del r\u00edo. <\/p>\n<p class=\"\">A Quevedo no le extra\u00f1a que el ejemplar opte por permanecer en rotondas o parques cerca de los humanos. \u201cEs una especie bastante social, de la familia de las cig\u00fce\u00f1as, y siempre han tenido una relaci\u00f3n cercana al hombre, pero si te acercas se van\u201d, aclara. En los campos de golf de C\u00e1diz se puede ver a ejemplares picando en el c\u00e9sped tranquilamente. \u201cPrefieren la hierba corta, lugares en los que localizan comida y a la vez pueden vigilar a los depredadores, los que llegan del cielo como el \u00e1guila perdicera o el b\u00faho real y los terrestres: zorros, ginetas o meloncillos, entre otros\u201d. <\/p>\n<p class=\"\">\u00bfCu\u00e1l ser\u00e1 su siguiente paso? \u201cMeterse en la cabeza de un eremita juvenil es dif\u00edcil\u201d, responde Quevedo. Pero esperan que regrese a la Janda cuando alcance la madurez sexual, con tres o cuatro a\u00f1os, y su reloj biol\u00f3gico le diga que es hora de reproducirse. <\/p>\n<p class=\"\">No todos los ibis que deciden emprender la dispersi\u00f3n juvenil tienen la misma suerte. <i>Hel<\/i>un ibis eremita nacido en Austria, aterriz\u00f3 en C\u00e1diz en octubre de 2023 junto con otros 34 compa\u00f1eros tras volar m\u00e1s de 40 d\u00edas siguiendo a un ultraligero con un parapente amarillo. En \u00e9l viajaban las personas que les criaron y que pretenden crear una conexi\u00f3n natural entre Espa\u00f1a y Austria, y que regresen por s\u00ed mismos a su lugar de origen. Pero a <i>Hel <\/i>lo mataron de un disparo en<i> <\/i>noviembre del a\u00f1o pasado en un coto de caza social de Fregenal de la Sierra, en Extremadura. Era un juvenil de un a\u00f1o y medio. Este ibis iba equipado con GPS.<\/p>\n<p class=\"\">Tambi\u00e9n en Extremadura aparecieron muertos por disparos cinco ibis eremita en 2019. Se ha juzgado a un vecino de Montemol\u00edn como presunto autor de un delito contra la fauna por abatir a las aves con una carabina de aire comprimido. Los ejemplares hab\u00edan nacido en el marco del proyecto de reintroducci\u00f3n y todav\u00eda se est\u00e1 a la espera de la sentencia.<\/p>\n<p class=\"\">El ibis eremita tan solo cuenta con una poblaci\u00f3n viable en el suroeste de Marruecos (cerca de Agadir), compuesta por cerca de 180 parejas desde las 48 que exist\u00edan en 1992. Adem\u00e1s, existe otra poblaci\u00f3n semicautiva en Turqu\u00eda (Bire\u00e7ik). En los tratados de zoolog\u00eda contempor\u00e1neos se sit\u00faa a la especie en varios pa\u00edses del entorno alpino hasta, aproximadamente, la primera mitad del siglo XVIII, indica la ONG de ornitolog\u00eda SEO\/BirdLife. <\/p>\n<\/div>\n\n","protected":false},"excerpt":{"rendered":"<p>Ca\u00f1a\u00edlla o el ibis viajero, as\u00ed se conoce a este ejemplar de dos a\u00f1os \u2015un adolescente\u2015 de la especie que desapareci\u00f3 de Espa\u00f1a a lo largo del siglo XVII y se est\u00e1 reintroduciendo en C\u00e1diz desde hace 20 a\u00f1os. El ave naci\u00f3 en el zool\u00f3gico de Halle, Alemania, en 2023, y fue liberada en Espa\u00f1a, &hellip;<\/p>\n","protected":false},"author":1,"featured_media":27976,"comment_status":"open","ping_status":"open","sticky":false,"template":"","format":"standard","meta":{"fifu_image_url":"https:\/\/imagenes.elpais.com\/resizer\/v2\/HL6R4TVDMBCBRITZIPMYV5YF5A.jpg?auth=23ff721e3cbb8820061c5e311fc0a248cabd242a977f70ab698c12489d1f45c0&width=1200","fifu_image_alt":"","footnotes":""},"categories":[11],"tags":[],"class_list":["post-27975","post","type-post","status-publish","format-standard","has-post-thumbnail","","category-viaje"],"_links":{"self":[{"href":"https:\/\/noticiasveraces.com\/index.php?rest_route=\/wp\/v2\/posts\/27975","targetHints":{"allow":["GET"]}}],"collection":[{"href":"https:\/\/noticiasveraces.com\/index.php?rest_route=\/wp\/v2\/posts"}],"about":[{"href":"https:\/\/noticiasveraces.com\/index.php?rest_route=\/wp\/v2\/types\/post"}],"author":[{"embeddable":true,"href":"https:\/\/noticiasveraces.com\/index.php?rest_route=\/wp\/v2\/users\/1"}],"replies":[{"embeddable":true,"href":"https:\/\/noticiasveraces.com\/index.php?rest_route=%2Fwp%2Fv2%2Fcomments&post=27975"}],"version-history":[{"count":0,"href":"https:\/\/noticiasveraces.com\/index.php?rest_route=\/wp\/v2\/posts\/27975\/revisions"}],"wp:featuredmedia":[{"embeddable":true,"href":"https:\/\/noticiasveraces.com\/index.php?rest_route=\/wp\/v2\/media\/27976"}],"wp:attachment":[{"href":"https:\/\/noticiasveraces.com\/index.php?rest_route=%2Fwp%2Fv2%2Fmedia&parent=27975"}],"wp:term":[{"taxonomy":"category","embeddable":true,"href":"https:\/\/noticiasveraces.com\/index.php?rest_route=%2Fwp%2Fv2%2Fcategories&post=27975"},{"taxonomy":"post_tag","embeddable":true,"href":"https:\/\/noticiasveraces.com\/index.php?rest_route=%2Fwp%2Fv2%2Ftags&post=27975"}],"curies":[{"name":"wp","href":"https:\/\/api.w.org\/{rel}","templated":true}]}}