{"id":27964,"date":"2025-05-19T12:19:58","date_gmt":"2025-05-19T16:19:58","guid":{"rendered":"https:\/\/noticiasveraces.com\/?p=27964"},"modified":"2025-05-19T12:19:58","modified_gmt":"2025-05-19T16:19:58","slug":"las-politicas-de-trump-force-eu-reino-unido-reiniciar-en-defensa-y-comercio","status":"publish","type":"post","link":"https:\/\/noticiasveraces.com\/?p=27964","title":{"rendered":"Las pol\u00edticas de Trump Force EU, Reino Unido &#8216;reiniciar&#8217; en defensa y comercio"},"content":{"rendered":"<p> \n<\/p>\n<div>\n<p class=\"speakable\">Casi una d\u00e9cada despu\u00e9s del Reino Unido (Reino Unido) vot\u00f3 para abandonar la Uni\u00f3n Europea (UE) bajo el Brexit y en medio de las relaciones cambiantes con los Estados Unidos bajo el presidente Donald Trump, Gran Breta\u00f1a y la UE reforzaron significativamente su asociaci\u00f3n comercial y de defensa el lunes. <\/p>\n<p class=\"speakable\">En lo que es el mayor acuerdo que el bloque y el Reino Unido han acordado desde la controvertida votaci\u00f3n del Brexit en 2016, las dos potencias econ\u00f3micas acordaron aumentar los lazos de defensa y reducir la burocracia, lo que hace que no solo sea m\u00e1s f\u00e1cil para los alimentos y los visitantes del Reino Unido acceder al continente, sino tambi\u00e9n otorgar derechos de pesca a los buques de la UE fuera de la costa de Britian. <\/p>\n<p>Los acuerdos han sido descritos como un \u00abreinicio\u00bb y defendidos por el primer ministro del Reino Unido, Kier Starmer, quien se opuso al Brexit, y al l\u00edder de la UE, al presidente de la Comisi\u00f3n, Ursula von der Leyen, quien dijo: \u00abEn un momento de inestabilidad global, y cuando nuestro continente enfrenta la mayor amenaza que tiene por generaciones, nosotros en Europa nos unimos\u00bb.<\/p>\n<p><strong>Trump est\u00e1 comprometido con una tarifa de referencia del 10%, dice la Casa Blanca, a pesar del anuncio del acuerdo comercial del Reino Unido<\/strong><\/p>\n<div class=\"image-ct inline\">\n<div class=\"m\"><picture><source media=\"(max-width: 767px)\" srcset=\"https:\/\/a57.foxnews.com\/static.foxnews.com\/foxnews.com\/content\/uploads\/2025\/05\/343\/192\/uk-eu-summit-von-der-leyen-starmer-costa.jpg?ve=1&amp;tl=1, https:\/\/a57.foxnews.com\/static.foxnews.com\/foxnews.com\/content\/uploads\/2025\/05\/686\/384\/uk-eu-summit-von-der-leyen-starmer-costa.jpg?ve=1&amp;tl=1 2x\" height=\"192\" width=\"343\"><source media=\"(min-width: 768px) and (max-width: 1023px)\" srcset=\"https:\/\/a57.foxnews.com\/static.foxnews.com\/foxnews.com\/content\/uploads\/2025\/05\/672\/378\/uk-eu-summit-von-der-leyen-starmer-costa.jpg?ve=1&amp;tl=1, https:\/\/a57.foxnews.com\/static.foxnews.com\/foxnews.com\/content\/uploads\/2025\/05\/1344\/756\/uk-eu-summit-von-der-leyen-starmer-costa.jpg?ve=1&amp;tl=1 2x\" height=\"378\" width=\"672\"><source media=\"(min-width: 1024px) and (max-width: 1279px)\" srcset=\"https:\/\/a57.foxnews.com\/static.foxnews.com\/foxnews.com\/content\/uploads\/2025\/05\/931\/523\/uk-eu-summit-von-der-leyen-starmer-costa.jpg?ve=1&amp;tl=1, https:\/\/a57.foxnews.com\/static.foxnews.com\/foxnews.com\/content\/uploads\/2025\/05\/1862\/1046\/uk-eu-summit-von-der-leyen-starmer-costa.jpg?ve=1&amp;tl=1 2x\" height=\"523\" width=\"931\"><source media=\"(min-width: 1280px)\" srcset=\"https:\/\/a57.foxnews.com\/static.foxnews.com\/foxnews.com\/content\/uploads\/2025\/05\/720\/405\/uk-eu-summit-von-der-leyen-starmer-costa.jpg?ve=1&amp;tl=1, https:\/\/a57.foxnews.com\/static.foxnews.com\/foxnews.com\/content\/uploads\/2025\/05\/1440\/810\/uk-eu-summit-von-der-leyen-starmer-costa.jpg?ve=1&amp;tl=1 2x\" height=\"405\" width=\"720\"><img loading=\"lazy\" decoding=\"async\" src=\"https:\/\/a57.foxnews.com\/static.foxnews.com\/foxnews.com\/content\/uploads\/2025\/05\/1200\/675\/uk-eu-summit-von-der-leyen-starmer-costa.jpg?ve=1&amp;tl=1\" alt=\"El primer ministro del Reino Unido, Keir Starmer, se encuentra entre el presidente de la Comisi\u00f3n Europea, Ursula von der Leyen, y el presidente del Consejo Europeo, Ant\u00f3nio Costa, fuera de Lancaster House en Londres durante la Cumbre del Reino Unido y la EU 2025, con un letrero de la cumbre visible en la pared a su lado. Los tres l\u00edderes posan en una alfombra roja frente a la entrada.\" width=\"1200\" height=\"675\"\/><\/source><\/source><\/source><\/source><\/picture><\/div>\n<div class=\"info\">\n<div class=\"caption\">\n<p><span>El primer ministro de Gran Breta\u00f1a, Keir Starmer, Centro, representa una foto con el presidente de la Comisi\u00f3n Europea, Ursula von der Leyen, y el presidente del Consejo Europeo, Antonio Costa, antes de una cumbre del Reino Unido y la Uni\u00f3n Europea en Lancaster House en Londres el lunes 19 de mayo de 2025.<\/span> <span>(Henry Nicholls\/Pool Photo a trav\u00e9s de AP)<\/span><\/p>\n<\/div>\n<\/div>\n<\/div>\n<p>Mientras que el Reino Unido habl\u00f3 en las tarifas \u00abrec\u00edprocas\u00bb de la administraci\u00f3n Trump de la administraci\u00f3n Trump a principios de este mes para limitar las tarifas al 10% en hasta 100,000 exportaciones de autom\u00f3viles a los EE. UU., El principal art\u00edculo de exportaci\u00f3n del Reino Unido a los Estados Unidos, la UE no ha llegado a tal acuerdo con Washington y enfrenta un 20% de tarifas en todas las exportaciones estadounidenses en julio. <\/p>\n<p>Mientras que los funcionarios de la UE y los Estados Unidos a\u00fan est\u00e1n trabajando para encontrar un acuerdo, los informes sugirieron el lunes que incluso la tarifa existente del 10% abofeteada a la UE en los \u00faltimos 50 d\u00edas ha dejado una marca negativa y el bloque anticipa una ca\u00edda en el crecimiento de 2025.<\/p>\n<p>Sin embargo, no solo los aranceles de Trump han empujado a los aliados occidentales a fortalecer las relaciones despu\u00e9s de su reingreso a la Casa Blanca. <\/p>\n<p><strong>Zelenskyy habla con Trump, aliados despu\u00e9s del corredor de conversaciones de paz de Rusia sin alto el fuego<\/strong><\/p>\n<div class=\"image-ct inline\">\n<div class=\"m\"><picture><source media=\"(max-width: 767px)\" srcset=\"https:\/\/a57.foxnews.com\/static.foxnews.com\/foxnews.com\/content\/uploads\/2025\/05\/343\/192\/trump-tariffs.png?ve=1&amp;tl=1, https:\/\/a57.foxnews.com\/static.foxnews.com\/foxnews.com\/content\/uploads\/2025\/05\/686\/384\/trump-tariffs.png?ve=1&amp;tl=1 2x\" height=\"192\" width=\"343\"><source media=\"(min-width: 768px) and (max-width: 1023px)\" srcset=\"https:\/\/a57.foxnews.com\/static.foxnews.com\/foxnews.com\/content\/uploads\/2025\/05\/672\/378\/trump-tariffs.png?ve=1&amp;tl=1, https:\/\/a57.foxnews.com\/static.foxnews.com\/foxnews.com\/content\/uploads\/2025\/05\/1344\/756\/trump-tariffs.png?ve=1&amp;tl=1 2x\" height=\"378\" width=\"672\"><source media=\"(min-width: 1024px) and (max-width: 1279px)\" srcset=\"https:\/\/a57.foxnews.com\/static.foxnews.com\/foxnews.com\/content\/uploads\/2025\/05\/931\/523\/trump-tariffs.png?ve=1&amp;tl=1, https:\/\/a57.foxnews.com\/static.foxnews.com\/foxnews.com\/content\/uploads\/2025\/05\/1862\/1046\/trump-tariffs.png?ve=1&amp;tl=1 2x\" height=\"523\" width=\"931\"><source media=\"(min-width: 1280px)\" srcset=\"https:\/\/a57.foxnews.com\/static.foxnews.com\/foxnews.com\/content\/uploads\/2025\/05\/720\/405\/trump-tariffs.png?ve=1&amp;tl=1, https:\/\/a57.foxnews.com\/static.foxnews.com\/foxnews.com\/content\/uploads\/2025\/05\/1440\/810\/trump-tariffs.png?ve=1&amp;tl=1 2x\" height=\"405\" width=\"720\"><img loading=\"lazy\" decoding=\"async\" src=\"https:\/\/a57.foxnews.com\/static.foxnews.com\/foxnews.com\/content\/uploads\/2025\/05\/1200\/675\/trump-tariffs.png?ve=1&amp;tl=1\" alt=\"Tarifas de Trump\" width=\"1200\" height=\"675\"\/><\/source><\/source><\/source><\/source><\/picture><\/div>\n<div class=\"info\">\n<div class=\"caption\">\n<p><span>Un gr\u00e1fico de Fox News que representa c\u00f3mo los pa\u00edses han respondido a los aranceles del presidente Donald Trump.<\/span> <span>(Fox News \/ Mandel y \/ AFP<\/span><\/p>\n<\/div>\n<\/div>\n<\/div>\n<p>El impulso de l\u00ednea dura de Trump para un mayor gasto de defensa de la OTAN, junto con su fuerte descanso de la administraci\u00f3n Biden en Aid de Ucrania, dejaron a los aliados europeos luchando despu\u00e9s de su inauguraci\u00f3n.<\/p>\n<p>Si bien la administraci\u00f3n Trump aparentemente ha mejorado los lazos con el presidente ucraniano Volodymyr Zelenskyy, la negativa de Trump a condenar directamente al presidente ruso Vladimir Putin ha resultado en m\u00e1s fuertes lazos entre las naciones principales como el Reino Unido, Francia y Alemania, as\u00ed como dentro del bloque de la UE.<\/p>\n<p>En el coraz\u00f3n del nuevo acuerdo de defensa est\u00e1 la capacidad del Reino Unido para acceder a un programa de pr\u00e9stamos de defensa de la UE por valor de aproximadamente $ 170 mil millones, ampliando oportunidades de adquisici\u00f3n de defensa conjunta. <\/p>\n<div class=\"image-ct inline\">\n<div class=\"m\"><picture><source media=\"(max-width: 767px)\" srcset=\"https:\/\/a57.foxnews.com\/static.foxnews.com\/foxnews.com\/content\/uploads\/2025\/05\/343\/192\/world-leaders-ukraine.jpg?ve=1&amp;tl=1, https:\/\/a57.foxnews.com\/static.foxnews.com\/foxnews.com\/content\/uploads\/2025\/05\/686\/384\/world-leaders-ukraine.jpg?ve=1&amp;tl=1 2x\" height=\"192\" width=\"343\"><source media=\"(min-width: 768px) and (max-width: 1023px)\" srcset=\"https:\/\/a57.foxnews.com\/static.foxnews.com\/foxnews.com\/content\/uploads\/2025\/05\/672\/378\/world-leaders-ukraine.jpg?ve=1&amp;tl=1, https:\/\/a57.foxnews.com\/static.foxnews.com\/foxnews.com\/content\/uploads\/2025\/05\/1344\/756\/world-leaders-ukraine.jpg?ve=1&amp;tl=1 2x\" height=\"378\" width=\"672\"><source media=\"(min-width: 1024px) and (max-width: 1279px)\" srcset=\"https:\/\/a57.foxnews.com\/static.foxnews.com\/foxnews.com\/content\/uploads\/2025\/05\/931\/523\/world-leaders-ukraine.jpg?ve=1&amp;tl=1, https:\/\/a57.foxnews.com\/static.foxnews.com\/foxnews.com\/content\/uploads\/2025\/05\/1862\/1046\/world-leaders-ukraine.jpg?ve=1&amp;tl=1 2x\" height=\"523\" width=\"931\"><source media=\"(min-width: 1280px)\" srcset=\"https:\/\/a57.foxnews.com\/static.foxnews.com\/foxnews.com\/content\/uploads\/2025\/05\/720\/405\/world-leaders-ukraine.jpg?ve=1&amp;tl=1, https:\/\/a57.foxnews.com\/static.foxnews.com\/foxnews.com\/content\/uploads\/2025\/05\/1440\/810\/world-leaders-ukraine.jpg?ve=1&amp;tl=1 2x\" height=\"405\" width=\"720\"><img loading=\"lazy\" decoding=\"async\" src=\"https:\/\/a57.foxnews.com\/static.foxnews.com\/foxnews.com\/content\/uploads\/2025\/05\/1200\/675\/world-leaders-ukraine.jpg?ve=1&amp;tl=1\" alt=\"Volodymyr Zelenskyy y los l\u00edderes europeos caminan en la Plaza de la Independencia en Ucrania\" width=\"1200\" height=\"675\"\/><\/source><\/source><\/source><\/source><\/picture><\/div>\n<div class=\"info\">\n<div class=\"caption\">\n<p><span>De izquierda a derecha, el primer ministro polaco Donald Tusk, el presidente ucraniano Volodymyr Zelenskyy, el primer ministro del Reino Unido, Keir Starmer, el presidente franc\u00e9s Emmanuel Macron y el canciller alem\u00e1n Friedrich Merz llegan a las flores en el monumento conmemorativo de los soldados ucranianos ca\u00eddos en la Plaza Independencia de la Independencia en Kyiv, UKRaine, el s\u00e1bado, el s\u00e1bado, 2025. Ukrina, la Primera D\u00eda Olena, la primera dama, la primera dama, la c\u00e1rcel, se ve a la derecha. <\/span> <span>(Photo AP\/Evgeniy Maloletka)<\/span><\/p>\n<\/div>\n<\/div>\n<\/div>\n<p><strong>Haga clic aqu\u00ed para obtener la aplicaci\u00f3n Fox News<\/strong><\/p>\n<p>\u00abGran Breta\u00f1a est\u00e1 de vuelta en el escenario mundial\u00bb, dijo Starmer. \u00abEste acuerdo es un beneficio mutuo\u00bb.<\/p>\n<p>Los conservadores de extrema derecha en el Reino Unido como Nigel Farage, un ardiente defensor del Brexit, han condenado el acuerdo recientemente anunciado. <\/p>\n<p>La Casa Blanca no respondi\u00f3 de inmediato a las preguntas de Fox News Digital. <\/p>\n<p><i>Reuters contribuy\u00f3 a este informe. <\/i><\/p>\n<p> <!----> <\/p>\n<div class=\"article-meta\">\n<div class=\"author-bio\">\n<p>Caitlin McFall es reportero de Fox News Digital Cubting Politics, US y World News.<\/p>\n<\/div>\n<\/div>\n<\/div>\n\n","protected":false},"excerpt":{"rendered":"<p>Casi una d\u00e9cada despu\u00e9s del Reino Unido (Reino Unido) vot\u00f3 para abandonar la Uni\u00f3n Europea (UE) bajo el Brexit y en medio de las relaciones cambiantes con los Estados Unidos bajo el presidente Donald Trump, Gran Breta\u00f1a y la UE reforzaron significativamente su asociaci\u00f3n comercial y de defensa el lunes. En lo que es el &hellip;<\/p>\n","protected":false},"author":1,"featured_media":27966,"comment_status":"open","ping_status":"open","sticky":false,"template":"","format":"standard","meta":{"fifu_image_url":"https:\/\/static.foxnews.com\/foxnews.com\/content\/uploads\/2025\/05\/keir-trump.jpg","fifu_image_alt":"","footnotes":""},"categories":[13],"tags":[],"class_list":["post-27964","post","type-post","status-publish","format-standard","has-post-thumbnail","","category-mundo"],"_links":{"self":[{"href":"https:\/\/noticiasveraces.com\/index.php?rest_route=\/wp\/v2\/posts\/27964","targetHints":{"allow":["GET"]}}],"collection":[{"href":"https:\/\/noticiasveraces.com\/index.php?rest_route=\/wp\/v2\/posts"}],"about":[{"href":"https:\/\/noticiasveraces.com\/index.php?rest_route=\/wp\/v2\/types\/post"}],"author":[{"embeddable":true,"href":"https:\/\/noticiasveraces.com\/index.php?rest_route=\/wp\/v2\/users\/1"}],"replies":[{"embeddable":true,"href":"https:\/\/noticiasveraces.com\/index.php?rest_route=%2Fwp%2Fv2%2Fcomments&post=27964"}],"version-history":[{"count":0,"href":"https:\/\/noticiasveraces.com\/index.php?rest_route=\/wp\/v2\/posts\/27964\/revisions"}],"wp:featuredmedia":[{"embeddable":true,"href":"https:\/\/noticiasveraces.com\/index.php?rest_route=\/wp\/v2\/media\/27966"}],"wp:attachment":[{"href":"https:\/\/noticiasveraces.com\/index.php?rest_route=%2Fwp%2Fv2%2Fmedia&parent=27964"}],"wp:term":[{"taxonomy":"category","embeddable":true,"href":"https:\/\/noticiasveraces.com\/index.php?rest_route=%2Fwp%2Fv2%2Fcategories&post=27964"},{"taxonomy":"post_tag","embeddable":true,"href":"https:\/\/noticiasveraces.com\/index.php?rest_route=%2Fwp%2Fv2%2Ftags&post=27964"}],"curies":[{"name":"wp","href":"https:\/\/api.w.org\/{rel}","templated":true}]}}